{"id":30068,"date":"2022-02-14T11:29:43","date_gmt":"2022-02-14T14:29:43","guid":{"rendered":"https:\/\/atecordoba.org\/?p=30068"},"modified":"2022-02-14T12:05:53","modified_gmt":"2022-02-14T15:05:53","slug":"con-reclamo-de-fuerte-subida-salarial-comienzan-manana-las-asambleas-hospitalarias","status":"publish","type":"post","link":"https:\/\/atecordoba.org\/?p=30068","title":{"rendered":"Con reclamo de fuerte subida salarial comienzan ma\u00f1ana las asambleas hospitalarias"},"content":{"rendered":"\n<div class=\"wp-block-image\"><figure class=\"aligncenter size-large is-resized\"><img loading=\"lazy\" decoding=\"async\" src=\"https:\/\/atecordoba.org\/wp-content\/uploads\/2022\/02\/12_08_Movilizacion_Paro_Salud_5-1024x576.jpg\" alt=\"\" class=\"wp-image-30069\" width=\"768\" height=\"432\" \/><\/figure><\/div>\n\n\n\n<p>Despu\u00e9s de <a href=\"https:\/\/atecordoba.org\/?p=30049\">reclamar el viernes pasado a Schiaretti la convocatoria a la discusi\u00f3n paritaria<\/a>, ATE lanza ma\u00f1ana asambleas en todo el sector salud, con el fin de comenzar a movilizar a las y los compa\u00f1eros y abrir el debate sobre la necesidad de una fuerte recomposici\u00f3n salarial.<\/p>\n\n\n\n<p>Algunos hospital ya comenzaron a convocar a las y los compa\u00f1eros la semana pasada, <a href=\"https:\/\/atecordoba.org\/?p=30044\">como fue el caso del Misericordia<\/a>.<\/p>\n\n\n\n<p>ATE reclam\u00f3 en enero el adelanto del \u00faltimo tramo de la paritaria 2021 y est\u00e1 planteando para este a\u00f1o un aumento del 60% al salario b\u00e1sico, adem\u00e1s de conservar los bonos extraordinarios que se est\u00e1n pagando como suplemento por el trabajo durante la pandemia. <\/p>\n\n\n\n<p>La agenda de reclamos<a href=\"https:\/\/atecordoba.org\/?p=29929\"> definida en un plenario provincial<\/a> incluye puntos como:<\/p>\n\n\n\n<ul class=\"wp-block-list\"><li>apertura de paritarias y convocatoria a nuestro gremio<\/li><li>pase a planta permanente de todas\/os los empleados provinciales<\/li><li>por mejores condiciones de trabajo<\/li><li>por 82% m\u00f3vil para todos los jubilados y derogaci\u00f3n de la ley 10694 provincial<\/li><\/ul>\n\n\n\n<p>En declaraciones a la prensa, el secretario General de ATE C\u00f3rdoba, <a href=\"https:\/\/atecordoba.org\/?p=30002\">Federico Giuliani, afirm\u00f3<\/a> que \u201cen esta paritaria no solo debe estar el SEP, gremio mimado por el gobierno provincial, sino tambi\u00e9n tiene que estar ATE porque no solo tiene legitimidad en el reclamo y en la representatividad de los trabajadores provinciales, sino tambi\u00e9n legalidad porque tenemos 97 a\u00f1os de historia y la personer\u00eda gremial N\u00b02, la m\u00e1s antigua de Argentina\u201d, reafirm\u00f3 Giuliani.<\/p>\n\n\n\n<p>En tal sentido, el dirigente acuso al gobierno cordob\u00e9s de &#8220;no respetar las leyes. Schiaretti no acepta la democracia sindical, sobre todo en el \u00e1mbito de lo p\u00fablico, ni el conjunto de leyes que regulan la actividad sindical y la propia Constituci\u00f3n nacional por la forma de gobernar que tiene el cordobesismo en estos 20 a\u00f1os. Para ellos es m\u00e1s f\u00e1cil sentarse con el sindicato que a todo le dice que si, que firma paritarias a las bajas y que no hace asambleas&#8221;.<\/p>\n\n\n\n<p>Y concluy\u00f3 apuntado que &#8220;hoy la mayor\u00eda de los trabajadores y trabajadoras de la salud de los hospitales p\u00fablicos no superan la l\u00ednea de la pobreza, est\u00e1n en su mayor\u00eda precarizados, con sobrecarga laboral y pluriempleo para llegar a fin de mes. Las condiciones de trabajo son lamentables, inauguran grandes hospitales tipo shopping, pero adentro son carcasas porque no hay insumos ni trabajadores, ni instrumentos y aparatolog\u00eda para poder funcionar. Si hay cemento, y es parte del presupuesto que dice Schiaretti, pero para mejorar la calidad de vida de los trabajadores falta mucho&#8221;.<\/p>\n\n\n\n<p>Adjuntamos el parte de prensa emitido hoy.<\/p>\n\n\n<a href=\"https:\/\/atecordoba.org\/wp-content\/uploads\/2022\/02\/14-02-22-Asambleas-ATE-Salud-Provincial.pdf\" class=\"pdfemb-viewer\" style=\"\" data-width=\"max\" data-height=\"max\" data-toolbar=\"bottom\" data-toolbar-fixed=\"off\">14-02-22-Asambleas-ATE-Salud-Provincial<\/a>\n<p class=\"wp-block-pdfemb-pdf-embedder-viewer\"><\/p>\n","protected":false},"excerpt":{"rendered":"<p>Despu\u00e9s de reclamar el viernes pasado a Schiaretti la convocatoria a la discusi\u00f3n paritaria, ATE lanza ma\u00f1ana asambleas en todo el sector salud, con el fin de comenzar a movilizar a las y los compa\u00f1eros y abrir el debate sobre la necesidad de una fuerte recomposici\u00f3n salarial. Algunos hospital ya comenzaron a convocar a las [&hellip;]<\/p>\n","protected":false},"author":7,"featured_media":30069,"comment_status":"open","ping_status":"open","sticky":false,"template":"","format":"standard","meta":{"_exactmetrics_skip_tracking":false,"_exactmetrics_sitenote_active":false,"_exactmetrics_sitenote_note":"","_exactmetrics_sitenote_category":0,"jnews-multi-image_gallery":[],"jnews_single_post":{"subtitle":"La agenda de reclamos est\u00e1 encabezada por el pedido de un aumento del 60% y conservaci\u00f3n de los bonos Covid, pase a planta permanente, mejoras en la condiciones de trabajo y 82% para los jubilados, junto con la derogaci\u00f3n de la ley 10694 que difiere el pago de los aumentos de sueldo ","format":"standard","video":"","gallery":"","source_name":"","source_url":"","via_name":"","via_url":"","override":[{"template":"1","single_blog_custom":"","parallax":"1","fullscreen":"1","layout":"right-sidebar","sidebar":"default-sidebar","second_sidebar":"default-sidebar","sticky_sidebar":"1","share_position":"top","share_float_style":"share-monocrhome","show_share_counter":"1","show_view_counter":"1","show_featured":"1","show_post_meta":"1","show_post_author":"1","show_post_author_image":"1","show_post_date":"1","post_date_format":"default","post_date_format_custom":"Y\/m\/d","show_post_category":"1","post_reading_time_wpm":"300","zoom_button_out_step":"2","zoom_button_in_step":"3","show_post_tag":"1","show_prev_next_post":"1","show_popup_post":"1","number_popup_post":"1"}],"image_override":[{"single_post_thumbnail_size":"crop-500","single_post_gallery_size":"crop-500"}],"trending_post_position":"meta","trending_post_label":"Trending","sponsored_post_label":"Sponsored by","sponsored_post_name":"","sponsored_post_url":"","sponsored_post_logo":"","sponsored_post_desc":""},"jnews_primary_category":{"id":""},"jnews_social_meta":[],"jnews_review":[],"enable_review":"","type":"","name":"","summary":"","brand":"","sku":"","good":[],"bad":[],"score_override":"","override_value":"","rating":[],"price":[],"jnews_override_counter":[],"jnews_post_split":[],"footnotes":""},"categories":[8],"tags":[],"class_list":["post-30068","post","type-post","status-publish","format-standard","has-post-thumbnail","hentry","category-provinciales"],"jetpack_featured_media_url":"https:\/\/atecordoba.org\/wp-content\/uploads\/2022\/02\/12_08_Movilizacion_Paro_Salud_5-e1644848975438.jpg","_links":{"self":[{"href":"https:\/\/atecordoba.org\/index.php?rest_route=\/wp\/v2\/posts\/30068","targetHints":{"allow":["GET"]}}],"collection":[{"href":"https:\/\/atecordoba.org\/index.php?rest_route=\/wp\/v2\/posts"}],"about":[{"href":"https:\/\/atecordoba.org\/index.php?rest_route=\/wp\/v2\/types\/post"}],"author":[{"embeddable":true,"href":"https:\/\/atecordoba.org\/index.php?rest_route=\/wp\/v2\/users\/7"}],"replies":[{"embeddable":true,"href":"https:\/\/atecordoba.org\/index.php?rest_route=%2Fwp%2Fv2%2Fcomments&post=30068"}],"version-history":[{"count":2,"href":"https:\/\/atecordoba.org\/index.php?rest_route=\/wp\/v2\/posts\/30068\/revisions"}],"predecessor-version":[{"id":30081,"href":"https:\/\/atecordoba.org\/index.php?rest_route=\/wp\/v2\/posts\/30068\/revisions\/30081"}],"wp:featuredmedia":[{"embeddable":true,"href":"https:\/\/atecordoba.org\/index.php?rest_route=\/wp\/v2\/media\/30069"}],"wp:attachment":[{"href":"https:\/\/atecordoba.org\/index.php?rest_route=%2Fwp%2Fv2%2Fmedia&parent=30068"}],"wp:term":[{"taxonomy":"category","embeddable":true,"href":"https:\/\/atecordoba.org\/index.php?rest_route=%2Fwp%2Fv2%2Fcategories&post=30068"},{"taxonomy":"post_tag","embeddable":true,"href":"https:\/\/atecordoba.org\/index.php?rest_route=%2Fwp%2Fv2%2Ftags&post=30068"}],"curies":[{"name":"wp","href":"https:\/\/api.w.org\/{rel}","templated":true}]}}