{"id":30061,"date":"2022-02-14T10:47:17","date_gmt":"2022-02-14T13:47:17","guid":{"rendered":"https:\/\/atecordoba.org\/?p=30061"},"modified":"2022-02-14T10:51:23","modified_gmt":"2022-02-14T13:51:23","slug":"historia-de-una-reincorporacion-en-la-cnrt-quedarse-en-la-calle-no-se-lo-deseo-a-nadie","status":"publish","type":"post","link":"https:\/\/atecordoba.org\/?p=30061","title":{"rendered":"Historia de una reincorporaci\u00f3n en la CNRT: &#8220;quedarse en la calle no se lo deseo a nadie&#8221;"},"content":{"rendered":"\n<div class=\"wp-block-image\"><figure class=\"alignleft size-large is-resized\"><img loading=\"lazy\" decoding=\"async\" src=\"https:\/\/atecordoba.org\/wp-content\/uploads\/2022\/02\/WhatsApp-Image-2022-02-10-at-14.57.20-576x1024.jpeg\" alt=\"\" class=\"wp-image-30062\" width=\"432\" height=\"768\" \/><\/figure><\/div>\n\n\n\n<p>Carina Alvarez usa un tono pausado y firme cuando cuenta su historia, con una moderaci\u00f3n propia de quienes saben usar su voz (estudi\u00f3 periodismo y locuci\u00f3n) la compa\u00f1era tiene aun presente, desde la oficina de la Delegaci\u00f3n C\u00f3rdoba de la Comisi\u00f3n Nacional de Regulaci\u00f3n del Transporte (CNRT), el duro camino de resultar despedida en el marco de la franca persecuci\u00f3n que el gobierno de Mauricio Macri impuso sobre el destino de las y los estatales. <\/p>\n\n\n\n<p>Hoy, con aquellas \u00e9pocas de dolor e incertidumbre ya atr\u00e1s, Carina no puede evitar un dejo de angustia cuando le pone palabras a lo que sufri\u00f3 con el despido que le comunicaron en octubre de 2017, teniendo que abandonar su cargo de administrativa en la CNRT.<\/p>\n\n\n\n<p>&#8220;Como administrativa, hac\u00eda carga de los controles de los fiscalizadores y atenci\u00f3n a discapacidad. Eso era lo m\u00e1s complicado entonces porque mucha gente viajaba y las empresas no otorgaban los pasajes y nosotros hac\u00edamos ese tr\u00e1mite. Trabajaba de 9 a 16 y, junto a dos compa\u00f1eros m\u00e1s, hac\u00edamos los tr\u00e1mites que se encargaban desde Buenos Aires. Cuando me echaron todos los administrativos la dependencia qued\u00f3 sin gesti\u00f3n  para esas situaciones, o lo que conlleva un viaje de menores que no pueden hacer los fiscalizadores&#8221;, explica \u00c1lvarez.<\/p>\n\n\n\n<p>Carina recuper\u00f3 su trabajo el a\u00f1o pasado, gracias a la acci\u00f3n de ATE, que se involucr\u00f3 para juntar a todos los trabajadores y trabajadoras del organismo que hab\u00eda sido despedidos, para iniciar el reclamo de reincorporaci\u00f3n, que poco a poco se va concretando en distintas dependencias, aunque no en todas con el mismo ritmo. La CNRT es uno de los sectores donde la gesti\u00f3n sindical fue m\u00e1s efectiva para recuperar los puestos de trabajo. <\/p>\n\n\n\n<p><strong>Primeros hostigamientos y despido<\/strong><\/p>\n\n\n\n<p>&#8220;Los primeros hostigamientos comenzaron con cambios de horarios, ordenados por el funcionario macrista, del sector radical que comanda Mario Negri&#8221;, relata \u00c1lvarez. <\/p>\n\n\n\n<p>Y prosigue. &#8220;Pero un d\u00eda nos mand\u00f3 un mensaje de WhatsApp inform\u00e1ndonos el despido, as\u00ed sin pre\u00e1mbulo. Fue una situaci\u00f3n terrible&#8230; (hace una pausa) y cuando lo consult\u00e9 despu\u00e9s de unos d\u00edas, me respondi\u00f3 que era una cuesti\u00f3n pol\u00edtica, fue claro y liso, no por cuestiones laborales&#8221;. <\/p>\n\n\n\n<p>Carina tiene un hijo y siempre fue sost\u00e9n de familia. &#8220;Cada vez que lo recuerdo me duele porque con 40 a\u00f1os est\u00e1s fuera del mercado laboral. Fue muy duro, no sab\u00eda qu\u00e9 hacer. Adem\u00e1s, mi hijo tambi\u00e9n se qued\u00f3 sin trabajo teniendo una hija. As\u00ed que hab\u00eda que cumplir con los impuestos y los gastos mensuales, m\u00e1s ayudar a mi hijo con el mantenimiento de mi nieta. Fue una etapa triste y dura que no se la deseo a nadie, y menos cuando te cr\u00edan con el principio que el trabajo es una prioridad, que no se tiene que dejar y es el sost\u00e9n para lo dem\u00e1s&#8221;, rememora.<\/p>\n\n\n\n<p><strong>Aguantar el chubasco y la recuperaci\u00f3n <\/strong><\/p>\n\n\n\n<p>\u00c1lvarez comenz\u00f3 a superar el golpe trabajando en la pyme de una amiga, que ofreci\u00f3 ayudarla &#8220;obviamente como monotrobutista. A la empresa que le fue mal en la \u00e9poca de Macri y tuvo que despedir a gente y me toc\u00f3 irme de all\u00ed. Fue una \u00e9poca donde gener\u00e9 deudas, de hecho, hasta tuve que vender el auto&#8221;. <\/p>\n\n\n\n<p>En ese marco, acercase al sindicato fue una forma de recuperar la esperanza. &#8220;Un d\u00eda uno de los compa\u00f1eros despedidos me convoc\u00f3 para que nos junt\u00e1ramos, porque ATE se hab\u00eda contactado. As\u00ed que nos integramos a un grupo de ATE C\u00f3rdoba, despu\u00e9s hicimos v\u00ednculo con ATE Nacional&#8221;. <\/p>\n\n\n\n<div class=\"wp-block-image\"><figure class=\"aligncenter size-large is-resized\"><img loading=\"lazy\" decoding=\"async\" src=\"https:\/\/atecordoba.org\/wp-content\/uploads\/2022\/02\/WhatsApp-Image-2022-02-10-at-14.54.56-1024x768.jpeg\" alt=\"\" class=\"wp-image-30063\" width=\"768\" height=\"576\" \/><figcaption>Alvarez junto al delegado de ATE en la CNRT Claudio Becaceci.<\/figcaption><\/figure><\/div>\n\n\n\n<p>&#8220;Nos juntamos en la casa de una de las compa\u00f1eras y nadie ten\u00eda nada para comprar, ni una pizza, y si ten\u00edas era para pagar la luz. Un compa\u00f1ero que medianamente se estaba defendiendo fue el que nos pag\u00f3 la cena. Recuerdo que empezamos haciendo carteles y videos, d\u00e1ndonos aliento entre todos. Yo al principio no cre\u00eda, despu\u00e9s si&#8221;, admite Carina. <\/p>\n\n\n\n<p>Tras la salida de Macri del gobierno, poco a poco empezaron las reincorporaciones. &#8220;Siempre estuvo el grupo de ATE guiando el proceso y dando una mano  cuando alguno de nosotros flaqueaba. yo realmente les agradezco much\u00edsimo porque volver a laburar es volver a tener dignidad. Y m\u00e1s cuando te lo quitan por una causa injusta. Es muy duro que te echen por una cuesti\u00f3n pol\u00edtica, dec\u00eds &#8216;como, no estamos en democracia y puedo votar lo que quiero&#8217;. Para m\u00ed el macrismo fue el gobierno de la venganza, fue &#8216;vengo por ustedes&#8217;. Para mi fueron todo lo peor, a m\u00ed Macri me representa todo lo peor&#8221;, resume.<\/p>\n\n\n\n<p>Ahora, Alvarez aguarda que su condici\u00f3n laboral pase &#8220;de estos contratos que tenemos pasemos a la estabilidad laboral&#8221;.<\/p>\n\n\n\n<p><strong>Mensaje<\/strong><\/p>\n\n\n\n<p>El relato de Carina concluye con una reflexi\u00f3n que cala fuerte para las y los trabajadores, sobre todo para aquellos que aun no lograron recuperar su puesto de trabajo. &#8220;Los compa\u00f1eros que est\u00e1n esperando tienen que seguirla peleando, no dejen de preguntar a los que est\u00e1n en la cabeza de esta pelea, porque no se olvidan. No hay que perder las esperanzas y trabajar duro, como siempre hicimos&#8221;.<\/p>\n\n\n\n<p><\/p>\n","protected":false},"excerpt":{"rendered":"<p>Carina Alvarez usa un tono pausado y firme cuando cuenta su historia, con una moderaci\u00f3n propia de quienes saben usar su voz (estudi\u00f3 periodismo y locuci\u00f3n) la compa\u00f1era tiene aun presente, desde la oficina de la Delegaci\u00f3n C\u00f3rdoba de la Comisi\u00f3n Nacional de Regulaci\u00f3n del Transporte (CNRT), el duro camino de resultar despedida en el [&hellip;]<\/p>\n","protected":false},"author":7,"featured_media":30063,"comment_status":"open","ping_status":"open","sticky":false,"template":"","format":"standard","meta":{"_exactmetrics_skip_tracking":false,"_exactmetrics_sitenote_active":false,"_exactmetrics_sitenote_note":"","_exactmetrics_sitenote_category":0,"jnews-multi-image_gallery":[],"jnews_single_post":{"subtitle":"La compa\u00f1era Carina Alvarez recuerda el proceso que vivi\u00f3 durante su despido y su posterior reincorporaci\u00f3n a partir de la intervenci\u00f3n de ATE ante las autoridades de la CNRT.","format":"standard","video":"","gallery":"","source_name":"","source_url":"","via_name":"","via_url":"","override":[{"template":"1","single_blog_custom":"","parallax":"1","fullscreen":"1","layout":"right-sidebar","sidebar":"default-sidebar","second_sidebar":"default-sidebar","sticky_sidebar":"1","share_position":"top","share_float_style":"share-monocrhome","show_share_counter":"1","show_view_counter":"1","show_featured":"1","show_post_meta":"1","show_post_author":"1","show_post_author_image":"1","show_post_date":"1","post_date_format":"default","post_date_format_custom":"Y\/m\/d","show_post_category":"1","post_reading_time_wpm":"300","zoom_button_out_step":"2","zoom_button_in_step":"3","show_post_tag":"1","show_prev_next_post":"1","show_popup_post":"1","number_popup_post":"1"}],"image_override":[{"single_post_thumbnail_size":"crop-500","single_post_gallery_size":"crop-500"}],"trending_post_position":"meta","trending_post_label":"Trending","sponsored_post_label":"Sponsored by","sponsored_post_name":"","sponsored_post_url":"","sponsored_post_logo":"","sponsored_post_desc":""},"jnews_primary_category":{"id":""},"jnews_social_meta":[],"jnews_review":[],"enable_review":"","type":"","name":"","summary":"","brand":"","sku":"","good":[],"bad":[],"score_override":"","override_value":"","rating":[],"price":[],"jnews_override_counter":[],"jnews_post_split":[],"footnotes":""},"categories":[152,18],"tags":[793],"class_list":["post-30061","post","type-post","status-publish","format-standard","has-post-thumbnail","hentry","category-despedidos","category-nacionales","tag-cnrt"],"jetpack_featured_media_url":"https:\/\/atecordoba.org\/wp-content\/uploads\/2022\/02\/WhatsApp-Image-2022-02-10-at-14.54.56-e1644846663936.jpeg","_links":{"self":[{"href":"https:\/\/atecordoba.org\/index.php?rest_route=\/wp\/v2\/posts\/30061","targetHints":{"allow":["GET"]}}],"collection":[{"href":"https:\/\/atecordoba.org\/index.php?rest_route=\/wp\/v2\/posts"}],"about":[{"href":"https:\/\/atecordoba.org\/index.php?rest_route=\/wp\/v2\/types\/post"}],"author":[{"embeddable":true,"href":"https:\/\/atecordoba.org\/index.php?rest_route=\/wp\/v2\/users\/7"}],"replies":[{"embeddable":true,"href":"https:\/\/atecordoba.org\/index.php?rest_route=%2Fwp%2Fv2%2Fcomments&post=30061"}],"version-history":[{"count":1,"href":"https:\/\/atecordoba.org\/index.php?rest_route=\/wp\/v2\/posts\/30061\/revisions"}],"predecessor-version":[{"id":30064,"href":"https:\/\/atecordoba.org\/index.php?rest_route=\/wp\/v2\/posts\/30061\/revisions\/30064"}],"wp:featuredmedia":[{"embeddable":true,"href":"https:\/\/atecordoba.org\/index.php?rest_route=\/wp\/v2\/media\/30063"}],"wp:attachment":[{"href":"https:\/\/atecordoba.org\/index.php?rest_route=%2Fwp%2Fv2%2Fmedia&parent=30061"}],"wp:term":[{"taxonomy":"category","embeddable":true,"href":"https:\/\/atecordoba.org\/index.php?rest_route=%2Fwp%2Fv2%2Fcategories&post=30061"},{"taxonomy":"post_tag","embeddable":true,"href":"https:\/\/atecordoba.org\/index.php?rest_route=%2Fwp%2Fv2%2Ftags&post=30061"}],"curies":[{"name":"wp","href":"https:\/\/api.w.org\/{rel}","templated":true}]}}