{"id":3006,"date":"2013-08-08T16:44:58","date_gmt":"2013-08-08T19:44:58","guid":{"rendered":"http:\/\/www.atecordoba.org\/?p=3006"},"modified":"2013-08-08T16:44:58","modified_gmt":"2013-08-08T19:44:58","slug":"10-de-agosto-dictaran-el-segundo-modulo-del-curso-sobre-historia-del-movimiento-obrero","status":"publish","type":"post","link":"https:\/\/atecordoba.org\/?p=3006","title":{"rendered":"10 de agosto: Dictar\u00e1n el segundo m\u00f3dulo del Curso sobre Historia del Movimiento Obrero"},"content":{"rendered":"<p style=\"text-align: left;\" align=\"center\"><em>El encuentro est\u00e1 dirigido a delegados\/as , militantes y afiliados\/as de nuestro gremio y otras organizaciones sociales y pol\u00edticas.<\/em><\/p>\n<p style=\"text-align: center;\" align=\"center\"><a href=\"http:\/\/www.atecordoba.org\/wp-content\/uploads\/2013\/08\/web.jpg\"><img loading=\"lazy\" decoding=\"async\" class=\" wp-image-3007 aligncenter\" title=\"web\" src=\"http:\/\/www.atecordoba.org\/wp-content\/uploads\/2013\/08\/web.jpg\" alt=\"\" width=\"640\" height=\"480\" \/><\/a><\/p>\n<p align=\"right\">\u201cLuchar, fracasar, volver a luchar, fracasar,<\/p>\n<p align=\"right\">volver a luchar hasta el triunfo final:<\/p>\n<p align=\"right\">\u00c9sta es la historia de la clase obrera\u201d<\/p>\n<p align=\"right\">(SITRAC-SITRAM)<\/p>\n<p>&nbsp;<\/p>\n<p style=\"text-align: left;\" align=\"center\">El s\u00e1bado\u00a0 10 de agosto \u00a0se realizar\u00e1 el 2\u00ba\u00a0 m\u00f3dulo del \u00a0curso- seminario Historia del Movimiento Obrero organizado por la Secretar\u00eda de Formaci\u00f3n del CDP de ATE C\u00f3rdoba.<\/p>\n<p style=\"text-align: left;\" align=\"center\">Conocer nuestra historia\u00a0 es parte de una lucha que debemos afrontar como clase trabajadora, \u201c<em>Si la historia la escriben los que ganan<\/em> <em>eso quiere decir que hay otra historia\u201d. <\/em>Una historia que es nuestra <em>\u00a0<\/em>y que debemos escribir y contar \u00a0entre todos y todas.<\/p>\n<p style=\"text-align: left;\" align=\"center\">En este taller abordaremos or\u00edgenes del movimiento obrero y estar\u00e1 a cargo de Pablo Pozzi y Mariana Mastr\u00e1ngelo.<\/p>\n<p style=\"text-align: left;\" align=\"center\"><strong>La cita es el S\u00e1bado 10 de Agosto desde las 9:30 hs hasta las 12:30, en el local \u00a0de ATE Paran\u00e1 140 <\/strong><\/p>\n<p style=\"text-align: left;\" align=\"center\">\n<p style=\"text-align: left;\" align=\"center\">\n<p style=\"text-align: left;\" align=\"center\">Informes e inscripciones: Cintia Conesta 155640618\u00a0\u00a0 <a href=\"mailto:cinconesta@hotmail.com\">cinconesta@hotmail.com<\/a><\/p>\n<p style=\"text-align: left;\" align=\"center\">\u00a0\u00a0\u00a0\u00a0\u00a0\u00a0\u00a0\u00a0\u00a0\u00a0\u00a0\u00a0\u00a0\u00a0\u00a0\u00a0\u00a0\u00a0\u00a0\u00a0\u00a0\u00a0\u00a0\u00a0\u00a0\u00a0\u00a0\u00a0\u00a0\u00a0\u00a0\u00a0\u00a0\u00a0\u00a0\u00a0\u00a0\u00a0\u00a0\u00a0\u00a0\u00a0\u00a0\u00a0\u00a0\u00a0\u00a0\u00a0\u00a0\u00a0\u00a0\u00a0\u00a0\u00a0 Gustavo Peyroti 153871664 <a href=\"mailto:gpeyroti@atecordoba.org.ar\">gpeyroti@atecordoba.org.ar<\/a><\/p>\n<p style=\"text-align: center;\" align=\"center\"><a href=\"http:\/\/www.atecordoba.org\/wp-content\/uploads\/2013\/08\/curso-de-formacion-historia-del-mov-obrero-modulo-II.jpg\"><img loading=\"lazy\" decoding=\"async\" class=\" wp-image-3009 aligncenter\" title=\"curso de formacion - historia del mov obrero- modulo II\" src=\"http:\/\/www.atecordoba.org\/wp-content\/uploads\/2013\/08\/curso-de-formacion-historia-del-mov-obrero-modulo-II.jpg\" alt=\"\" width=\"526\" height=\"744\" \/><\/a><\/p>\n","protected":false},"excerpt":{"rendered":"<p>El encuentro est\u00e1 dirigido a delegados\/as , militantes y afiliados\/as de nuestro gremio y otras organizaciones sociales y pol\u00edticas. \u201cLuchar, fracasar, volver a luchar, fracasar, volver a luchar hasta el triunfo final: \u00c9sta es la historia de la clase obrera\u201d (SITRAC-SITRAM) &nbsp; El s\u00e1bado\u00a0 10 de agosto \u00a0se realizar\u00e1 el 2\u00ba\u00a0 m\u00f3dulo del \u00a0curso- seminario [&hellip;]<\/p>\n","protected":false},"author":1,"featured_media":19220,"comment_status":"open","ping_status":"open","sticky":false,"template":"","format":"standard","meta":{"_exactmetrics_skip_tracking":false,"_exactmetrics_sitenote_active":false,"_exactmetrics_sitenote_note":"","_exactmetrics_sitenote_category":0,"jnews-multi-image_gallery":[],"jnews_single_post":[],"jnews_primary_category":[],"jnews_social_meta":[],"jnews_review":[],"enable_review":"","type":"","name":"","summary":"","brand":"","sku":"","good":[],"bad":[],"score_override":"","override_value":"","rating":[],"price":[],"jnews_override_counter":[],"jnews_post_split":[],"footnotes":""},"categories":[88],"tags":[],"class_list":["post-3006","post","type-post","status-publish","format-standard","has-post-thumbnail","hentry","category-formacion"],"jetpack_featured_media_url":"https:\/\/atecordoba.org\/wp-content\/uploads\/2020\/05\/logo-nuevochico-e1561581322808.png","_links":{"self":[{"href":"https:\/\/atecordoba.org\/index.php?rest_route=\/wp\/v2\/posts\/3006","targetHints":{"allow":["GET"]}}],"collection":[{"href":"https:\/\/atecordoba.org\/index.php?rest_route=\/wp\/v2\/posts"}],"about":[{"href":"https:\/\/atecordoba.org\/index.php?rest_route=\/wp\/v2\/types\/post"}],"author":[{"embeddable":true,"href":"https:\/\/atecordoba.org\/index.php?rest_route=\/wp\/v2\/users\/1"}],"replies":[{"embeddable":true,"href":"https:\/\/atecordoba.org\/index.php?rest_route=%2Fwp%2Fv2%2Fcomments&post=3006"}],"version-history":[{"count":0,"href":"https:\/\/atecordoba.org\/index.php?rest_route=\/wp\/v2\/posts\/3006\/revisions"}],"wp:featuredmedia":[{"embeddable":true,"href":"https:\/\/atecordoba.org\/index.php?rest_route=\/wp\/v2\/media\/19220"}],"wp:attachment":[{"href":"https:\/\/atecordoba.org\/index.php?rest_route=%2Fwp%2Fv2%2Fmedia&parent=3006"}],"wp:term":[{"taxonomy":"category","embeddable":true,"href":"https:\/\/atecordoba.org\/index.php?rest_route=%2Fwp%2Fv2%2Fcategories&post=3006"},{"taxonomy":"post_tag","embeddable":true,"href":"https:\/\/atecordoba.org\/index.php?rest_route=%2Fwp%2Fv2%2Ftags&post=3006"}],"curies":[{"name":"wp","href":"https:\/\/api.w.org\/{rel}","templated":true}]}}