{"id":30055,"date":"2022-02-11T15:18:00","date_gmt":"2022-02-11T18:18:00","guid":{"rendered":"https:\/\/atecordoba.org\/?p=30055"},"modified":"2022-02-11T15:21:25","modified_gmt":"2022-02-11T18:21:25","slug":"acuerdo-salarial-en-dioxitek","status":"publish","type":"post","link":"https:\/\/atecordoba.org\/?p=30055","title":{"rendered":"Acuerdo salarial en Dioxitek"},"content":{"rendered":"\n<div class=\"wp-block-image\"><figure class=\"aligncenter size-large\"><img decoding=\"async\" src=\"https:\/\/atecordoba.org\/wp-content\/uploads\/2022\/02\/dioxitek.jpg\" alt=\"\" class=\"wp-image-30056\" \/><figcaption>(Archivo)<\/figcaption><\/figure><\/div>\n\n\n\n<p>En una reuni\u00f3n paritaria realizada hoy entre las entidades gremiales con actuaci\u00f3n dentro de la f\u00e1brica estatal Dioxitek y los representantes de la firma, se lleg\u00f3 a un acuerdo de recomposici\u00f3n salarial del 15% para el personal, m\u00e1s dos bonos de 20 mil pesos cada uno a pagarse en los meses de marzo y mayo pr\u00f3ximos<\/p>\n\n\n\n<p>De esta forma, se cierra la paritaria 2021 para las y los trabajadores, que lograron un aumento de 8% con los haberes de febrero y 7% en abril.<\/p>\n\n\n\n<p>En la oportunidad estuvieron presentes la representaci\u00f3n gremial de ATE (con la participaci\u00f3n de ATE C\u00f3rdoba y ATE Formosa), junto a UPCN, el gremio de los profesionales y el gremio de los t\u00e9cnicos. En tanto, por la patronal participaron de la reuni\u00f3n el presidente de Dioxitek, Santiago Sartori, el gerente de Recursos Humanos, Gerardo Cano, y Facundo Peralta.<\/p>\n\n\n\n<p>Pr\u00f3ximamente comenzar\u00e1n las negociaciones para abordar las paritarias 2022.<\/p>\n\n\n\n<p>Dioxitek es una f\u00e1brica que produce di\u00f3xido de uranio que alimenta el funcionamiento las plantas nucleares de Argentina.<\/p>\n","protected":false},"excerpt":{"rendered":"<p>En una reuni\u00f3n paritaria realizada hoy entre las entidades gremiales con actuaci\u00f3n dentro de la f\u00e1brica estatal Dioxitek y los representantes de la firma, se lleg\u00f3 a un acuerdo de recomposici\u00f3n salarial del 15% para el personal, m\u00e1s dos bonos de 20 mil pesos cada uno a pagarse en los meses de marzo y mayo [&hellip;]<\/p>\n","protected":false},"author":7,"featured_media":30056,"comment_status":"open","ping_status":"open","sticky":false,"template":"","format":"standard","meta":{"_exactmetrics_skip_tracking":false,"_exactmetrics_sitenote_active":false,"_exactmetrics_sitenote_note":"","_exactmetrics_sitenote_category":0,"jnews-multi-image_gallery":[],"jnews_single_post":{"subtitle":"La paritaria incluye dos aumentos salariales para febrero y abril por un total de 15%, m\u00e1s dos bonos de 20 mil pesos para los meses de marzo y mayo pr\u00f3ximos.","format":"standard","video":"","gallery":"","source_name":"","source_url":"","via_name":"","via_url":"","override":[{"template":"1","single_blog_custom":"","parallax":"1","fullscreen":"1","layout":"right-sidebar","sidebar":"default-sidebar","second_sidebar":"default-sidebar","sticky_sidebar":"1","share_position":"top","share_float_style":"share-monocrhome","show_share_counter":"1","show_view_counter":"1","show_featured":"1","show_post_meta":"1","show_post_author":"1","show_post_author_image":"1","show_post_date":"1","post_date_format":"default","post_date_format_custom":"Y\/m\/d","show_post_category":"1","post_reading_time_wpm":"300","zoom_button_out_step":"2","zoom_button_in_step":"3","show_post_tag":"1","show_prev_next_post":"1","show_popup_post":"1","number_popup_post":"1"}],"image_override":[{"single_post_thumbnail_size":"crop-500","single_post_gallery_size":"crop-500"}],"trending_post_position":"meta","trending_post_label":"Trending","sponsored_post_label":"Sponsored by","sponsored_post_name":"","sponsored_post_url":"","sponsored_post_logo":"","sponsored_post_desc":""},"jnews_primary_category":{"id":""},"jnews_social_meta":[],"jnews_review":[],"enable_review":"","type":"","name":"","summary":"","brand":"","sku":"","good":[],"bad":[],"score_override":"","override_value":"","rating":[],"price":[],"jnews_override_counter":[],"jnews_post_split":[],"footnotes":""},"categories":[18],"tags":[333],"class_list":["post-30055","post","type-post","status-publish","format-standard","has-post-thumbnail","hentry","category-nacionales","tag-dioxitek"],"jetpack_featured_media_url":"https:\/\/atecordoba.org\/wp-content\/uploads\/2022\/02\/dioxitek-e1644603468494.jpg","_links":{"self":[{"href":"https:\/\/atecordoba.org\/index.php?rest_route=\/wp\/v2\/posts\/30055","targetHints":{"allow":["GET"]}}],"collection":[{"href":"https:\/\/atecordoba.org\/index.php?rest_route=\/wp\/v2\/posts"}],"about":[{"href":"https:\/\/atecordoba.org\/index.php?rest_route=\/wp\/v2\/types\/post"}],"author":[{"embeddable":true,"href":"https:\/\/atecordoba.org\/index.php?rest_route=\/wp\/v2\/users\/7"}],"replies":[{"embeddable":true,"href":"https:\/\/atecordoba.org\/index.php?rest_route=%2Fwp%2Fv2%2Fcomments&post=30055"}],"version-history":[{"count":3,"href":"https:\/\/atecordoba.org\/index.php?rest_route=\/wp\/v2\/posts\/30055\/revisions"}],"predecessor-version":[{"id":30060,"href":"https:\/\/atecordoba.org\/index.php?rest_route=\/wp\/v2\/posts\/30055\/revisions\/30060"}],"wp:featuredmedia":[{"embeddable":true,"href":"https:\/\/atecordoba.org\/index.php?rest_route=\/wp\/v2\/media\/30056"}],"wp:attachment":[{"href":"https:\/\/atecordoba.org\/index.php?rest_route=%2Fwp%2Fv2%2Fmedia&parent=30055"}],"wp:term":[{"taxonomy":"category","embeddable":true,"href":"https:\/\/atecordoba.org\/index.php?rest_route=%2Fwp%2Fv2%2Fcategories&post=30055"},{"taxonomy":"post_tag","embeddable":true,"href":"https:\/\/atecordoba.org\/index.php?rest_route=%2Fwp%2Fv2%2Ftags&post=30055"}],"curies":[{"name":"wp","href":"https:\/\/api.w.org\/{rel}","templated":true}]}}