{"id":30049,"date":"2022-02-11T14:05:37","date_gmt":"2022-02-11T17:05:37","guid":{"rendered":"https:\/\/atecordoba.org\/?p=30049"},"modified":"2022-02-11T14:13:37","modified_gmt":"2022-02-11T17:13:37","slug":"por-carta-documento-dirigida-a-schiaretti-ate-reclamo-ser-convocada-a-la-reunion-paritaria-del-lunes-proximo","status":"publish","type":"post","link":"https:\/\/atecordoba.org\/?p=30049","title":{"rendered":"Por carta documento dirigida a Schiaretti ATE reclam\u00f3 ser convocada a la reuni\u00f3n paritaria del lunes pr\u00f3ximo"},"content":{"rendered":"<a href=\"https:\/\/atecordoba.org\/wp-content\/uploads\/2022\/02\/CD-ATE-11-2.pdf\" class=\"pdfemb-viewer\" style=\"\" data-width=\"max\" data-height=\"max\" data-toolbar=\"bottom\" data-toolbar-fixed=\"off\">CD-ATE-11-2<\/a>\n<p class=\"wp-block-pdfemb-pdf-embedder-viewer\"><\/p>\n\n\n\n<p>En una Carta Documento enviada hoy al gobernador Juan Schiaretti, el Consejo Directivo Provincial (CDP) de ATE C\u00f3rdoba reclam\u00f3 al gobierno provincial la convocatoria a nuestra entidad sindical para participar en la reuni\u00f3n paritaria, que se llevar\u00e1 a cabo el pr\u00f3ximo lunes 14 de febrero.<\/p>\n\n\n\n<p>En la misiva, ATE  intimar fehacientemente a la administraci\u00f3n cordobesa &#8220;para que <strong>proceda de car\u00e1cter urgente a convocarnos a las negociaciones paritarias a celebrarse en los d\u00edas venideros<\/strong>&#8220;.<\/p>\n\n\n\n<p>&#8220;Hemos tomado conocimiento que entre el Gobierno y otras entidades sindicales del sector p\u00fablico provincial, han acordado la celebraci\u00f3n de apertura de <strong>negociaciones paritarias a las cuales no fuimos convocados<\/strong>&#8220;, prosigue el CDP con la firma del secretario de Formaci\u00f3n, C\u00e9sar Theaux.<\/p>\n\n\n\n<p>Frente a la falta de convocatoria, ATE informa a Schiaretti que &#8220;en fecha de 14\/01\/2021, esta entidad gremial solicit\u00f3 la apertura de paritaria a los efectos de discutir y negociar los aumentos salariales correspondientes a 2022&#8221; y deja constancia que &#8220;<strong>no existe duda sobre el derecho a la negociaci\u00f3n colectiva que le asiste a ATE,<\/strong> en car\u00e1cter de  entidad sindical de primer grado, con personer\u00eda gremial y \u00e1mbito de representaci\u00f3n en el sector p\u00fablico de la provincia de C\u00f3rdoba&#8221; y cita el art\u00edculo 14\u00b0BIS de la Constituci\u00f3n Nacional, el Convenio N\u00b087 de la Organizaci\u00f3n Internacional del Trabajo (OIT) y el Convenio N\u00b0154 de la misma organizaci\u00f3n como fundamentos para el justo reclamo.<\/p>\n\n\n\n<p>La Carta Documento <strong>reitera la solicitud<\/strong> de la convocatoria con car\u00e1cter urgente<strong> &#8220;bajo apercibimiento de realizar las acciones legales y gremiales correspondientes&#8221;. <\/strong><\/p>\n","protected":false},"excerpt":{"rendered":"<p>En una Carta Documento enviada hoy al gobernador Juan Schiaretti, el Consejo Directivo Provincial (CDP) de ATE C\u00f3rdoba reclam\u00f3 al gobierno provincial la convocatoria a nuestra entidad sindical para participar en la reuni\u00f3n paritaria, que se llevar\u00e1 a cabo el pr\u00f3ximo lunes 14 de febrero. En la misiva, ATE intimar fehacientemente a la administraci\u00f3n cordobesa [&hellip;]<\/p>\n","protected":false},"author":7,"featured_media":30051,"comment_status":"open","ping_status":"open","sticky":false,"template":"","format":"standard","meta":{"_exactmetrics_skip_tracking":false,"_exactmetrics_sitenote_active":false,"_exactmetrics_sitenote_note":"","_exactmetrics_sitenote_category":0,"jnews-multi-image_gallery":[],"jnews_single_post":{"subtitle":"Si bien ATE fue el primer sindicato que solicit\u00f3 la convocatoria a paritarias no integr\u00f3 hasta el momento el llamado a sumarse  a la mesa de negociaci\u00f3n, a diferencia de otros gremios como el SEP, de di\u00e1logo habitual con el gobierno.","format":"standard","video":"","gallery":"","source_name":"","source_url":"","via_name":"","via_url":"","override":[{"template":"1","single_blog_custom":"","parallax":"1","fullscreen":"1","layout":"right-sidebar","sidebar":"default-sidebar","second_sidebar":"default-sidebar","sticky_sidebar":"1","share_position":"top","share_float_style":"share-monocrhome","show_share_counter":"1","show_view_counter":"1","show_featured":"1","show_post_meta":"1","show_post_author":"1","show_post_author_image":"1","show_post_date":"1","post_date_format":"default","post_date_format_custom":"Y\/m\/d","show_post_category":"1","post_reading_time_wpm":"300","zoom_button_out_step":"2","zoom_button_in_step":"3","show_post_tag":"1","show_prev_next_post":"1","show_popup_post":"1","number_popup_post":"1"}],"image_override":[{"single_post_thumbnail_size":"crop-500","single_post_gallery_size":"crop-500"}],"trending_post_position":"meta","trending_post_label":"Trending","sponsored_post_label":"Sponsored by","sponsored_post_name":"","sponsored_post_url":"","sponsored_post_logo":"","sponsored_post_desc":""},"jnews_primary_category":{"id":""},"jnews_social_meta":[],"jnews_review":[],"enable_review":"","type":"","name":"","summary":"","brand":"","sku":"","good":[],"bad":[],"score_override":"","override_value":"","rating":[],"price":[],"jnews_override_counter":[],"jnews_post_split":[],"footnotes":""},"categories":[8],"tags":[1013,599],"class_list":["post-30049","post","type-post","status-publish","format-standard","has-post-thumbnail","hentry","category-provinciales","tag-carta-documento","tag-paritaria"],"jetpack_featured_media_url":"https:\/\/atecordoba.org\/wp-content\/uploads\/2022\/02\/CD-ATE-11-2-scaled-e1644599077664.jpg","_links":{"self":[{"href":"https:\/\/atecordoba.org\/index.php?rest_route=\/wp\/v2\/posts\/30049","targetHints":{"allow":["GET"]}}],"collection":[{"href":"https:\/\/atecordoba.org\/index.php?rest_route=\/wp\/v2\/posts"}],"about":[{"href":"https:\/\/atecordoba.org\/index.php?rest_route=\/wp\/v2\/types\/post"}],"author":[{"embeddable":true,"href":"https:\/\/atecordoba.org\/index.php?rest_route=\/wp\/v2\/users\/7"}],"replies":[{"embeddable":true,"href":"https:\/\/atecordoba.org\/index.php?rest_route=%2Fwp%2Fv2%2Fcomments&post=30049"}],"version-history":[{"count":2,"href":"https:\/\/atecordoba.org\/index.php?rest_route=\/wp\/v2\/posts\/30049\/revisions"}],"predecessor-version":[{"id":30054,"href":"https:\/\/atecordoba.org\/index.php?rest_route=\/wp\/v2\/posts\/30049\/revisions\/30054"}],"wp:featuredmedia":[{"embeddable":true,"href":"https:\/\/atecordoba.org\/index.php?rest_route=\/wp\/v2\/media\/30051"}],"wp:attachment":[{"href":"https:\/\/atecordoba.org\/index.php?rest_route=%2Fwp%2Fv2%2Fmedia&parent=30049"}],"wp:term":[{"taxonomy":"category","embeddable":true,"href":"https:\/\/atecordoba.org\/index.php?rest_route=%2Fwp%2Fv2%2Fcategories&post=30049"},{"taxonomy":"post_tag","embeddable":true,"href":"https:\/\/atecordoba.org\/index.php?rest_route=%2Fwp%2Fv2%2Ftags&post=30049"}],"curies":[{"name":"wp","href":"https:\/\/api.w.org\/{rel}","templated":true}]}}