{"id":30047,"date":"2022-02-11T11:59:03","date_gmt":"2022-02-11T14:59:03","guid":{"rendered":"https:\/\/atecordoba.org\/?p=30047"},"modified":"2022-02-11T11:59:59","modified_gmt":"2022-02-11T14:59:59","slug":"giuliani-en-patagonia-los-abusos-del-empresario-britanico-se-explican-por-la-connivencia-del-poder-judicial-con-la-politica","status":"publish","type":"post","link":"https:\/\/atecordoba.org\/?p=30047","title":{"rendered":"Giuliani en Patagonia: &#8220;los abusos del empresario brit\u00e1nico se explican por la connivencia del Poder Judicial con la pol\u00edtica&#8221;"},"content":{"rendered":"\n<p><\/p>\n\n\n\n<div class=\"wp-block-image\"><figure class=\"aligncenter size-large is-resized\"><img loading=\"lazy\" decoding=\"async\" src=\"https:\/\/atecordoba.org\/wp-content\/uploads\/2022\/02\/IMG-20220207-WA0064-1024x768.jpg\" alt=\"\" class=\"wp-image-29972\" width=\"768\" height=\"576\" \/><\/figure><\/div>\n\n\n\n<p>En una entrevista concedida esta semana, el secretario General de ATE C\u00f3rdoba, Federico Giuliani, describi\u00f3 en primera persona el conflicto de soberan\u00eda que se vive hacer a\u00f1os en la provincia de R\u00edo Negro a partir de la ocupaci\u00f3n ilegal de tierras del empresario brit\u00e1nico Joe Lewis. <\/p>\n\n\n\n<p>Giuliani relat\u00f3 en contexto en que se sucedieron las amenazas y amedrentamientos de parte de una banda parapolicial armada que sufri\u00f3 un grupo de militantes que intent\u00f3 acceder al Lago Escondido, mientras la polic\u00eda provincial y la Gendarmer\u00eda cuidan los intereses de Lewis. <\/p>\n\n\n\n<p>El dirigente comenz\u00f3 explicando que &#8220;Lewis se apropi\u00f3 de tierras fiscales y de un camino p\u00fablico, en una zona que no solo es muy bella sino una reserva natural y de agua dulce muy importante. Desde el 2013 hay fallos judiciales que se niega a cumplir donde est\u00e1 claramente dictaminado cu\u00e1l es el camino que debe dejar liberado para que cualquier persona pueda acceder al Lago Escondido&#8221;. <\/p>\n\n\n\n<p>Y prosigui\u00f3: &#8220;hoy eso est\u00e1 todo cercado y alambrado y por eso se llev\u00f3 adelante la sexta movilizaci\u00f3n a Lago Escondido, que const\u00f3 de dos columnas: una por la monta\u00f1a que fue la interceptada el domingo por una patota paramilitar, armada; la otra, donde nosotros participamos sale desde la puerta, llamado camino de Tacuifi y est\u00e1 a la vera de la Ruta Nacional 40, casi llegando a El Bols\u00f3n&#8221;.<\/p>\n\n\n\n<p>&#8220;Los fallos judiciales donde se ratifica la exigencia de abrir estos caminos, pero Joe Lewis representa el poder econ\u00f3mico y la connivencia del poder pol\u00edtico y judicial de Argentina para seguir extranjerizando la tierra&#8221;.<\/p>\n\n\n\n<p><strong>Cronolog\u00eda<\/strong><\/p>\n\n\n\n<p>El dirigente detall\u00f3 que &#8220;llegamos el domingo como dirigentes de ATE y CTA y denunciamos, junto a otras organizaciones que participan de la actividad, la situaci\u00f3n que se vive en la monta\u00f1a. Nos movilizamos a tribunales de R\u00edo Negro, en Bariloche, para presentar un habeas corpus para garantizar la integridad de esa columna que fue amenazada por 50 hombre armados que responden a Joe Lewis, despu\u00e9s movilizamos a tribunales federales. Por la tarde pudimos llegar hasta Tacuifi, tenemos que aclarar que hay una gran presencia policial y de Gendarmer\u00eda cuidando los intereses de un empresario brit\u00e1nico, y donde logramos al menos visibilizar la problem\u00e1tica, porque de eso se trata. No de quitarle las tierras al empresario sino de ratificar la soberan\u00eda nacional sobre las costas y los aminos p\u00fablicos de acceso al lago&#8221;.<\/p>\n\n\n\n<p>Respecto a los apoyos locales que genera Lewis, a partir de la inquietud period\u00edstica, Giuliani consider\u00f3 que se puede ver &#8220;la connivencia del Poder Judicial de R\u00edo Negro con el empresario, as\u00ed como la polic\u00eda. El jefe del operativo que reprimi\u00f3 una movilizaci\u00f3n similar en el 2020 hoy es el jefe de la polic\u00eda provincial. por eso hay un ida y vuelta permanente entre este empresario poderoso y el pol\u00edtico y judicial de R\u00edo Negro&#8221;.<\/p>\n\n\n\n<p>En tanto, sobre los vecinos de la zona &#8220;Lewis act\u00faa como el t\u00edpico patr\u00f3n de estancia con una actitud paternalista con los que trabajan para \u00e9l. Con dejarle un lugarcito para hacer la casa y llevarles la luz la gente se confunde. Pero no se plantea desde la multisectorial que apoyamos expropiarle las tierras a Lewis sino revertir la expropiaci\u00f3n que \u00e9l hizo de un territorio argentino. \u00e9l no compr\u00f3 Lago Escondido sino una estancia que est\u00e1 al lado, pero se apropi\u00f3 del lago cerc\u00e1ndolo con alambrados. Se impone esa l\u00f3gica de patr\u00f3n de estancia paternalista que m\u00e1s all\u00e1 de su explotaci\u00f3n cotidiana de los trabajadores que est\u00e1n ah\u00ed dentro, tiene ese apoyo porque se pone en tela de juicio falsamente la propiedad cuando en realidad est\u00e1 en juego la soberan\u00eda del lago que es los argentinos y que hoy est\u00e1 bajo la bandera brit\u00e1nica&#8221;.<\/p>\n\n\n\n<p>Por \u00faltimo, Giuliani reflexion\u00f3 que &#8220;si sos mapuche y ocup\u00e1s tierra para poder vivir est\u00e1s en la ilegalidad, si sos un empresario brit\u00e1nico que se qued\u00f3 con un lago y una tremenda reserva natural y de agua dulce parece que sos un buen vecino. Esa doble vara tiene que ver con el poder judicial, pol\u00edtico y medi\u00e1tico&#8221;. <\/p>\n","protected":false},"excerpt":{"rendered":"<p>En una entrevista concedida esta semana, el secretario General de ATE C\u00f3rdoba, Federico Giuliani, describi\u00f3 en primera persona el conflicto de soberan\u00eda que se vive hacer a\u00f1os en la provincia de R\u00edo Negro a partir de la ocupaci\u00f3n ilegal de tierras del empresario brit\u00e1nico Joe Lewis. Giuliani relat\u00f3 en contexto en que se sucedieron las [&hellip;]<\/p>\n","protected":false},"author":7,"featured_media":29972,"comment_status":"open","ping_status":"open","sticky":false,"template":"","format":"standard","meta":{"_exactmetrics_skip_tracking":false,"_exactmetrics_sitenote_active":false,"_exactmetrics_sitenote_note":"","_exactmetrics_sitenote_category":0,"jnews-multi-image_gallery":[],"jnews_single_post":{"subtitle":"El dirigente denunci\u00f3 que la polic\u00eda provincial de R\u00edo Negro y la Gendarmer\u00eda custodian los intereses de Joe Lewis.","format":"standard","video":"","gallery":"","source_name":"","source_url":"","via_name":"","via_url":"","override":[{"template":"1","single_blog_custom":"","parallax":"1","fullscreen":"1","layout":"right-sidebar","sidebar":"default-sidebar","second_sidebar":"default-sidebar","sticky_sidebar":"1","share_position":"top","share_float_style":"share-monocrhome","show_share_counter":"1","show_view_counter":"1","show_featured":"1","show_post_meta":"1","show_post_author":"1","show_post_author_image":"1","show_post_date":"1","post_date_format":"default","post_date_format_custom":"Y\/m\/d","show_post_category":"1","post_reading_time_wpm":"300","zoom_button_out_step":"2","zoom_button_in_step":"3","show_post_tag":"1","show_prev_next_post":"1","show_popup_post":"1","number_popup_post":"1"}],"image_override":[{"single_post_thumbnail_size":"crop-500","single_post_gallery_size":"crop-500"}],"trending_post_position":"meta","trending_post_label":"Trending","sponsored_post_label":"Sponsored by","sponsored_post_name":"","sponsored_post_url":"","sponsored_post_logo":"","sponsored_post_desc":""},"jnews_primary_category":{"id":""},"jnews_social_meta":[],"jnews_review":[],"enable_review":"","type":"","name":"","summary":"","brand":"","sku":"","good":[],"bad":[],"score_override":"","override_value":"","rating":[],"price":[],"jnews_override_counter":[],"jnews_post_split":[],"footnotes":""},"categories":[10],"tags":[1006],"class_list":["post-30047","post","type-post","status-publish","format-standard","has-post-thumbnail","hentry","category-accion-politica","tag-lago-escondido"],"jetpack_featured_media_url":"https:\/\/atecordoba.org\/wp-content\/uploads\/2022\/02\/IMG-20220207-WA0064-e1644249155782.jpg","_links":{"self":[{"href":"https:\/\/atecordoba.org\/index.php?rest_route=\/wp\/v2\/posts\/30047","targetHints":{"allow":["GET"]}}],"collection":[{"href":"https:\/\/atecordoba.org\/index.php?rest_route=\/wp\/v2\/posts"}],"about":[{"href":"https:\/\/atecordoba.org\/index.php?rest_route=\/wp\/v2\/types\/post"}],"author":[{"embeddable":true,"href":"https:\/\/atecordoba.org\/index.php?rest_route=\/wp\/v2\/users\/7"}],"replies":[{"embeddable":true,"href":"https:\/\/atecordoba.org\/index.php?rest_route=%2Fwp%2Fv2%2Fcomments&post=30047"}],"version-history":[{"count":1,"href":"https:\/\/atecordoba.org\/index.php?rest_route=\/wp\/v2\/posts\/30047\/revisions"}],"predecessor-version":[{"id":30048,"href":"https:\/\/atecordoba.org\/index.php?rest_route=\/wp\/v2\/posts\/30047\/revisions\/30048"}],"wp:featuredmedia":[{"embeddable":true,"href":"https:\/\/atecordoba.org\/index.php?rest_route=\/wp\/v2\/media\/29972"}],"wp:attachment":[{"href":"https:\/\/atecordoba.org\/index.php?rest_route=%2Fwp%2Fv2%2Fmedia&parent=30047"}],"wp:term":[{"taxonomy":"category","embeddable":true,"href":"https:\/\/atecordoba.org\/index.php?rest_route=%2Fwp%2Fv2%2Fcategories&post=30047"},{"taxonomy":"post_tag","embeddable":true,"href":"https:\/\/atecordoba.org\/index.php?rest_route=%2Fwp%2Fv2%2Ftags&post=30047"}],"curies":[{"name":"wp","href":"https:\/\/api.w.org\/{rel}","templated":true}]}}