{"id":30044,"date":"2022-02-10T14:18:20","date_gmt":"2022-02-10T17:18:20","guid":{"rendered":"https:\/\/atecordoba.org\/?p=30044"},"modified":"2022-02-11T12:40:21","modified_gmt":"2022-02-11T15:40:21","slug":"asamblea-en-el-hospital-misericordia-reivindica-un-aumento-del-60-en-cuota-y-al-basico","status":"publish","type":"post","link":"https:\/\/atecordoba.org\/?p=30044","title":{"rendered":"Asamblea en el Hospital Misericordia reivindica un aumento del 60% en cuota y al b\u00e1sico"},"content":{"rendered":"\n<div class=\"wp-block-image\"><figure class=\"aligncenter size-large is-resized\"><img loading=\"lazy\" decoding=\"async\" src=\"https:\/\/atecordoba.org\/wp-content\/uploads\/2022\/02\/IMG-20220209-WA0103-1024x768.jpg\" alt=\"\" class=\"wp-image-30045\" width=\"768\" height=\"576\" \/><\/figure><\/div>\n\n\n\n<p>En una importante asamblea realizada ayer, las y los trabajadores del Hospital Misericordia salieron a bancar el planteo de ATE C\u00f3rdoba para que la paritaria provincial establezca una recomposici\u00f3n salarial del 60% atento a la escalada inflacionaria que sufrimos las y los trabajadores. <\/p>\n\n\n\n<p>La delegada de ATE en el centro de salud, y vocal del Consejo Directivo Provincial, Griselda G\u00f3mez mostr\u00f3 su satisfacci\u00f3n por la respuesta del personal del Misericordia a la asamblea y anticip\u00f3 otra fuerte participaci\u00f3n para el pr\u00f3ximo 15 de febrero cuando se lancen las asambleas conjuntas en toda la provincia.<\/p>\n\n\n\n<p>&#8220;Respecto al aumento salarial las y los trabajadores expresaron la demanda de una recomposici\u00f3n del 60% pero en una sola cuota al b\u00e1sico, con cl\u00e1usula gatillo y manteniendo los bonos que est\u00e1n cobrando actualmente a partir de la pandemia de Covid desatada en 2020&#8221;, dijo G\u00f3mez.<\/p>\n\n\n\n<p>Adem\u00e1s, la asamblea rechaz\u00f3 la aplicaci\u00f3n permanente de los contrarios precarios como los denominados &#8216;contratos Covid&#8217; y reclam\u00f3 el pase a planta permanente del personal precarizado.<\/p>\n\n\n\n<p><strong>Inseguridad<\/strong><\/p>\n\n\n\n<p>Por otro lado, las y los trabajadores hicieron un reclamo enf\u00e1tico para que las autoridades act\u00faen frente a la ola de hechos delictivos que sufre el Hospital. &#8220;Hist\u00f3ricamente la comunidad hospitalaria es v\u00edctima hechos delictivos, algunos cargados de mucha violencia, dentro y fuera de la instituci\u00f3n. Por eso se solicit\u00f3 mayor presencia policial en la asamblea, trasladando el reclamo directamente al director del nosocomio, Dr. Carlos Giordana&#8221;, relat\u00f3 la delegada. <\/p>\n\n\n\n<p>Y finaliz\u00f3 diciendo que el director &#8220;ya hab\u00eda mantenido una reuni\u00f3n con la c\u00fapula donde la fuerza, se comprometi\u00f3 a sostener los tres adicionales diarios dentro del hospital, mientras se solicit\u00f3 mayor presencia policial en la periferia del centro de salud en los horarios de ingreso y egreso de las y los trabajadores&#8221;.<\/p>\n","protected":false},"excerpt":{"rendered":"<p>En una importante asamblea realizada ayer, las y los trabajadores del Hospital Misericordia salieron a bancar el planteo de ATE C\u00f3rdoba para que la paritaria provincial establezca una recomposici\u00f3n salarial del 60% atento a la escalada inflacionaria que sufrimos las y los trabajadores. La delegada de ATE en el centro de salud, y vocal del [&hellip;]<\/p>\n","protected":false},"author":7,"featured_media":30045,"comment_status":"open","ping_status":"open","sticky":false,"template":"","format":"standard","meta":{"_exactmetrics_skip_tracking":false,"_exactmetrics_sitenote_active":false,"_exactmetrics_sitenote_note":"","_exactmetrics_sitenote_category":0,"jnews-multi-image_gallery":[],"jnews_single_post":{"subtitle":"Adem\u00e1s, el personal reclam\u00f3 el fin de los contratos basura que abundan en el nosocomio. ","format":"standard","video":"","gallery":"","source_name":"","source_url":"","via_name":"","via_url":"","override":[{"template":"1","single_blog_custom":"","parallax":"1","fullscreen":"1","layout":"right-sidebar","sidebar":"default-sidebar","second_sidebar":"default-sidebar","sticky_sidebar":"1","share_position":"top","share_float_style":"share-monocrhome","show_share_counter":"1","show_view_counter":"1","show_featured":"1","show_post_meta":"1","show_post_author":"1","show_post_author_image":"1","show_post_date":"1","post_date_format":"default","post_date_format_custom":"Y\/m\/d","show_post_category":"1","post_reading_time_wpm":"300","zoom_button_out_step":"2","zoom_button_in_step":"3","show_post_tag":"1","show_prev_next_post":"1","show_popup_post":"1","number_popup_post":"1"}],"image_override":[{"single_post_thumbnail_size":"crop-500","single_post_gallery_size":"crop-500"}],"trending_post_position":"meta","trending_post_label":"Trending","sponsored_post_label":"Sponsored by","sponsored_post_name":"","sponsored_post_url":"","sponsored_post_logo":"","sponsored_post_desc":""},"jnews_primary_category":{"id":""},"jnews_social_meta":[],"jnews_review":[],"enable_review":"","type":"","name":"","summary":"","brand":"","sku":"","good":[],"bad":[],"score_override":"","override_value":"","rating":[],"price":[],"jnews_override_counter":[],"jnews_post_split":[],"footnotes":""},"categories":[8],"tags":[353],"class_list":["post-30044","post","type-post","status-publish","format-standard","has-post-thumbnail","hentry","category-provinciales","tag-hospital-misericordia"],"jetpack_featured_media_url":"https:\/\/atecordoba.org\/wp-content\/uploads\/2022\/02\/IMG-20220209-WA0103-e1644594014627.jpg","_links":{"self":[{"href":"https:\/\/atecordoba.org\/index.php?rest_route=\/wp\/v2\/posts\/30044","targetHints":{"allow":["GET"]}}],"collection":[{"href":"https:\/\/atecordoba.org\/index.php?rest_route=\/wp\/v2\/posts"}],"about":[{"href":"https:\/\/atecordoba.org\/index.php?rest_route=\/wp\/v2\/types\/post"}],"author":[{"embeddable":true,"href":"https:\/\/atecordoba.org\/index.php?rest_route=\/wp\/v2\/users\/7"}],"replies":[{"embeddable":true,"href":"https:\/\/atecordoba.org\/index.php?rest_route=%2Fwp%2Fv2%2Fcomments&post=30044"}],"version-history":[{"count":1,"href":"https:\/\/atecordoba.org\/index.php?rest_route=\/wp\/v2\/posts\/30044\/revisions"}],"predecessor-version":[{"id":30046,"href":"https:\/\/atecordoba.org\/index.php?rest_route=\/wp\/v2\/posts\/30044\/revisions\/30046"}],"wp:featuredmedia":[{"embeddable":true,"href":"https:\/\/atecordoba.org\/index.php?rest_route=\/wp\/v2\/media\/30045"}],"wp:attachment":[{"href":"https:\/\/atecordoba.org\/index.php?rest_route=%2Fwp%2Fv2%2Fmedia&parent=30044"}],"wp:term":[{"taxonomy":"category","embeddable":true,"href":"https:\/\/atecordoba.org\/index.php?rest_route=%2Fwp%2Fv2%2Fcategories&post=30044"},{"taxonomy":"post_tag","embeddable":true,"href":"https:\/\/atecordoba.org\/index.php?rest_route=%2Fwp%2Fv2%2Ftags&post=30044"}],"curies":[{"name":"wp","href":"https:\/\/api.w.org\/{rel}","templated":true}]}}