{"id":30036,"date":"2022-02-10T13:08:05","date_gmt":"2022-02-10T16:08:05","guid":{"rendered":"https:\/\/atecordoba.org\/?p=30036"},"modified":"2022-02-10T13:42:14","modified_gmt":"2022-02-10T16:42:14","slug":"salarios-la-agenda-que-ate-planteara-al-ministro-grahovak-incluye-un-aumento-general-del-60","status":"publish","type":"post","link":"https:\/\/atecordoba.org\/?p=30036","title":{"rendered":"Salarios: la agenda que ATE plantear\u00e1 al ministro Grahovak incluye un aumento general del 60%"},"content":{"rendered":"\n<div class=\"wp-block-image\"><figure class=\"aligncenter size-large is-resized\"><img loading=\"lazy\" decoding=\"async\" src=\"https:\/\/atecordoba.org\/wp-content\/uploads\/2022\/02\/gf-14066-752310.jpg\" alt=\"\" class=\"wp-image-30037\" width=\"750\" height=\"550\" \/><\/figure><\/div>\n\n\n\n<p>El Departamento de Educaci\u00f3n del Consejo Directivo Provincial defini\u00f3 una agenda de reclamos a presentar ante el Ministerio de Educaci\u00f3n , a partir de una reuni\u00f3n llevada a cabo por la mesa provincial del \u00e1rea dentro de nuestro sindicato. <\/p>\n\n\n\n<p>En esa l\u00ednea, el referente del sector, Diego Saurina, inform\u00f3 que a trav\u00e9s de nuestra Secretaria General &#8220;vamos a mandar una nota al Ministerio de Educaci\u00f3n, pidi\u00e9ndole al ministro Walter Grahovak tratar todos los temas que tenemos en agenda los docentes de C\u00f3rdoba&#8221;.<\/p>\n\n\n\n<p>&#8220;El primer lugar est\u00e1 el problema salarial, ya que estamos impulsando que el cargo testigo sea de 85 mil pesos, que es la canasta b\u00e1sica que elabora el Centro de Almaceneros de C\u00f3rdoba y creemos que es el reflejo justo de la inflaci\u00f3n. Adem\u00e1s, planteamos que el aumento general no baje del 60% y que sea en una sola cuota, evitando el aumento escalonado que hace que los trabajadores siempre estemos corriendo detr\u00e1s de la inflaci\u00f3n. Este es un reclamo conjunto de todos los trabajadores estatales de la provincia&#8221;.<\/p>\n\n\n\n<p>El dirigente afirm\u00f3 que, adem\u00e1s, ATE Educaci\u00f3n plantea la defensa estricta de nuestra Caja de Jubilaciones, otro punto en com\u00fan con los estatales provinciales y municipales. &#8220;Hay que derogar la ley 10694 y terminar con la arbitrariedad que implica el diferimiento del pago de los haberes en dos veces porque afecta a las y los trabajadores m\u00e1s vulnerables e indefensos de las arbitrariedades de la patronal&#8221;, asegur\u00f3.<\/p>\n\n\n\n<figure class=\"wp-block-gallery columns-2 is-cropped wp-block-gallery-1 is-layout-flex wp-block-gallery-is-layout-flex\"><ul class=\"blocks-gallery-grid\"><li class=\"blocks-gallery-item\"><figure><a href=\"https:\/\/atecordoba.org\/wp-content\/uploads\/2022\/02\/WhatsApp-Image-2022-02-10-at-10.42.37-1.jpeg\"><img loading=\"lazy\" decoding=\"async\" width=\"540\" height=\"960\" src=\"https:\/\/atecordoba.org\/wp-content\/uploads\/2022\/02\/WhatsApp-Image-2022-02-10-at-10.42.37-1.jpeg\" alt=\"\" data-id=\"30040\" data-full-url=\"https:\/\/atecordoba.org\/wp-content\/uploads\/2022\/02\/WhatsApp-Image-2022-02-10-at-10.42.37-1.jpeg\" data-link=\"https:\/\/atecordoba.org\/?attachment_id=30040\" class=\"wp-image-30040\" srcset=\"https:\/\/atecordoba.org\/wp-content\/uploads\/2022\/02\/WhatsApp-Image-2022-02-10-at-10.42.37-1.jpeg 540w, https:\/\/atecordoba.org\/wp-content\/uploads\/2022\/02\/WhatsApp-Image-2022-02-10-at-10.42.37-1-169x300.jpeg 169w\" sizes=\"auto, (max-width: 540px) 100vw, 540px\" \/><\/a><\/figure><\/li><li class=\"blocks-gallery-item\"><figure><a href=\"https:\/\/atecordoba.org\/wp-content\/uploads\/2022\/02\/WhatsApp-Image-2022-02-10-at-10.42.11-1.jpeg\"><img loading=\"lazy\" decoding=\"async\" width=\"461\" height=\"1024\" src=\"https:\/\/atecordoba.org\/wp-content\/uploads\/2022\/02\/WhatsApp-Image-2022-02-10-at-10.42.11-1-461x1024.jpeg\" alt=\"\" data-id=\"30041\" data-full-url=\"https:\/\/atecordoba.org\/wp-content\/uploads\/2022\/02\/WhatsApp-Image-2022-02-10-at-10.42.11-1.jpeg\" data-link=\"https:\/\/atecordoba.org\/?attachment_id=30041\" class=\"wp-image-30041\" \/><\/a><\/figure><\/li><\/ul><\/figure>\n\n\n\n<p>El Departamento pretende abordar los problemas cr\u00f3nicos que sufre la infraestructura escolar, de la misma forma que quiere transmitirle a Grahovak la preocupaci\u00f3n porque no se est\u00e1 dando cumplimiento al estatuto docente. &#8220;Se est\u00e1n aplicando numerosos programas de jornada extendida permitiendo la discrecionalidad a la hora de seleccionar a los docentes, no por orden de m\u00e9rito sino a dedo de las direcciones de las escuelas. As\u00ed se afecta seriamente a los docentes que tienen que conseguir un acomodo para acceder a alguno de esos talleres. Tienen que ser compa\u00f1eros interinos y seleccionados por la LOM (Lista de Orden de Merito)&#8221;, dijo Saurina.<\/p>\n\n\n\n<p><strong>Mantener la guardia con la pandemia<\/strong><\/p>\n\n\n\n<p>Por \u00faltimo, la reuni\u00f3n de la mesa provincial de ATE Educaci\u00f3n concluy\u00f3 que no hay que bajar la guardia con la pandemia como hace el Gobierno de la Ciudad de Buenos Aires, donde ya no se va a aplicar ning\u00fan protocolo. &#8220;Creemos que las normas sobre higiene y desinfecci\u00f3n son fundamentales para evitar un nuevo brote de Covid que nos devuelva a la virtualidad. Necesitamos que los colegios redoblen la aplicaci\u00f3n del protocolo para evitar rebrotes porque se prob\u00f3 el a\u00f1o pasado que la vuelta a clases con movilidad masiva de la comunidad educativa gener\u00f3 un brote. Un estudio del Conicet as\u00ed lo estableci\u00f3 y si bajamos la guardia el 1\u00b0 de marzo podemos volver a sufrir un rebrote&#8221;, finaliz\u00f3 el docente.<\/p>\n","protected":false},"excerpt":{"rendered":"<p>El Departamento de Educaci\u00f3n del Consejo Directivo Provincial defini\u00f3 una agenda de reclamos a presentar ante el Ministerio de Educaci\u00f3n , a partir de una reuni\u00f3n llevada a cabo por la mesa provincial del \u00e1rea dentro de nuestro sindicato. En esa l\u00ednea, el referente del sector, Diego Saurina, inform\u00f3 que a trav\u00e9s de nuestra Secretaria [&hellip;]<\/p>\n","protected":false},"author":7,"featured_media":30037,"comment_status":"open","ping_status":"open","sticky":false,"template":"","format":"standard","meta":{"_exactmetrics_skip_tracking":false,"_exactmetrics_sitenote_active":false,"_exactmetrics_sitenote_note":"","_exactmetrics_sitenote_category":0,"jnews-multi-image_gallery":[],"jnews_single_post":{"subtitle":"Reclaman que el cargo testigo inicial alcance un salario de 85 mil pesos, canasta b\u00e1sica que establece el Centro de Almaceneros de C\u00f3rdoba\".","format":"standard","video":"","gallery":"","source_name":"","source_url":"","via_name":"","via_url":"","override":[{"template":"1","single_blog_custom":"","parallax":"1","fullscreen":"1","layout":"right-sidebar","sidebar":"default-sidebar","second_sidebar":"default-sidebar","sticky_sidebar":"1","share_position":"top","share_float_style":"share-monocrhome","show_share_counter":"1","show_view_counter":"1","show_featured":"1","show_post_meta":"1","show_post_author":"1","show_post_author_image":"1","show_post_date":"1","post_date_format":"default","post_date_format_custom":"Y\/m\/d","show_post_category":"1","post_reading_time_wpm":"300","zoom_button_out_step":"2","zoom_button_in_step":"3","show_post_tag":"1","show_prev_next_post":"1","show_popup_post":"1","number_popup_post":"1"}],"image_override":[{"single_post_thumbnail_size":"crop-500","single_post_gallery_size":"crop-500"}],"trending_post_position":"meta","trending_post_label":"Trending","sponsored_post_label":"Sponsored by","sponsored_post_name":"","sponsored_post_url":"","sponsored_post_logo":"","sponsored_post_desc":""},"jnews_primary_category":{"id":""},"jnews_social_meta":[],"jnews_review":[],"enable_review":"","type":"","name":"","summary":"","brand":"","sku":"","good":[],"bad":[],"score_override":"","override_value":"","rating":[],"price":[],"jnews_override_counter":[],"jnews_post_split":[],"footnotes":""},"categories":[564],"tags":[1012],"class_list":["post-30036","post","type-post","status-publish","format-standard","has-post-thumbnail","hentry","category-educacion","tag-nota-a-grahovak"],"jetpack_featured_media_url":"https:\/\/atecordoba.org\/wp-content\/uploads\/2022\/02\/gf-14066-752310-e1644510496966.jpg","_links":{"self":[{"href":"https:\/\/atecordoba.org\/index.php?rest_route=\/wp\/v2\/posts\/30036","targetHints":{"allow":["GET"]}}],"collection":[{"href":"https:\/\/atecordoba.org\/index.php?rest_route=\/wp\/v2\/posts"}],"about":[{"href":"https:\/\/atecordoba.org\/index.php?rest_route=\/wp\/v2\/types\/post"}],"author":[{"embeddable":true,"href":"https:\/\/atecordoba.org\/index.php?rest_route=\/wp\/v2\/users\/7"}],"replies":[{"embeddable":true,"href":"https:\/\/atecordoba.org\/index.php?rest_route=%2Fwp%2Fv2%2Fcomments&post=30036"}],"version-history":[{"count":2,"href":"https:\/\/atecordoba.org\/index.php?rest_route=\/wp\/v2\/posts\/30036\/revisions"}],"predecessor-version":[{"id":30043,"href":"https:\/\/atecordoba.org\/index.php?rest_route=\/wp\/v2\/posts\/30036\/revisions\/30043"}],"wp:featuredmedia":[{"embeddable":true,"href":"https:\/\/atecordoba.org\/index.php?rest_route=\/wp\/v2\/media\/30037"}],"wp:attachment":[{"href":"https:\/\/atecordoba.org\/index.php?rest_route=%2Fwp%2Fv2%2Fmedia&parent=30036"}],"wp:term":[{"taxonomy":"category","embeddable":true,"href":"https:\/\/atecordoba.org\/index.php?rest_route=%2Fwp%2Fv2%2Fcategories&post=30036"},{"taxonomy":"post_tag","embeddable":true,"href":"https:\/\/atecordoba.org\/index.php?rest_route=%2Fwp%2Fv2%2Ftags&post=30036"}],"curies":[{"name":"wp","href":"https:\/\/api.w.org\/{rel}","templated":true}]}}