{"id":30032,"date":"2022-02-10T12:11:15","date_gmt":"2022-02-10T15:11:15","guid":{"rendered":"https:\/\/atecordoba.org\/?p=30032"},"modified":"2022-02-10T12:15:28","modified_gmt":"2022-02-10T15:15:28","slug":"comienza-a-definirse-la-programacion-de-marzo-mes-de-los-ddhh","status":"publish","type":"post","link":"https:\/\/atecordoba.org\/?p=30032","title":{"rendered":"Comienza a definirse la programaci\u00f3n de marzo, mes de los DDHH"},"content":{"rendered":"\n<div class=\"wp-block-image\"><figure class=\"aligncenter size-large is-resized\"><img loading=\"lazy\" decoding=\"async\" src=\"https:\/\/atecordoba.org\/wp-content\/uploads\/2022\/02\/la-perla.jpg\" alt=\"\" class=\"wp-image-30033\" width=\"768\" height=\"509\" \/><\/figure><\/div>\n\n\n\n<p>El Departamento de DDHH, dependiente del Consejo Directivo Provincial (CDP), coment\u00f3 la serie de actividades que se desarrollar\u00e1n en su \u00e1rea de acci\u00f3n en marzo pr\u00f3ximo.<\/p>\n\n\n\n<p>En tal sentido, Jorge Chalup, integrante del \u00e1rea, adelant\u00f3 que se llevar\u00e1n a cabo dos visitas a ex Centros Clandestinos de Detenci\u00f3n en C\u00f3rdoba, la primera a La Perla el 16 de marzo, en tanto posteriormente se visitar\u00e1 el Campo de la Rivera, con fecha a definir.<\/p>\n\n\n\n<p>&#8220;Lo importante de estas visitas a estos centros clandestinos, los m\u00e1s significativos de un gran n\u00famero de sitios de detenci\u00f3n, tortura y muerte en la provincia, como dijo nuestro secretario General, es que las y los trabajadores recuperemos nuestra historia, teniendo en cuenta que por esos lugares pasaron miles de compa\u00f1eros y compa\u00f1eras trabajadores y dirigentes sindicales, junto a estudiantes, militantes y activistas de todo tipo. Como dice Rodolfo Walsh, nuestras clases dominantes procuraron siempre que no tengamos historia, doctrina, h\u00e9roes y m\u00e1rtires, iniciando cada nueva etapa desde cero. De esta forma se pierde la experiencia colectiva y las lecciones hist\u00f3ricas se olvidan&#8221;, dijo Chalup.<\/p>\n\n\n\n<p>Para el dirigente all\u00ed radica la importancia de conocer la historia: saber que hubo luchas anteriores y partir desde aquellas experiencias para continuarlas desde las nuevas generaciones. &#8220;Todo teniendo en cuenta que se trat\u00f3 de un periodo tr\u00e1gico donde nuestros compa\u00f1eros murieron resistiendo un de las dictaduras m\u00e1s cruenta y sangrienta que tenga registro la historia de Latinoam\u00e9rica&#8221;.<\/p>\n\n\n\n<p><strong>Homenaje a Abuelas<\/strong><\/p>\n\n\n\n<p>&#8220;Tambi\u00e9n tenemos pensado que ATE realice un homenaje a la Asociaci\u00f3n de Abuelas de Plaza de Mayo los primeros d\u00edas de marzo, organismo que se merece el reconocimiento del movimiento obrero cordob\u00e9s y especialmente de los estatales por su gran aporte a la recuperaci\u00f3n de la memoria hist\u00f3rica y la identidad de la v\u00edctimas de la dictadura c\u00edvico-militar- eclesi\u00e1stica que azol\u00f3 la provincia en el periodo 76-83&#8221;, resumi\u00f3 Chalup. <\/p>\n\n\n\n<p>Por \u00faltimo, esta planificado con fecha a definir un ciclo de cine-debate donde se proyectar\u00e1n las pel\u00edculas con contenido social y pol\u00edtico como la famosa La Batalla de Argel, Los Compa\u00f1eros o Machuca.<\/p>\n\n\n\n<p><\/p>\n","protected":false},"excerpt":{"rendered":"<p>El Departamento de DDHH, dependiente del Consejo Directivo Provincial (CDP), coment\u00f3 la serie de actividades que se desarrollar\u00e1n en su \u00e1rea de acci\u00f3n en marzo pr\u00f3ximo. En tal sentido, Jorge Chalup, integrante del \u00e1rea, adelant\u00f3 que se llevar\u00e1n a cabo dos visitas a ex Centros Clandestinos de Detenci\u00f3n en C\u00f3rdoba, la primera a La Perla [&hellip;]<\/p>\n","protected":false},"author":7,"featured_media":30033,"comment_status":"open","ping_status":"open","sticky":false,"template":"","format":"standard","meta":{"_exactmetrics_skip_tracking":false,"_exactmetrics_sitenote_active":false,"_exactmetrics_sitenote_note":"","_exactmetrics_sitenote_category":0,"jnews-multi-image_gallery":[],"jnews_single_post":{"subtitle":"Visitas a centros clandestinos de la dictadura, un ciclo de cine-debate y el homenaje a Abuelas de plaza de Mayo entre las principales actividades.","format":"standard","video":"","gallery":"","source_name":"","source_url":"","via_name":"","via_url":"","override":[{"template":"1","single_blog_custom":"","parallax":"1","fullscreen":"1","layout":"right-sidebar","sidebar":"default-sidebar","second_sidebar":"default-sidebar","sticky_sidebar":"1","share_position":"top","share_float_style":"share-monocrhome","show_share_counter":"1","show_view_counter":"1","show_featured":"1","show_post_meta":"1","show_post_author":"1","show_post_author_image":"1","show_post_date":"1","post_date_format":"default","post_date_format_custom":"Y\/m\/d","show_post_category":"1","post_reading_time_wpm":"300","zoom_button_out_step":"2","zoom_button_in_step":"3","show_post_tag":"1","show_prev_next_post":"1","show_popup_post":"1","number_popup_post":"1"}],"image_override":[{"single_post_thumbnail_size":"crop-500","single_post_gallery_size":"crop-500"}],"trending_post_position":"meta","trending_post_label":"Trending","sponsored_post_label":"Sponsored by","sponsored_post_name":"","sponsored_post_url":"","sponsored_post_logo":"","sponsored_post_desc":""},"jnews_primary_category":{"id":""},"jnews_social_meta":[],"jnews_review":[],"enable_review":"","type":"","name":"","summary":"","brand":"","sku":"","good":[],"bad":[],"score_override":"","override_value":"","rating":[],"price":[],"jnews_override_counter":[],"jnews_post_split":[],"footnotes":""},"categories":[122],"tags":[1011],"class_list":["post-30032","post","type-post","status-publish","format-standard","has-post-thumbnail","hentry","category-ddhh","tag-actividades-marzo"],"jetpack_featured_media_url":"https:\/\/atecordoba.org\/wp-content\/uploads\/2022\/02\/la-perla-e1644505848692.jpg","_links":{"self":[{"href":"https:\/\/atecordoba.org\/index.php?rest_route=\/wp\/v2\/posts\/30032","targetHints":{"allow":["GET"]}}],"collection":[{"href":"https:\/\/atecordoba.org\/index.php?rest_route=\/wp\/v2\/posts"}],"about":[{"href":"https:\/\/atecordoba.org\/index.php?rest_route=\/wp\/v2\/types\/post"}],"author":[{"embeddable":true,"href":"https:\/\/atecordoba.org\/index.php?rest_route=\/wp\/v2\/users\/7"}],"replies":[{"embeddable":true,"href":"https:\/\/atecordoba.org\/index.php?rest_route=%2Fwp%2Fv2%2Fcomments&post=30032"}],"version-history":[{"count":2,"href":"https:\/\/atecordoba.org\/index.php?rest_route=\/wp\/v2\/posts\/30032\/revisions"}],"predecessor-version":[{"id":30035,"href":"https:\/\/atecordoba.org\/index.php?rest_route=\/wp\/v2\/posts\/30032\/revisions\/30035"}],"wp:featuredmedia":[{"embeddable":true,"href":"https:\/\/atecordoba.org\/index.php?rest_route=\/wp\/v2\/media\/30033"}],"wp:attachment":[{"href":"https:\/\/atecordoba.org\/index.php?rest_route=%2Fwp%2Fv2%2Fmedia&parent=30032"}],"wp:term":[{"taxonomy":"category","embeddable":true,"href":"https:\/\/atecordoba.org\/index.php?rest_route=%2Fwp%2Fv2%2Fcategories&post=30032"},{"taxonomy":"post_tag","embeddable":true,"href":"https:\/\/atecordoba.org\/index.php?rest_route=%2Fwp%2Fv2%2Ftags&post=30032"}],"curies":[{"name":"wp","href":"https:\/\/api.w.org\/{rel}","templated":true}]}}