{"id":3002,"date":"2013-08-08T16:04:26","date_gmt":"2013-08-08T19:04:26","guid":{"rendered":"http:\/\/www.atecordoba.org\/?p=3002"},"modified":"2013-08-08T16:04:26","modified_gmt":"2013-08-08T19:04:26","slug":"el-27-de-junio-sera-un-dia-de-conmemoracion-pero-tambien-de-unidad-y-lucha","status":"publish","type":"post","link":"https:\/\/atecordoba.org\/?p=3002","title":{"rendered":"\u201cEl 27 de Junio ser\u00e1 un d\u00eda de conmemoraci\u00f3n pero tambi\u00e9n de unidad y lucha\u201d"},"content":{"rendered":"<p><em>El Secretario General de ATE se refiri\u00f3 a la\u00a0<a href=\"http:\/\/eltrabajadordelestado.org\/template-4\/cdnacional\/item\/2958-el-dia-del-trabajador-del-estado-es-ley.html\">promulgaci\u00f3n de la Ley 26.876<\/a>\u00a0por decreto del Poder Ejecutivo, que fija el D\u00eda del Trabajador del Estado en toda la Argentina. De acuerdo a la norma publicada en el Bolet\u00edn Oficial, el Ejecutivo invita a todas las provincias y municipios a adherir a la resoluci\u00f3n votada por el Congreso Nacional, por la cual el 27 de Junio ser\u00e1 feriado para los estatales de la administraci\u00f3n nacional. El proyecto presentado ante el Poder Legislativo fue elaborado por el diputado nacional V\u00edctor De Gennaro, hist\u00f3rico dirigente de ATE y fundador de la CTA.\u00a0<\/em><\/p>\n<p style=\"text-align: center;\"><a href=\"http:\/\/www.atecordoba.org\/wp-content\/uploads\/2013\/08\/julio-fuentes-27-de-junio.jpg\"><img loading=\"lazy\" decoding=\"async\" class=\"aligncenter  wp-image-3003\" title=\"julio fuentes- 27 de junio\" src=\"http:\/\/www.atecordoba.org\/wp-content\/uploads\/2013\/08\/julio-fuentes-27-de-junio.jpg\" alt=\"\" width=\"540\" height=\"359\" \/><\/a><\/p>\n<p>\u201cPara nosotros tiene un significado pol\u00edtico muy importante, porque el 27 de junio de 1978 la Organizaci\u00f3n Internacional del Trabajo (OIT) sancion\u00f3 el Convenio 151, por el cual se reconoce el derecho de los empleados p\u00fablicos del mundo a organizarse sindicalmente y que sus derechos laborales se fijen por convenio colectivo de trabajo\u201d, expres\u00f3 Fuentes.<\/p>\n<p>El dirigente adelant\u00f3 que los estatales se preparan a que las provincias y municipios adhieran a la Ley 26.876. \u201cNos preparamos tambi\u00e9n\u201d, a\u00f1adi\u00f3, \u201ca crear conciencia de que el camino del convenio colectivo de trabajo es el indicado a seguir para mejorar la calidad del servicio p\u00fablico y las condiciones laborales de los trabajadores del Estado\u201d.<\/p>\n<p>Este reconocimiento es recibido con mucha alegr\u00eda por los miles de estatales que cumplen servicio en la administraci\u00f3n p\u00fablica nacional, provincial y municipal. En boca de su Secretario General, saludan adem\u00e1s a todos los diputados y senadores que con su voto aprobaron la norma legal, muy especialmente a los cuatro diputados nacionales de ATE quienes, entre otros, impulsaron el proyecto de ley. Ellos son V\u00edctor De Gennaro, Claudio Lozano, Graciela Iturraspe y Edgardo De Petri.<\/p>\n<p><a href=\"http:\/\/www.atecordoba.org\/wp-content\/uploads\/2013\/08\/victor-dg-2.jpg\"><img loading=\"lazy\" decoding=\"async\" class=\"aligncenter size-full wp-image-3004\" title=\"victor dg 2\" src=\"http:\/\/www.atecordoba.org\/wp-content\/uploads\/2013\/08\/victor-dg-2.jpg\" alt=\"\" width=\"434\" height=\"336\" \/><\/a><\/p>\n<p>\u201cEl 27 de junio continuar\u00e1 siendo nuestro d\u00eda s\u00edmbolo de lucha. Seguir\u00e1 siendo un d\u00eda de unidad, y creemos que habr\u00e1 realmente justicia cuando en el empleo p\u00fablico de todos los Estados se respete la estabilidad laboral. El d\u00eda que se respete el principio de igual trabajo igual salario, y que nuestras condiciones de trabajo se fijen por convenio colectivo\u201d, anunci\u00f3 Fuentes.<\/p>\n<p>En este sentido, el referente de ATE record\u00f3 el viaje de una delegaci\u00f3n del sindicato al \u00faltimo encuentro de la OIT. All\u00ed se analiz\u00f3 la aplicaci\u00f3n de los convenios 151 y 154, que tratan sobre el derecho de organizaci\u00f3n sindical y negociaci\u00f3n colectiva, respectivamente. Se evalu\u00f3 entonces el nivel de acatamiento en los Estados, que es dispar. \u201cNo es sencillo lograr que los gobiernos entiendan que los convenios colectivos mejoran el poder administrador del Estado. Al poder pol\u00edtico le cuesta reconocerlo, por eso los avances son parciales. De todos modos somos optimistas, porque para la Comisi\u00f3n de Expertos el convenio colectivo contin\u00faa siendo el mejor camino por donde transitar\u201d, finaliz\u00f3.<\/p>\n","protected":false},"excerpt":{"rendered":"<p>El Secretario General de ATE se refiri\u00f3 a la\u00a0promulgaci\u00f3n de la Ley 26.876\u00a0por decreto del Poder Ejecutivo, que fija el D\u00eda del Trabajador del Estado en toda la Argentina. De acuerdo a la norma publicada en el Bolet\u00edn Oficial, el Ejecutivo invita a todas las provincias y municipios a adherir a la resoluci\u00f3n votada por [&hellip;]<\/p>\n","protected":false},"author":1,"featured_media":19220,"comment_status":"open","ping_status":"open","sticky":false,"template":"","format":"standard","meta":{"_exactmetrics_skip_tracking":false,"_exactmetrics_sitenote_active":false,"_exactmetrics_sitenote_note":"","_exactmetrics_sitenote_category":0,"jnews-multi-image_gallery":[],"jnews_single_post":[],"jnews_primary_category":[],"jnews_social_meta":[],"jnews_review":[],"enable_review":"","type":"","name":"","summary":"","brand":"","sku":"","good":[],"bad":[],"score_override":"","override_value":"","rating":[],"price":[],"jnews_override_counter":[],"jnews_post_split":[],"footnotes":""},"categories":[18],"tags":[],"class_list":["post-3002","post","type-post","status-publish","format-standard","has-post-thumbnail","hentry","category-nacionales"],"jetpack_featured_media_url":"https:\/\/atecordoba.org\/wp-content\/uploads\/2020\/05\/logo-nuevochico-e1561581322808.png","_links":{"self":[{"href":"https:\/\/atecordoba.org\/index.php?rest_route=\/wp\/v2\/posts\/3002","targetHints":{"allow":["GET"]}}],"collection":[{"href":"https:\/\/atecordoba.org\/index.php?rest_route=\/wp\/v2\/posts"}],"about":[{"href":"https:\/\/atecordoba.org\/index.php?rest_route=\/wp\/v2\/types\/post"}],"author":[{"embeddable":true,"href":"https:\/\/atecordoba.org\/index.php?rest_route=\/wp\/v2\/users\/1"}],"replies":[{"embeddable":true,"href":"https:\/\/atecordoba.org\/index.php?rest_route=%2Fwp%2Fv2%2Fcomments&post=3002"}],"version-history":[{"count":0,"href":"https:\/\/atecordoba.org\/index.php?rest_route=\/wp\/v2\/posts\/3002\/revisions"}],"wp:featuredmedia":[{"embeddable":true,"href":"https:\/\/atecordoba.org\/index.php?rest_route=\/wp\/v2\/media\/19220"}],"wp:attachment":[{"href":"https:\/\/atecordoba.org\/index.php?rest_route=%2Fwp%2Fv2%2Fmedia&parent=3002"}],"wp:term":[{"taxonomy":"category","embeddable":true,"href":"https:\/\/atecordoba.org\/index.php?rest_route=%2Fwp%2Fv2%2Fcategories&post=3002"},{"taxonomy":"post_tag","embeddable":true,"href":"https:\/\/atecordoba.org\/index.php?rest_route=%2Fwp%2Fv2%2Ftags&post=3002"}],"curies":[{"name":"wp","href":"https:\/\/api.w.org\/{rel}","templated":true}]}}