{"id":30005,"date":"2022-02-08T14:38:30","date_gmt":"2022-02-08T17:38:30","guid":{"rendered":"https:\/\/atecordoba.org\/?p=30005"},"modified":"2022-02-08T15:25:00","modified_gmt":"2022-02-08T18:25:00","slug":"arrancan-la-planificacion-del-2022","status":"publish","type":"post","link":"https:\/\/atecordoba.org\/?p=30005","title":{"rendered":"Arranca la planificaci\u00f3n del 2022 en el CDP"},"content":{"rendered":"\n<div class=\"wp-block-image\"><figure class=\"alignright size-large is-resized\"><img loading=\"lazy\" decoding=\"async\" src=\"https:\/\/atecordoba.org\/wp-content\/uploads\/2022\/02\/logo-cymat-vertical.jpeg\" alt=\"\" class=\"wp-image-30007\" width=\"352\" height=\"541\" srcset=\"https:\/\/atecordoba.org\/wp-content\/uploads\/2022\/02\/logo-cymat-vertical.jpeg 261w, https:\/\/atecordoba.org\/wp-content\/uploads\/2022\/02\/logo-cymat-vertical-195x300.jpeg 195w\" sizes=\"auto, (max-width: 352px) 100vw, 352px\" \/><\/figure><\/div>\n\n\n\n<p>Creado en octubre de 2020, el Departamento de Salud Laboral, dependiente del Consejo Directivo Provincial (CDP) viene desplegando una intensa agenda de actividades y vas a refrendar este a\u00f1o, planificando su programaci\u00f3n en 2022 para continuar brindando herramientas a los cuerpos de delegados de cada sector, sea nacional, provincial o municipal. <\/p>\n\n\n\n<p>En esa l\u00ednea, el director del ente, Mat\u00edas Giuliani, hizo un balance general de las intervenciones desplegadas y anticip\u00f3 lo que se viene para este a\u00f1o. <\/p>\n\n\n\n<p>&#8220;Primero debemos destacar que porque nos vimos ante la necesidad de contar dentro de un sindicato tan grande y con tanta historia como ATE para generar  una herramienta con que poder discutir y planificar pol\u00edticas en materia de salud laboral&#8221;, dijo Giuliani.<\/p>\n\n\n\n<p>Y lo fundament\u00f3 porque &#8220;de esta forma podemos canalizar las situaciones referidas a las condiciones de trabajo que tanto aquejan a las y los compa\u00f1eros de distintos organismos, reparticiones y sectores del Estado, tanto de los municipios como de la provincia y las dependencias nacionales&#8221;.<\/p>\n\n\n\n<p>&#8220;Nos ayuda a poner en las agendas con las distintas patronales sobre higiene y seguridad en el trabajo, para no solo denunciar y exigir sino estar en la b\u00fasqueda constante y permanente de obtener mejoras sustanciales en las condiciones de trabajo de las y los compa\u00f1eros&#8221;, explic\u00f3 el dirigente.<\/p>\n\n\n\n<p><strong>La pandemia<\/strong><\/p>\n\n\n\n<p>El dirigente manifest\u00f3 que la pandemia se present\u00f3 como una oportunidad, para poder trabajar desde la virtualidad en la implementaci\u00f3n de m\u00e1s de 15 ciclos de formaci\u00f3n, cursos que brindamos sobre la aplicaci\u00f3n y verificaci\u00f3n de los protocolos sanitarios Covid, sumado a otros talleres que hacen a la integralidad del conocimiento en materia de higiene y seguridad.<\/p>\n\n\n\n<p>&#8220;Dimos cursos espec\u00edficos para las y los compa\u00f1eros del sector salud, para compa\u00f1eros y compa\u00f1eras municipales, para nacionales. Seguimos en esa b\u00fasqueda para darle a cada trabajador y trabajadora herramientas para identificar los riesgos diarios en sus lugares de trabajo, sino tambi\u00e9n para poder encontrar la resoluci\u00f3n de esos conflictos&#8221;, apunt\u00f3.<\/p>\n\n\n\n<p><strong>Logros<\/strong><\/p>\n\n\n\n<p>En ese contexto, Giuliani rescat\u00f3 que &#8220;tuvimos buenos resultados en algunos sectores donde hicimos relevamientos, labrando informes con el nivel de cumplimiento de la legislaci\u00f3n vigente en distintos sectores de trabajo. En base a eso datos fehacientes y concretos pudimos denunciar a las patronales y exigir mejoras ante las falencias detectadas&#8221;.<\/p>\n\n\n\n<p><strong>A futuro<\/strong><\/p>\n\n\n\n<p>En tanto, sobre lo que se viene para este 2022, el director del \u00e1rea resalt\u00f3 que &#8220;recientemente tuvimos una reuni\u00f3n con el equipo del Departamento, planificando lo que ser\u00e1 el a\u00f1o. Entre el 21 y el 28 de abril organizaremos la Semana de la Salud Laboral, con distintas actividades como una campa\u00f1a infogr\u00e1fica y tambi\u00e9n un ciclo de conversatorios sobre Salud Laboral, para avanzar en un nuevo proyecto de ley de Riesgos de Trabajo, que acabe con el actual sistema que beneficia a las ART por sobre la salud y la vida de las y los trabajadores&#8221;.<\/p>\n\n\n\n<p>Y finaliz\u00f3 &#8220;adem\u00e1s, vamos a coordinar con las y los delegados de cada sector para hacer relevamientos en los sectores que debemos visitar&#8221;.<\/p>\n","protected":false},"excerpt":{"rendered":"<p>Creado en octubre de 2020, el Departamento de Salud Laboral, dependiente del Consejo Directivo Provincial (CDP) viene desplegando una intensa agenda de actividades y vas a refrendar este a\u00f1o, planificando su programaci\u00f3n en 2022 para continuar brindando herramientas a los cuerpos de delegados de cada sector, sea nacional, provincial o municipal. En esa l\u00ednea, el [&hellip;]<\/p>\n","protected":false},"author":7,"featured_media":30007,"comment_status":"open","ping_status":"open","sticky":false,"template":"","format":"standard","meta":{"_exactmetrics_skip_tracking":false,"_exactmetrics_sitenote_active":false,"_exactmetrics_sitenote_note":"","_exactmetrics_sitenote_category":0,"jnews-multi-image_gallery":[],"jnews_single_post":{"subtitle":"El Departamento tiene previsto realizar la 'Semana de la Salud Laboral' entre el 21 y el 28 de abril del corriente. ","format":"standard","video":"","gallery":"","source_name":"","source_url":"","via_name":"","via_url":"","override":[{"template":"1","single_blog_custom":"","parallax":"1","fullscreen":"1","layout":"right-sidebar","sidebar":"default-sidebar","second_sidebar":"default-sidebar","sticky_sidebar":"1","share_position":"top","share_float_style":"share-monocrhome","show_share_counter":"1","show_view_counter":"1","show_featured":"1","show_post_meta":"1","show_post_author":"1","show_post_author_image":"1","show_post_date":"1","post_date_format":"default","post_date_format_custom":"Y\/m\/d","show_post_category":"1","post_reading_time_wpm":"300","zoom_button_out_step":"2","zoom_button_in_step":"3","show_post_tag":"1","show_prev_next_post":"1","show_popup_post":"1","number_popup_post":"1"}],"image_override":[{"single_post_thumbnail_size":"crop-500","single_post_gallery_size":"crop-500"}],"trending_post_position":"meta","trending_post_label":"Trending","sponsored_post_label":"Sponsored by","sponsored_post_name":"","sponsored_post_url":"","sponsored_post_logo":"","sponsored_post_desc":""},"jnews_primary_category":{"id":""},"jnews_social_meta":[],"jnews_review":[],"enable_review":"","type":"","name":"","summary":"","brand":"","sku":"","good":[],"bad":[],"score_override":"","override_value":"","rating":[],"price":[],"jnews_override_counter":[],"jnews_post_split":[],"footnotes":""},"categories":[104],"tags":[],"class_list":["post-30005","post","type-post","status-publish","format-standard","has-post-thumbnail","hentry","category-departamento-de-salud"],"jetpack_featured_media_url":"https:\/\/atecordoba.org\/wp-content\/uploads\/2022\/02\/logo-cymat-vertical.jpeg","_links":{"self":[{"href":"https:\/\/atecordoba.org\/index.php?rest_route=\/wp\/v2\/posts\/30005","targetHints":{"allow":["GET"]}}],"collection":[{"href":"https:\/\/atecordoba.org\/index.php?rest_route=\/wp\/v2\/posts"}],"about":[{"href":"https:\/\/atecordoba.org\/index.php?rest_route=\/wp\/v2\/types\/post"}],"author":[{"embeddable":true,"href":"https:\/\/atecordoba.org\/index.php?rest_route=\/wp\/v2\/users\/7"}],"replies":[{"embeddable":true,"href":"https:\/\/atecordoba.org\/index.php?rest_route=%2Fwp%2Fv2%2Fcomments&post=30005"}],"version-history":[{"count":2,"href":"https:\/\/atecordoba.org\/index.php?rest_route=\/wp\/v2\/posts\/30005\/revisions"}],"predecessor-version":[{"id":30009,"href":"https:\/\/atecordoba.org\/index.php?rest_route=\/wp\/v2\/posts\/30005\/revisions\/30009"}],"wp:featuredmedia":[{"embeddable":true,"href":"https:\/\/atecordoba.org\/index.php?rest_route=\/wp\/v2\/media\/30007"}],"wp:attachment":[{"href":"https:\/\/atecordoba.org\/index.php?rest_route=%2Fwp%2Fv2%2Fmedia&parent=30005"}],"wp:term":[{"taxonomy":"category","embeddable":true,"href":"https:\/\/atecordoba.org\/index.php?rest_route=%2Fwp%2Fv2%2Fcategories&post=30005"},{"taxonomy":"post_tag","embeddable":true,"href":"https:\/\/atecordoba.org\/index.php?rest_route=%2Fwp%2Fv2%2Ftags&post=30005"}],"curies":[{"name":"wp","href":"https:\/\/api.w.org\/{rel}","templated":true}]}}