{"id":29998,"date":"2022-02-08T10:27:18","date_gmt":"2022-02-08T13:27:18","guid":{"rendered":"https:\/\/atecordoba.org\/?p=29998"},"modified":"2022-02-08T10:28:20","modified_gmt":"2022-02-08T13:28:20","slug":"ate-marcha-contra-el-fmi-la-deuda-es-con-el-pueblo","status":"publish","type":"post","link":"https:\/\/atecordoba.org\/?p=29998","title":{"rendered":"ATE marcha contra el FMI: la deuda es con el pueblo"},"content":{"rendered":"\n<p><\/p>\n\n\n\n<div class=\"wp-block-image\"><figure class=\"aligncenter size-large is-resized\"><img loading=\"lazy\" decoding=\"async\" src=\"https:\/\/atecordoba.org\/wp-content\/uploads\/2022\/02\/IMG-20220207-WA0159.jpg\" alt=\"\" class=\"wp-image-29999\" width=\"750\" height=\"750\" srcset=\"https:\/\/atecordoba.org\/wp-content\/uploads\/2022\/02\/IMG-20220207-WA0159.jpg 1000w, https:\/\/atecordoba.org\/wp-content\/uploads\/2022\/02\/IMG-20220207-WA0159-300x300.jpg 300w, https:\/\/atecordoba.org\/wp-content\/uploads\/2022\/02\/IMG-20220207-WA0159-150x150.jpg 150w, https:\/\/atecordoba.org\/wp-content\/uploads\/2022\/02\/IMG-20220207-WA0159-768x768.jpg 768w, https:\/\/atecordoba.org\/wp-content\/uploads\/2022\/02\/IMG-20220207-WA0159-560x560.jpg 560w, https:\/\/atecordoba.org\/wp-content\/uploads\/2022\/02\/IMG-20220207-WA0159-75x75.jpg 75w, https:\/\/atecordoba.org\/wp-content\/uploads\/2022\/02\/IMG-20220207-WA0159-350x350.jpg 350w, https:\/\/atecordoba.org\/wp-content\/uploads\/2022\/02\/IMG-20220207-WA0159-750x750.jpg 750w\" sizes=\"auto, (max-width: 750px) 100vw, 750px\" \/><\/figure><\/div>\n\n\n\n<p>En rechazo al acuerdo que el gobierno nacional est\u00e1 llevando adelante con el FMI, el Consejo Directivo Provincial (CDP) de ATE C\u00f3rdoba convoca a marchar hoy martes 8 de febrero, a las 18 horas, junto a organizaciones sociales, pol\u00edticas y culturales. La movilizaci\u00f3n partir\u00e1 desde la esquina de Col\u00f3n y Ca\u00f1ada.<\/p>\n\n\n\n<p>Se trata de una nueva estafa del FMI en complicidad con los gobiernos locales y los poderes f\u00e1cticos y medi\u00e1ticos que llevaron a Mauricio Macri al poder, que lamentablemente el gobierno actual pretende comprometerse a pagar hipotecando el futuro argentino, estableciendo un plan de financiaci\u00f3n del pago de la deuda externa que ya produjo la enorme crisis financiera y el estado de dependencia actual. Mientras, Macri y su banda se pasean dando consejos, sin asumir las responsabilidades que le corresponden.<\/p>\n\n\n\n<p>Desde ATE, en un principio que ha regido la historia de luchas de nuestra organizaci\u00f3n, decimos que no vamos a avalar otra entrega de la soberan\u00eda nacional, otro plan de ajuste -que sabemos siempre recae sobre las y los estatales- ni vamos a hipotecar el futuro de nuestros hijos. Exigimos una investigaci\u00f3n y auditoria de la deuda que reclama el Fondo. <\/p>\n\n\n\n<p>Todos juntos  en las calles de la provincia y el pa\u00eds en defensa del patrimonio nacional. La deuda de Macri es una estafa y las estafas no se pagan. <\/p>\n\n\n\n<p class=\"has-text-align-center\">\u00a1Patria si, colonia no!<\/p>\n","protected":false},"excerpt":{"rendered":"<p>En rechazo al acuerdo que el gobierno nacional est\u00e1 llevando adelante con el FMI, el Consejo Directivo Provincial (CDP) de ATE C\u00f3rdoba convoca a marchar hoy martes 8 de febrero, a las 18 horas, junto a organizaciones sociales, pol\u00edticas y culturales. La movilizaci\u00f3n partir\u00e1 desde la esquina de Col\u00f3n y Ca\u00f1ada. Se trata de una [&hellip;]<\/p>\n","protected":false},"author":7,"featured_media":30000,"comment_status":"open","ping_status":"open","sticky":false,"template":"","format":"standard","meta":{"_exactmetrics_skip_tracking":false,"_exactmetrics_sitenote_active":false,"_exactmetrics_sitenote_note":"","_exactmetrics_sitenote_category":0,"jnews-multi-image_gallery":[],"jnews_single_post":{"subtitle":"Hoy a las 18 horas nos concentramos en la esquina de Col\u00f3n y Ca\u00f1ada para repudiar el acuerdo con el Fondo. ","format":"standard","video":"","gallery":"","source_name":"","source_url":"","via_name":"","via_url":"","override":[{"template":"1","single_blog_custom":"","parallax":"1","fullscreen":"1","layout":"right-sidebar","sidebar":"default-sidebar","second_sidebar":"default-sidebar","sticky_sidebar":"1","share_position":"top","share_float_style":"share-monocrhome","show_share_counter":"1","show_view_counter":"1","show_featured":"1","show_post_meta":"1","show_post_author":"1","show_post_author_image":"1","show_post_date":"1","post_date_format":"default","post_date_format_custom":"Y\/m\/d","show_post_category":"1","post_reading_time_wpm":"300","zoom_button_out_step":"2","zoom_button_in_step":"3","show_post_tag":"1","show_prev_next_post":"1","show_popup_post":"1","number_popup_post":"1"}],"image_override":[{"single_post_thumbnail_size":"crop-500","single_post_gallery_size":"crop-500"}],"trending_post_position":"meta","trending_post_label":"Trending","sponsored_post_label":"Sponsored by","sponsored_post_name":"","sponsored_post_url":"","sponsored_post_logo":"","sponsored_post_desc":""},"jnews_primary_category":{"id":""},"jnews_social_meta":[],"jnews_review":[],"enable_review":"","type":"","name":"","summary":"","brand":"","sku":"","good":[],"bad":[],"score_override":"","override_value":"","rating":[],"price":[],"jnews_override_counter":[],"jnews_post_split":[],"footnotes":""},"categories":[1],"tags":[945,1005],"class_list":["post-29998","post","type-post","status-publish","format-standard","has-post-thumbnail","hentry","category-sin-categoria","tag-deuda-externa","tag-fmi"],"jetpack_featured_media_url":"https:\/\/atecordoba.org\/wp-content\/uploads\/2022\/02\/IMG-20220207-WA0158-e1644326776585.jpg","_links":{"self":[{"href":"https:\/\/atecordoba.org\/index.php?rest_route=\/wp\/v2\/posts\/29998","targetHints":{"allow":["GET"]}}],"collection":[{"href":"https:\/\/atecordoba.org\/index.php?rest_route=\/wp\/v2\/posts"}],"about":[{"href":"https:\/\/atecordoba.org\/index.php?rest_route=\/wp\/v2\/types\/post"}],"author":[{"embeddable":true,"href":"https:\/\/atecordoba.org\/index.php?rest_route=\/wp\/v2\/users\/7"}],"replies":[{"embeddable":true,"href":"https:\/\/atecordoba.org\/index.php?rest_route=%2Fwp%2Fv2%2Fcomments&post=29998"}],"version-history":[{"count":1,"href":"https:\/\/atecordoba.org\/index.php?rest_route=\/wp\/v2\/posts\/29998\/revisions"}],"predecessor-version":[{"id":30001,"href":"https:\/\/atecordoba.org\/index.php?rest_route=\/wp\/v2\/posts\/29998\/revisions\/30001"}],"wp:featuredmedia":[{"embeddable":true,"href":"https:\/\/atecordoba.org\/index.php?rest_route=\/wp\/v2\/media\/30000"}],"wp:attachment":[{"href":"https:\/\/atecordoba.org\/index.php?rest_route=%2Fwp%2Fv2%2Fmedia&parent=29998"}],"wp:term":[{"taxonomy":"category","embeddable":true,"href":"https:\/\/atecordoba.org\/index.php?rest_route=%2Fwp%2Fv2%2Fcategories&post=29998"},{"taxonomy":"post_tag","embeddable":true,"href":"https:\/\/atecordoba.org\/index.php?rest_route=%2Fwp%2Fv2%2Ftags&post=29998"}],"curies":[{"name":"wp","href":"https:\/\/api.w.org\/{rel}","templated":true}]}}