{"id":29993,"date":"2022-02-07T15:48:32","date_gmt":"2022-02-07T18:48:32","guid":{"rendered":"https:\/\/atecordoba.org\/?p=29993"},"modified":"2022-02-07T15:49:38","modified_gmt":"2022-02-07T18:49:38","slug":"bell-ville-ate-denuncia-una-ordenanza-que-precariza-a-las-y-los-musicos-y-docentes-de-la-banda-y-escuela-de-musica-municipal","status":"publish","type":"post","link":"https:\/\/atecordoba.org\/?p=29993","title":{"rendered":"Bell Ville: ATE denuncia una ordenanza que precariza a las y los m\u00fasicos y docentes de la banda y escuela de m\u00fasica municipal"},"content":{"rendered":"\n<div class=\"wp-block-image\"><figure class=\"aligncenter size-large is-resized\"><img loading=\"lazy\" decoding=\"async\" src=\"https:\/\/atecordoba.org\/wp-content\/uploads\/2022\/02\/banda-musical-bell-ville.jpg\" alt=\"\" class=\"wp-image-29994\" width=\"720\" height=\"479\" \/><\/figure><\/div>\n\n\n\n<p>En una nota dirigida a la comunidad, la delegaci\u00f3n de Bell Ville de ATE, dependiente del la seccional ATE Villa Mar\u00eda, denunci\u00f3 que la ordenanza 2485 aprobada por el Concejo Deliberante el a\u00f1o pasado promueve la precarizaci\u00f3n de los m\u00fasicos docentes y directivos que la integran, afectando el funcionamiento y los derechos laborales de trabajadores de una instituci\u00f3n con 83 a\u00f1os de vida formando m\u00fasicos y brindando actividades culturales en la ciudad del sureste provincial. <\/p>\n\n\n\n<p>En tal sentido, ATE denuncia el \u00f3rgano legislativo aprob\u00f3 la mencionada ordenanza sin tener en cuenta la opini\u00f3n de los integrantes de la banda, ni de los docentes y padres y madres de los alumnos. <\/p>\n\n\n\n<p>La cr\u00edtica se fundamenta en que la norma reduce de 10 a 6 la cantidad de cargos municipales en el organismo, mientras impide que cinco trabajadores contratados puedan aspirar a su derecho como integrantes de la planta permanente, al tiempo que se le niega a los m\u00fasicos que son a la vez docentes y formadores de m\u00fasicos el acceso a la carrera docente, inherente a su condici\u00f3n como pedagogos. <\/p>\n\n\n\n<p>Por otro lado, ATE critica que la ordenanza establece revisiones y pruebas peri\u00f3dicas pero no deja claro quienes ser\u00edan los que eval\u00faen a los integrantes de la banda y la escuela de m\u00fasica, ni incluye a la representaci\u00f3n sindical como veedora de los presuntos concursos. <\/p>\n\n\n\n<div class=\"wp-block-image\"><figure class=\"alignright size-large is-resized\"><img loading=\"lazy\" decoding=\"async\" src=\"https:\/\/atecordoba.org\/wp-content\/uploads\/2022\/02\/banda-musical-bell-ville2.jpg\" alt=\"\" class=\"wp-image-29995\" width=\"587\" height=\"316\" srcset=\"https:\/\/atecordoba.org\/wp-content\/uploads\/2022\/02\/banda-musical-bell-ville2.jpg 800w, https:\/\/atecordoba.org\/wp-content\/uploads\/2022\/02\/banda-musical-bell-ville2-300x161.jpg 300w, https:\/\/atecordoba.org\/wp-content\/uploads\/2022\/02\/banda-musical-bell-ville2-768x413.jpg 768w, https:\/\/atecordoba.org\/wp-content\/uploads\/2022\/02\/banda-musical-bell-ville2-750x403.jpg 750w\" sizes=\"auto, (max-width: 587px) 100vw, 587px\" \/><\/figure><\/div>\n\n\n\n<p>&#8220;Recordamos qu\u00e9, en 83 a\u00f1os de existencia la Municipalidad de Bell Ville no le prest\u00f3 la debida atenci\u00f3n a la instituci\u00f3n y cuando se toma la decisi\u00f3n pol\u00edtica de hacerlo, se lo hace enga\u00f1osamente a trav\u00e9s de una supuesta capacitaci\u00f3n (duraci\u00f3n 04 meses aproximadamente) que dentro de ella, llevo un informe de situaci\u00f3n de la Escuela de M\u00fasica y Banda Municipal, realizado por el se\u00f1or Esteban Gabriel Fern\u00e1ndez, Licenciado en composici\u00f3n Musical; el cual puede ser objetivo, generalizado y no puntual, sin dar tal vez un plan de trabajo en el tiempo para ir mejorando, no solo sobre los maestros m\u00fasicos sino tambi\u00e9n sobre los objetivos a lograr por la instituci\u00f3n, parte que le corresponde a la administraci\u00f3n municipal, la cual toma arbitrariamente e inconsulta \u2013 sin dar participaci\u00f3n a la comunidad educativa y representantes de las trabajadoras y trabajadores \u2013 tomando la iniciativa de presentar un proyecto de reestructuraci\u00f3n y posteriormente el llamado a concurso.<\/p>\n\n\n\n<p>La esquela contin\u00faa, afirmando que &#8220;no se pone en tela de juicio la intenci\u00f3n de mejorar el programa de estudios, si se cuestiona la falta de claridad en el trato de la situaci\u00f3n de los actuales trabajadores docentes m\u00fasicos, de la futura estructura educativa que debe ser concursada cada 2 a\u00f1os (directivos) y cada 1 a\u00f1o (maestros y m\u00fasicos), terminando as\u00ed con toda relaci\u00f3n laboral a largo plazo adem\u00e1s de afectar el n\u00facleo de ense\u00f1anza constituido por los docentes, padres y alumnos que forma una gran familia hoy por hoy, todo esto; se va a ver afectado cuando cambie de directores y maestros, porque la ordenanza lo exige&#8221;. <\/p>\n","protected":false},"excerpt":{"rendered":"<p>En una nota dirigida a la comunidad, la delegaci\u00f3n de Bell Ville de ATE, dependiente del la seccional ATE Villa Mar\u00eda, denunci\u00f3 que la ordenanza 2485 aprobada por el Concejo Deliberante el a\u00f1o pasado promueve la precarizaci\u00f3n de los m\u00fasicos docentes y directivos que la integran, afectando el funcionamiento y los derechos laborales de trabajadores [&hellip;]<\/p>\n","protected":false},"author":7,"featured_media":29994,"comment_status":"open","ping_status":"open","sticky":false,"template":"","format":"standard","meta":{"_exactmetrics_skip_tracking":false,"_exactmetrics_sitenote_active":false,"_exactmetrics_sitenote_note":"","_exactmetrics_sitenote_category":0,"jnews-multi-image_gallery":[],"jnews_single_post":{"subtitle":"La norma reduce los cargos de planta permanente, niega carrera administrativa a los docentes y no integra a los gremios como veedores en los concursos.","format":"standard","video":"","gallery":"","source_name":"","source_url":"","via_name":"","via_url":"","override":[{"template":"1","single_blog_custom":"","parallax":"1","fullscreen":"1","layout":"right-sidebar","sidebar":"default-sidebar","second_sidebar":"default-sidebar","sticky_sidebar":"1","share_position":"top","share_float_style":"share-monocrhome","show_share_counter":"1","show_view_counter":"1","show_featured":"1","show_post_meta":"1","show_post_author":"1","show_post_author_image":"1","show_post_date":"1","post_date_format":"default","post_date_format_custom":"Y\/m\/d","show_post_category":"1","post_reading_time_wpm":"300","zoom_button_out_step":"2","zoom_button_in_step":"3","show_post_tag":"1","show_prev_next_post":"1","show_popup_post":"1","number_popup_post":"1"}],"image_override":[{"single_post_thumbnail_size":"crop-500","single_post_gallery_size":"crop-500"}],"trending_post_position":"meta","trending_post_label":"Trending","sponsored_post_label":"Sponsored by","sponsored_post_name":"","sponsored_post_url":"","sponsored_post_logo":"","sponsored_post_desc":""},"jnews_primary_category":{"id":""},"jnews_social_meta":[],"jnews_review":[],"enable_review":"","type":"","name":"","summary":"","brand":"","sku":"","good":[],"bad":[],"score_override":"","override_value":"","rating":[],"price":[],"jnews_override_counter":[],"jnews_post_split":[],"footnotes":""},"categories":[20],"tags":[1008,679],"class_list":["post-29993","post","type-post","status-publish","format-standard","has-post-thumbnail","hentry","category-municipales","tag-banda-y-escuela-de-musica","tag-bell-ville"],"jetpack_featured_media_url":"https:\/\/atecordoba.org\/wp-content\/uploads\/2022\/02\/banda-musical-bell-ville-e1644259674543.jpg","_links":{"self":[{"href":"https:\/\/atecordoba.org\/index.php?rest_route=\/wp\/v2\/posts\/29993","targetHints":{"allow":["GET"]}}],"collection":[{"href":"https:\/\/atecordoba.org\/index.php?rest_route=\/wp\/v2\/posts"}],"about":[{"href":"https:\/\/atecordoba.org\/index.php?rest_route=\/wp\/v2\/types\/post"}],"author":[{"embeddable":true,"href":"https:\/\/atecordoba.org\/index.php?rest_route=\/wp\/v2\/users\/7"}],"replies":[{"embeddable":true,"href":"https:\/\/atecordoba.org\/index.php?rest_route=%2Fwp%2Fv2%2Fcomments&post=29993"}],"version-history":[{"count":1,"href":"https:\/\/atecordoba.org\/index.php?rest_route=\/wp\/v2\/posts\/29993\/revisions"}],"predecessor-version":[{"id":29996,"href":"https:\/\/atecordoba.org\/index.php?rest_route=\/wp\/v2\/posts\/29993\/revisions\/29996"}],"wp:featuredmedia":[{"embeddable":true,"href":"https:\/\/atecordoba.org\/index.php?rest_route=\/wp\/v2\/media\/29994"}],"wp:attachment":[{"href":"https:\/\/atecordoba.org\/index.php?rest_route=%2Fwp%2Fv2%2Fmedia&parent=29993"}],"wp:term":[{"taxonomy":"category","embeddable":true,"href":"https:\/\/atecordoba.org\/index.php?rest_route=%2Fwp%2Fv2%2Fcategories&post=29993"},{"taxonomy":"post_tag","embeddable":true,"href":"https:\/\/atecordoba.org\/index.php?rest_route=%2Fwp%2Fv2%2Ftags&post=29993"}],"curies":[{"name":"wp","href":"https:\/\/api.w.org\/{rel}","templated":true}]}}