{"id":29988,"date":"2022-02-07T14:24:42","date_gmt":"2022-02-07T17:24:42","guid":{"rendered":"https:\/\/atecordoba.org\/?p=29988"},"modified":"2022-02-07T14:25:32","modified_gmt":"2022-02-07T17:25:32","slug":"ate-solicita-a-la-provincia-el-codigo-social-de-descuento","status":"publish","type":"post","link":"https:\/\/atecordoba.org\/?p=29988","title":{"rendered":"ATE solicita a la provincia el c\u00f3digo social de descuento"},"content":{"rendered":"\n<div class=\"wp-block-image\"><figure class=\"aligncenter size-large is-resized\"><img loading=\"lazy\" decoding=\"async\" src=\"https:\/\/atecordoba.org\/wp-content\/uploads\/2022\/02\/panal.jpg\" alt=\"\" class=\"wp-image-29989\" width=\"743\" height=\"495\" \/><\/figure><\/div>\n\n\n\n<p>En una nota enviada el gobernador de la provincia, Juan Schiaretti, el Consejo Directivo Provincial reclam\u00f3 que le se devuelto el \u00b4c\u00f3digo social de descuento &#8216;, que el propio gobierno de C\u00f3rdoba quit\u00f3 a ATE durante el segundo gobierno de Jos\u00e9 Manuel De la Sota, cuando se desconoci\u00f3 a nuestro gremio como entidad con capacidad de representaci\u00f3n de las y los trabajadores provinciales. <\/p>\n\n\n\n<p>Tanto el Ministerio de Trabajo de la Naci\u00f3n como la Corte Suprema de Justicia ordenaron a la Provincia restituir el derecho de las y los estatales provinciales a elegir su gremio con personar\u00eda gremial, y en consecuencia su derecho a poder pagar la cuota sindical a trav\u00e9s de su recibo de sueldo, figura denominada &#8216;c\u00f3digo de descuento&#8217;. <\/p>\n\n\n\n<p>Pero qued\u00f3 pendiente la restituci\u00f3n del &#8216;c\u00f3digo de descuento social&#8217;, figura conexa a la anterior que permite al trabajador hace uso de beneficios sociales que brinda ATE y que los mismos sean cobrados por medio del recibo de sueldo, ventaja que goza el SEP y que nuestro gremio debe recibir en igualdad de condiciones.}<\/p>\n\n\n\n<p>De lo contrario &#8220;no otorgarlo constituir\u00eda una discriminaci\u00f3n arbitraria por parte del Gobierno Provincial hacia nuestra entidad&#8221;.<\/p>\n\n\n\n<p>ATE cuenta con la personer\u00eda Gremial N\u00b02 del pa\u00eds, siendo una entidad sindical que brinda numerosos servicios sociales a nuestros afiliados y afiliadas a lo largo y ancho del territorio provincial. Negar el derecho reclamado constituye un perjuicio para quienes nos eligen y est\u00e1 por fuera de la normativa legal vigente. <\/p>\n\n\n\n<div class=\"wp-block-file\"><a href=\"https:\/\/atecordoba.org\/wp-content\/uploads\/2022\/02\/Nota-ATE-solicita-codigo-social-de-descuento-1.docx\">Nota-ATE-solicita-codigo-social-de-descuento-1<\/a><a href=\"https:\/\/atecordoba.org\/wp-content\/uploads\/2022\/02\/Nota-ATE-solicita-codigo-social-de-descuento-1.docx\" class=\"wp-block-file__button\" download>Descarga<\/a><\/div>\n\n\n\n<p><\/p>\n","protected":false},"excerpt":{"rendered":"<p>En una nota enviada el gobernador de la provincia, Juan Schiaretti, el Consejo Directivo Provincial reclam\u00f3 que le se devuelto el \u00b4c\u00f3digo social de descuento &#8216;, que el propio gobierno de C\u00f3rdoba quit\u00f3 a ATE durante el segundo gobierno de Jos\u00e9 Manuel De la Sota, cuando se desconoci\u00f3 a nuestro gremio como entidad con capacidad [&hellip;]<\/p>\n","protected":false},"author":7,"featured_media":29989,"comment_status":"open","ping_status":"open","sticky":false,"template":"","format":"standard","meta":{"_exactmetrics_skip_tracking":false,"_exactmetrics_sitenote_active":false,"_exactmetrics_sitenote_note":"","_exactmetrics_sitenote_category":0,"jnews-multi-image_gallery":[],"jnews_single_post":{"subtitle":"Se trata de un beneficio que el gobierno retir\u00f3 y que debe ser restituido. ","format":"standard","video":"","gallery":"","source_name":"","source_url":"","via_name":"","via_url":"","override":[{"template":"1","single_blog_custom":"","parallax":"1","fullscreen":"1","layout":"right-sidebar","sidebar":"default-sidebar","second_sidebar":"default-sidebar","sticky_sidebar":"1","share_position":"top","share_float_style":"share-monocrhome","show_share_counter":"1","show_view_counter":"1","show_featured":"1","show_post_meta":"1","show_post_author":"1","show_post_author_image":"1","show_post_date":"1","post_date_format":"default","post_date_format_custom":"Y\/m\/d","show_post_category":"1","post_reading_time_wpm":"300","zoom_button_out_step":"2","zoom_button_in_step":"3","show_post_tag":"1","show_prev_next_post":"1","show_popup_post":"1","number_popup_post":"1"}],"image_override":[{"single_post_thumbnail_size":"crop-500","single_post_gallery_size":"crop-500"}],"trending_post_position":"meta","trending_post_label":"Trending","sponsored_post_label":"Sponsored by","sponsored_post_name":"","sponsored_post_url":"","sponsored_post_logo":"","sponsored_post_desc":""},"jnews_primary_category":{"id":""},"jnews_social_meta":[],"jnews_review":[],"enable_review":"","type":"","name":"","summary":"","brand":"","sku":"","good":[],"bad":[],"score_override":"","override_value":"","rating":[],"price":[],"jnews_override_counter":[],"jnews_post_split":[],"footnotes":""},"categories":[8],"tags":[1007],"class_list":["post-29988","post","type-post","status-publish","format-standard","has-post-thumbnail","hentry","category-provinciales","tag-codigo-social-de-descuento"],"jetpack_featured_media_url":"https:\/\/atecordoba.org\/wp-content\/uploads\/2022\/02\/panal-e1644254630778.jpg","_links":{"self":[{"href":"https:\/\/atecordoba.org\/index.php?rest_route=\/wp\/v2\/posts\/29988","targetHints":{"allow":["GET"]}}],"collection":[{"href":"https:\/\/atecordoba.org\/index.php?rest_route=\/wp\/v2\/posts"}],"about":[{"href":"https:\/\/atecordoba.org\/index.php?rest_route=\/wp\/v2\/types\/post"}],"author":[{"embeddable":true,"href":"https:\/\/atecordoba.org\/index.php?rest_route=\/wp\/v2\/users\/7"}],"replies":[{"embeddable":true,"href":"https:\/\/atecordoba.org\/index.php?rest_route=%2Fwp%2Fv2%2Fcomments&post=29988"}],"version-history":[{"count":2,"href":"https:\/\/atecordoba.org\/index.php?rest_route=\/wp\/v2\/posts\/29988\/revisions"}],"predecessor-version":[{"id":29992,"href":"https:\/\/atecordoba.org\/index.php?rest_route=\/wp\/v2\/posts\/29988\/revisions\/29992"}],"wp:featuredmedia":[{"embeddable":true,"href":"https:\/\/atecordoba.org\/index.php?rest_route=\/wp\/v2\/media\/29989"}],"wp:attachment":[{"href":"https:\/\/atecordoba.org\/index.php?rest_route=%2Fwp%2Fv2%2Fmedia&parent=29988"}],"wp:term":[{"taxonomy":"category","embeddable":true,"href":"https:\/\/atecordoba.org\/index.php?rest_route=%2Fwp%2Fv2%2Fcategories&post=29988"},{"taxonomy":"post_tag","embeddable":true,"href":"https:\/\/atecordoba.org\/index.php?rest_route=%2Fwp%2Fv2%2Ftags&post=29988"}],"curies":[{"name":"wp","href":"https:\/\/api.w.org\/{rel}","templated":true}]}}