{"id":29984,"date":"2022-02-07T12:52:49","date_gmt":"2022-02-07T15:52:49","guid":{"rendered":"https:\/\/atecordoba.org\/?p=29984"},"modified":"2022-02-07T13:02:11","modified_gmt":"2022-02-07T16:02:11","slug":"giuliani-presente-en-la-movilizacion-en-bariloche-contra-la-justicia-subordinada-al-dueno-del-lago-escondido-el-ingles-joe-lewis","status":"publish","type":"post","link":"https:\/\/atecordoba.org\/?p=29984","title":{"rendered":"Giuliani presente en la movilizaci\u00f3n en Bariloche contra la Justicia subordinada al due\u00f1o del Lago Escondido, el ingl\u00e9s Joe Lewis"},"content":{"rendered":"\n<div class=\"wp-block-image\"><figure class=\"aligncenter size-large is-resized\"><img loading=\"lazy\" decoding=\"async\" src=\"https:\/\/atecordoba.org\/wp-content\/uploads\/2022\/02\/IMG-20220207-WA0064-1024x768.jpg\" alt=\"\" class=\"wp-image-29972\" width=\"769\" height=\"577\" \/><\/figure><\/div>\n\n\n\n<p id=\"block-ccc513cd-64c2-4cd7-b596-c7f256490c52\">ATE y la CTA se hoy movilizaron en la ciudad de Bariloche para respaldar a los manifestantes retenidos para el grupo armado y presentar un &#8216;habeas corpus&#8217; para que el Poder Judicial garantice la salud de dichos compa\u00f1eros y compa\u00f1eras.<\/p>\n\n\n\n<p id=\"block-ede98905-2180-40a9-8a08-11604aa63a60\">Desde C\u00f3rdoba, una delegaci\u00f3n de ATE y CTA provincia de C\u00f3rdoba se traslad\u00f3 a la zona para dar apoyo a la marcha. Se encuentra en el lugar el secretario General del Consejo Directivo Provincial, Federico Giuliani, el secretario de Finanzas, Ricardo Reyna, el secretario de Formaci\u00f3n, C\u00e9sar Theaux, y el responsable del Departamento de Salud Laboral, Mat\u00edas Giuliani.<\/p>\n\n\n\n<p id=\"block-697e836b-cfcf-4006-8da1-7a4600b4d60f\"><strong>Defender soberan\u00eda<\/strong><\/p>\n\n\n\n<p id=\"block-71c072a5-e43a-4908-bf9c-b45a3b718285\">Consultado sobre el panorama que observa del conflicto, que lleva a\u00f1os desarroll\u00e1ndose a partir del incumplimiento de parte de Lewis de la legislaci\u00f3n nacional y los fallos judicial, Giuliani declar\u00f3 hoy que &#8220;ATE y la CTA provincia de C\u00f3rdoba est\u00e1n acompa\u00f1ando a la central y nuestro gremio en R\u00edo Negro, junto a otras organizaciones sociales, pol\u00edticas y culturales, que reivindican la soberan\u00eda nacional sobre el Lago Escondido&#8221;.<\/p>\n\n\n\n<figure class=\"wp-block-gallery columns-3 is-cropped wp-block-gallery-1 is-layout-flex wp-block-gallery-is-layout-flex\"><ul class=\"blocks-gallery-grid\"><li class=\"blocks-gallery-item\"><figure><img loading=\"lazy\" decoding=\"async\" width=\"1024\" height=\"768\" src=\"https:\/\/atecordoba.org\/wp-content\/uploads\/2022\/02\/IMG-20220207-WA0077-1024x768.jpg\" alt=\"\" data-id=\"29971\" data-full-url=\"https:\/\/atecordoba.org\/wp-content\/uploads\/2022\/02\/IMG-20220207-WA0077.jpg\" data-link=\"https:\/\/atecordoba.org\/?attachment_id=29971\" class=\"wp-image-29971\" srcset=\"https:\/\/atecordoba.org\/wp-content\/uploads\/2022\/02\/IMG-20220207-WA0077-1024x768.jpg 1024w, https:\/\/atecordoba.org\/wp-content\/uploads\/2022\/02\/IMG-20220207-WA0077-300x225.jpg 300w, https:\/\/atecordoba.org\/wp-content\/uploads\/2022\/02\/IMG-20220207-WA0077-768x576.jpg 768w, https:\/\/atecordoba.org\/wp-content\/uploads\/2022\/02\/IMG-20220207-WA0077-1536x1152.jpg 1536w, https:\/\/atecordoba.org\/wp-content\/uploads\/2022\/02\/IMG-20220207-WA0077-750x562.jpg 750w, https:\/\/atecordoba.org\/wp-content\/uploads\/2022\/02\/IMG-20220207-WA0077-1140x855.jpg 1140w, https:\/\/atecordoba.org\/wp-content\/uploads\/2022\/02\/IMG-20220207-WA0077.jpg 1599w\" sizes=\"auto, (max-width: 1024px) 100vw, 1024px\" \/><\/figure><\/li><li class=\"blocks-gallery-item\"><figure><img loading=\"lazy\" decoding=\"async\" width=\"1024\" height=\"768\" src=\"https:\/\/atecordoba.org\/wp-content\/uploads\/2022\/02\/IMG-20220207-WA0072-1024x768.jpg\" alt=\"\" data-id=\"29970\" data-full-url=\"https:\/\/atecordoba.org\/wp-content\/uploads\/2022\/02\/IMG-20220207-WA0072.jpg\" data-link=\"https:\/\/atecordoba.org\/?attachment_id=29970\" class=\"wp-image-29970\" srcset=\"https:\/\/atecordoba.org\/wp-content\/uploads\/2022\/02\/IMG-20220207-WA0072-1024x768.jpg 1024w, https:\/\/atecordoba.org\/wp-content\/uploads\/2022\/02\/IMG-20220207-WA0072-300x225.jpg 300w, https:\/\/atecordoba.org\/wp-content\/uploads\/2022\/02\/IMG-20220207-WA0072-768x576.jpg 768w, https:\/\/atecordoba.org\/wp-content\/uploads\/2022\/02\/IMG-20220207-WA0072-1536x1152.jpg 1536w, https:\/\/atecordoba.org\/wp-content\/uploads\/2022\/02\/IMG-20220207-WA0072-750x563.jpg 750w, https:\/\/atecordoba.org\/wp-content\/uploads\/2022\/02\/IMG-20220207-WA0072-1140x855.jpg 1140w, https:\/\/atecordoba.org\/wp-content\/uploads\/2022\/02\/IMG-20220207-WA0072.jpg 1600w\" sizes=\"auto, (max-width: 1024px) 100vw, 1024px\" \/><\/figure><\/li><li class=\"blocks-gallery-item\"><figure><img loading=\"lazy\" decoding=\"async\" width=\"1024\" height=\"768\" src=\"https:\/\/atecordoba.org\/wp-content\/uploads\/2022\/02\/IMG-20220207-WA0082-1024x768.jpg\" alt=\"\" data-id=\"29974\" data-full-url=\"https:\/\/atecordoba.org\/wp-content\/uploads\/2022\/02\/IMG-20220207-WA0082.jpg\" data-link=\"https:\/\/atecordoba.org\/?attachment_id=29974\" class=\"wp-image-29974\" srcset=\"https:\/\/atecordoba.org\/wp-content\/uploads\/2022\/02\/IMG-20220207-WA0082-1024x768.jpg 1024w, https:\/\/atecordoba.org\/wp-content\/uploads\/2022\/02\/IMG-20220207-WA0082-300x225.jpg 300w, https:\/\/atecordoba.org\/wp-content\/uploads\/2022\/02\/IMG-20220207-WA0082-768x576.jpg 768w, https:\/\/atecordoba.org\/wp-content\/uploads\/2022\/02\/IMG-20220207-WA0082-1536x1152.jpg 1536w, https:\/\/atecordoba.org\/wp-content\/uploads\/2022\/02\/IMG-20220207-WA0082-750x563.jpg 750w, https:\/\/atecordoba.org\/wp-content\/uploads\/2022\/02\/IMG-20220207-WA0082-1140x855.jpg 1140w, https:\/\/atecordoba.org\/wp-content\/uploads\/2022\/02\/IMG-20220207-WA0082.jpg 1600w\" sizes=\"auto, (max-width: 1024px) 100vw, 1024px\" \/><\/figure><\/li><\/ul><\/figure>\n\n\n\n<p id=\"block-bfdb3e91-69ca-4a06-9ed9-f41cb17b5693\">&#8220;En ese contexto, agreg\u00f3, planteamos la expulsi\u00f3n de Lewis, adem\u00e1s de la soberan\u00eda sobre el lago, porque su figura habla de la extranjerizaci\u00f3n de la tierra y la cooptaci\u00f3n del poder pol\u00edtico y econ\u00f3mico de Argentina desde la d\u00e9cada del &#8217;90 a esta parte, con la complicidad del Gobierno Provincial de R\u00edo Negro y hoy del Gobierno Nacional, que no hace nada, para hacer aplicar los diferentes fallos de la justicia federal que avalan el reclamo que Lewis tiene cercado el lago ilegalmente&#8221;.<\/p>\n\n\n\n<p id=\"block-603e13e5-77d2-48ba-bf1a-4f05633485af\">Giuliani particip\u00f3 esta ma\u00f1ana de una conferencia de prensa en los tribunales provinciales, presentando el mencionado &#8216;habeas corpus&#8217; para garantizar la seguridad f\u00edsica de los marchantes de la columna de la monta\u00f1a, intimidados por una patota de Lewis, que fueron abandonados a su suerte por la polic\u00eda provincial.<\/p>\n\n\n\n<p id=\"block-02131166-97e7-4f39-ace0-b9b331daba8b\">Posteriormente&nbsp;, la marcha encabezada por ATE, se traslad\u00f3 a los tribunales federales de la ciudad de Bariloche para exigir que se cumplan los fallos judiciales vigentes desde 2013 que dicen que Lewis tiene que liberar el acceso al lago, que est\u00e1 actuando de manera ilegal.<\/p>\n\n\n\n<p id=\"block-a44de26a-8340-4b2b-ae7d-63201e0b937a\">Seg\u00fan dijo, Giuliani, seguidamente &#8220;vamos a intentar llegar con la columna de manifestantes a la puerta de uno de los caminos de acceso p\u00fablico a Lago Escondido, en la Ruta 40 que est\u00e1 visiblemente custodiada por la Polic\u00eda y Gendarmer\u00eda&#8221;.<\/p>\n\n\n\n<div id=\"block-9bfe73b8-bb38-417a-ae2b-1307b17cc679\" class=\"wp-block-image\"><figure class=\"alignright is-resized\"><img loading=\"lazy\" decoding=\"async\" src=\"https:\/\/atecordoba.org\/wp-content\/uploads\/2022\/02\/lago-escondidojpeg-1-1024x576.jpeg\" alt=\"Esta imagen tiene un atributo alt vac\u00edo; el nombre del archivo es lago-escondidojpeg-1-1024x576.jpeg\" width=\"512\" height=\"288\" \/><\/figure><\/div>\n\n\n\n<p id=\"block-7cf1a9e3-6afc-490f-b2ac-edc6ed3f7245\">Y concluy\u00f3: &#8220;nuestra intensi\u00f3n como ATE y CTA provincia de C\u00f3rdoba es ratificar nuestra integralidad de la mirada pol\u00edtica. No solo discutimos lo salarial, discutimos soberan\u00eda y en este caso venimos a una provincia amiga para acompa\u00f1ar la lucha y entendemos que le lema sigue siendo &#8216;patria si, colonia no'&#8221;.<\/p>\n\n\n\n<p id=\"block-86a3c94b-9acd-4e3b-8633-4e907275e301\"><strong>Los hechos<\/strong><\/p>\n\n\n\n<p id=\"block-fd97dd61-83ea-46b2-b2de-dcc1a80caf95\">La Secretar\u00eda de Derechos Humanos de la Naci\u00f3n denunci\u00f3 agresiones y amenazas a un grupo de manifestantes que marchan en reclamo de la soberan\u00eda del Lago Escondido, cuyo paso est\u00e1 impedido por el magnate brit\u00e1nico due\u00f1o de parte de esos territorios, Joe Lewis, a pesar de que se trata de &#8220;un camino autorizado por la Justicia&#8221;. Entre los senderistas se encuentra el sanitarista Jorge Rachid, asesor del gobernador Axel Kicillof.<\/p>\n\n\n\n<p id=\"block-feb1d096-2ec7-406c-b752-adff186ff461\">La pareja del m\u00e9dico, Gabriela Due\u00f1as, dijo que pasaron una noche &#8220;muy preocupados por la suerte de todos los compa\u00f1eros que conforman la columna por la Sexta Marcha por la Soberan\u00eda del Lago Escondido, que est\u00e1 recorriendo el camino de monta\u00f1a y que ayer, en horas del mediod\u00eda, fue sorprendido por 50 efectivos de Lewis montados a caballo y armados, quienes les impidieron el paso\u201d.<\/p>\n\n\n\n<div id=\"block-20e6a6e8-d17c-467e-be32-7dafb934758a\" class=\"wp-block-image\"><figure class=\"alignleft is-resized\"><img loading=\"lazy\" decoding=\"async\" src=\"https:\/\/atecordoba.org\/wp-content\/uploads\/2022\/02\/Lago-Escondido.jpg\" alt=\"Esta imagen tiene un atributo alt vac\u00edo; el nombre del archivo es Lago-Escondido.jpg\" width=\"428\" height=\"229\" \/><figcaption>Imagen de archivo.<\/figcaption><\/figure><\/div>\n\n\n\n<p id=\"block-e7846c95-ec2a-4d5c-b0f1-1d816b00f644\">En declaraciones a La Mecha por Radio Provincia, la esposa del m\u00e9dico Rachid indic\u00f3 que \u201clos compa\u00f1eros estaban acampando pac\u00edficamente a orillas del Lago Soberan\u00eda, a pocos kil\u00f3metros del Lago Escondido\u201d, y revel\u00f3 que \u201cresistieron\u201d el embate de la patota de Lewis y \u201cse quedaron en el lugar pero no les permitieron avanzar\u201d. En ese marco, denunci\u00f3 que \u201clo que realmente nos gener\u00f3 angustia es que dos polic\u00edas de la provincia de R\u00edo Negro que los estaban acompa\u00f1ando se retiraron y los dejaron solos cuando se presentan los efectivos de Lewis\u201d.<\/p>\n\n\n\n<p id=\"block-1b47c66a-cd2d-4f26-a0be-48c75df2b223\">Adem\u00e1s, Due\u00f1as inform\u00f3 que \u201clos abogados de esta movilizaci\u00f3n presentaron un Habeas Corpus pero a\u00fan no se ha recibido respuestas de parte de los jueces de Bariloche&#8221;.<\/p>\n\n\n\n<div id=\"block-75b8099a-769b-4074-866d-c2045c25325f\" class=\"wp-block-image\"><figure class=\"alignright is-resized\"><img loading=\"lazy\" decoding=\"async\" src=\"https:\/\/atecordoba.org\/wp-content\/uploads\/2022\/02\/marcha-lago-escondidojpg.jpg\" alt=\"Esta imagen tiene un atributo alt vac\u00edo; el nombre del archivo es marcha-lago-escondidojpg.jpg\" width=\"385\" height=\"218\" \/><figcaption>Ingreso del camino apropiado por Lewis.<\/figcaption><\/figure><\/div>\n\n\n\n<p id=\"block-bb5c8b69-a546-4ebf-9786-8770d6ad45f6\">La pareja de Rachid hizo responsable al magnate amigo de Mauricio Macri y a las autoridades competentes de R\u00edo Negro \u201cde la suerte que puedan correr nuestros compa\u00f1eros que est\u00e1n acampando en la costa sur del Lago Soberan\u00eda. A ellos no los dejan avanzar para poner una bandera que dice \u2018Las Malvinas son argentinas. El Lago Escondido tambi\u00e9n\u2019. El \u00fanico acceso al Lago, que es patrimonio argentino, est\u00e1 vedado por este se\u00f1or&#8221;, repudi\u00f3.<\/p>\n\n\n\n<p id=\"block-35e446dd-8a67-4976-8628-a5f9d1cc9316\">Por otro lado, resalt\u00f3 que recibi\u00f3 el apoyo del ex ministro de Salud de la Provincia, Daniel Goll\u00e1n, y del actual titular de la cartera sanitaria bonaerense, Nicol\u00e1s Kreplak. &#8220;Tuvimos el respaldo de ellos ya que Jorge es asesor por el tema Covid_19\u201d, sostuvo, y agreg\u00f3 que \u201choy est\u00e1n llegando compa\u00f1eros a El Bols\u00f3n para sumarse a la marcha. En las marchas anteriores tambi\u00e9n hubo problemas. En ninguna se pudo acceder como manda la ley, pero en esta en particular estamos muy afligidos y necesitamos que esto se visibilice por la vida de nuestros compa\u00f1eros&#8221;, afirm\u00f3.<\/p>\n","protected":false},"excerpt":{"rendered":"<p>ATE y la CTA se hoy movilizaron en la ciudad de Bariloche para respaldar a los manifestantes retenidos para el grupo armado y presentar un &#8216;habeas corpus&#8217; para que el Poder Judicial garantice la salud de dichos compa\u00f1eros y compa\u00f1eras. Desde C\u00f3rdoba, una delegaci\u00f3n de ATE y CTA provincia de C\u00f3rdoba se traslad\u00f3 a la [&hellip;]<\/p>\n","protected":false},"author":7,"featured_media":29972,"comment_status":"open","ping_status":"open","sticky":false,"template":"","format":"standard","meta":{"_exactmetrics_skip_tracking":false,"_exactmetrics_sitenote_active":false,"_exactmetrics_sitenote_note":"","_exactmetrics_sitenote_category":0,"jnews-multi-image_gallery":[],"jnews_single_post":{"subtitle":"Una delegaci\u00f3n encabezada por el secretario General de ATE y la CTA C\u00f3rdoba se traslad\u00f3 al lugar para solidarizarse con los senderistas retenidos por una patota armada por el empresario amigo de Mauricio Macri.","format":"standard","video":"","gallery":"","source_name":"","source_url":"","via_name":"","via_url":"","override":[{"template":"1","single_blog_custom":"","parallax":"1","fullscreen":"1","layout":"right-sidebar","sidebar":"default-sidebar","second_sidebar":"default-sidebar","sticky_sidebar":"1","share_position":"top","share_float_style":"share-monocrhome","show_share_counter":"1","show_view_counter":"1","show_featured":"1","show_post_meta":"1","show_post_author":"1","show_post_author_image":"1","show_post_date":"1","post_date_format":"default","post_date_format_custom":"Y\/m\/d","show_post_category":"1","post_reading_time_wpm":"300","zoom_button_out_step":"2","zoom_button_in_step":"3","show_post_tag":"1","show_prev_next_post":"1","show_popup_post":"1","number_popup_post":"1"}],"image_override":[{"single_post_thumbnail_size":"crop-500","single_post_gallery_size":"crop-500"}],"trending_post_position":"meta","trending_post_label":"Trending","sponsored_post_label":"Sponsored by","sponsored_post_name":"","sponsored_post_url":"","sponsored_post_logo":"","sponsored_post_desc":""},"jnews_primary_category":{"id":""},"jnews_social_meta":[],"jnews_review":[],"enable_review":"","type":"","name":"","summary":"","brand":"","sku":"","good":[],"bad":[],"score_override":"","override_value":"","rating":[],"price":[],"jnews_override_counter":[],"jnews_post_split":[],"footnotes":""},"categories":[10],"tags":[1006],"class_list":["post-29984","post","type-post","status-publish","format-standard","has-post-thumbnail","hentry","category-accion-politica","tag-lago-escondido"],"jetpack_featured_media_url":"https:\/\/atecordoba.org\/wp-content\/uploads\/2022\/02\/IMG-20220207-WA0064-e1644249155782.jpg","_links":{"self":[{"href":"https:\/\/atecordoba.org\/index.php?rest_route=\/wp\/v2\/posts\/29984","targetHints":{"allow":["GET"]}}],"collection":[{"href":"https:\/\/atecordoba.org\/index.php?rest_route=\/wp\/v2\/posts"}],"about":[{"href":"https:\/\/atecordoba.org\/index.php?rest_route=\/wp\/v2\/types\/post"}],"author":[{"embeddable":true,"href":"https:\/\/atecordoba.org\/index.php?rest_route=\/wp\/v2\/users\/7"}],"replies":[{"embeddable":true,"href":"https:\/\/atecordoba.org\/index.php?rest_route=%2Fwp%2Fv2%2Fcomments&post=29984"}],"version-history":[{"count":2,"href":"https:\/\/atecordoba.org\/index.php?rest_route=\/wp\/v2\/posts\/29984\/revisions"}],"predecessor-version":[{"id":29987,"href":"https:\/\/atecordoba.org\/index.php?rest_route=\/wp\/v2\/posts\/29984\/revisions\/29987"}],"wp:featuredmedia":[{"embeddable":true,"href":"https:\/\/atecordoba.org\/index.php?rest_route=\/wp\/v2\/media\/29972"}],"wp:attachment":[{"href":"https:\/\/atecordoba.org\/index.php?rest_route=%2Fwp%2Fv2%2Fmedia&parent=29984"}],"wp:term":[{"taxonomy":"category","embeddable":true,"href":"https:\/\/atecordoba.org\/index.php?rest_route=%2Fwp%2Fv2%2Fcategories&post=29984"},{"taxonomy":"post_tag","embeddable":true,"href":"https:\/\/atecordoba.org\/index.php?rest_route=%2Fwp%2Fv2%2Ftags&post=29984"}],"curies":[{"name":"wp","href":"https:\/\/api.w.org\/{rel}","templated":true}]}}