{"id":29978,"date":"2022-02-07T12:55:39","date_gmt":"2022-02-07T15:55:39","guid":{"rendered":"https:\/\/atecordoba.org\/?p=29978"},"modified":"2022-02-07T12:56:36","modified_gmt":"2022-02-07T15:56:36","slug":"piden-la-reapertura-de-paritarias-en-la-municipalidad-de-rio-cuarto","status":"publish","type":"post","link":"https:\/\/atecordoba.org\/?p=29978","title":{"rendered":"Piden la reapertura de paritarias en la Municipalidad de R\u00edo Cuarto"},"content":{"rendered":"\n<div class=\"wp-block-image\"><figure class=\"aligncenter size-large is-resized\"><img loading=\"lazy\" decoding=\"async\" src=\"https:\/\/atecordoba.org\/wp-content\/uploads\/2022\/02\/rio4-paritarias-1024x723.jpg\" alt=\"\" class=\"wp-image-29979\" width=\"768\" height=\"542\" \/><\/figure><\/div>\n\n\n\n<p>La Asociaci\u00f3n Trabajadores del Estado (ATE-CTA) solicita de manera urgente la reapertura de paritarias en la Municipalidad de R\u00edo Cuarto.<\/p>\n\n\n\n<p>\u201cReclamamos paritarias democr\u00e1ticas y abiertas porque nuestros salarios deben ganarle en serio a la inflaci\u00f3n\u201d, se\u00f1ala un comunicado gremial de la organizaci\u00f3n que conduce la compa\u00f1era Rafaela Alcoba.<\/p>\n","protected":false},"excerpt":{"rendered":"<p>La Asociaci\u00f3n Trabajadores del Estado (ATE-CTA) solicita de manera urgente la reapertura de paritarias en la Municipalidad de R\u00edo Cuarto. \u201cReclamamos paritarias democr\u00e1ticas y abiertas porque nuestros salarios deben ganarle en serio a la inflaci\u00f3n\u201d, se\u00f1ala un comunicado gremial de la organizaci\u00f3n que conduce la compa\u00f1era Rafaela Alcoba.<\/p>\n","protected":false},"author":7,"featured_media":29979,"comment_status":"open","ping_status":"open","sticky":false,"template":"","format":"standard","meta":{"_exactmetrics_skip_tracking":false,"_exactmetrics_sitenote_active":false,"_exactmetrics_sitenote_note":"","_exactmetrics_sitenote_category":0,"jnews-multi-image_gallery":[],"jnews_single_post":{"subtitle":"La secretaria General de ATE R\u00edo Cuarto dijo que los salarios deben ganarle a la inflaci\u00f3n.","format":"standard","video":"","gallery":"","source_name":"","source_url":"","via_name":"","via_url":"","override":[{"template":"1","single_blog_custom":"","parallax":"1","fullscreen":"1","layout":"right-sidebar","sidebar":"default-sidebar","second_sidebar":"default-sidebar","sticky_sidebar":"1","share_position":"top","share_float_style":"share-monocrhome","show_share_counter":"1","show_view_counter":"1","show_featured":"1","show_post_meta":"1","show_post_author":"1","show_post_author_image":"1","show_post_date":"1","post_date_format":"default","post_date_format_custom":"Y\/m\/d","show_post_category":"1","post_reading_time_wpm":"300","zoom_button_out_step":"2","zoom_button_in_step":"3","show_post_tag":"1","show_prev_next_post":"1","show_popup_post":"1","number_popup_post":"1"}],"image_override":[{"single_post_thumbnail_size":"crop-500","single_post_gallery_size":"crop-500"}],"trending_post_position":"meta","trending_post_label":"Trending","sponsored_post_label":"Sponsored by","sponsored_post_name":"","sponsored_post_url":"","sponsored_post_logo":"","sponsored_post_desc":""},"jnews_primary_category":{"id":""},"jnews_social_meta":[],"jnews_review":[],"enable_review":"","type":"","name":"","summary":"","brand":"","sku":"","good":[],"bad":[],"score_override":"","override_value":"","rating":[],"price":[],"jnews_override_counter":[],"jnews_post_split":[],"footnotes":""},"categories":[20,12],"tags":[474],"class_list":["post-29978","post","type-post","status-publish","format-standard","has-post-thumbnail","hentry","category-municipales","category-rio-cuarto","tag-reapertura-de-paritarias"],"jetpack_featured_media_url":"https:\/\/atecordoba.org\/wp-content\/uploads\/2022\/02\/rio4-paritarias-e1644249319463.jpg","_links":{"self":[{"href":"https:\/\/atecordoba.org\/index.php?rest_route=\/wp\/v2\/posts\/29978","targetHints":{"allow":["GET"]}}],"collection":[{"href":"https:\/\/atecordoba.org\/index.php?rest_route=\/wp\/v2\/posts"}],"about":[{"href":"https:\/\/atecordoba.org\/index.php?rest_route=\/wp\/v2\/types\/post"}],"author":[{"embeddable":true,"href":"https:\/\/atecordoba.org\/index.php?rest_route=\/wp\/v2\/users\/7"}],"replies":[{"embeddable":true,"href":"https:\/\/atecordoba.org\/index.php?rest_route=%2Fwp%2Fv2%2Fcomments&post=29978"}],"version-history":[{"count":1,"href":"https:\/\/atecordoba.org\/index.php?rest_route=\/wp\/v2\/posts\/29978\/revisions"}],"predecessor-version":[{"id":29986,"href":"https:\/\/atecordoba.org\/index.php?rest_route=\/wp\/v2\/posts\/29978\/revisions\/29986"}],"wp:featuredmedia":[{"embeddable":true,"href":"https:\/\/atecordoba.org\/index.php?rest_route=\/wp\/v2\/media\/29979"}],"wp:attachment":[{"href":"https:\/\/atecordoba.org\/index.php?rest_route=%2Fwp%2Fv2%2Fmedia&parent=29978"}],"wp:term":[{"taxonomy":"category","embeddable":true,"href":"https:\/\/atecordoba.org\/index.php?rest_route=%2Fwp%2Fv2%2Fcategories&post=29978"},{"taxonomy":"post_tag","embeddable":true,"href":"https:\/\/atecordoba.org\/index.php?rest_route=%2Fwp%2Fv2%2Ftags&post=29978"}],"curies":[{"name":"wp","href":"https:\/\/api.w.org\/{rel}","templated":true}]}}