{"id":29964,"date":"2022-02-07T10:36:22","date_gmt":"2022-02-07T13:36:22","guid":{"rendered":"https:\/\/atecordoba.org\/?p=29964"},"modified":"2022-02-07T10:36:58","modified_gmt":"2022-02-07T13:36:58","slug":"revision-se-acordo-un-14-de-aumento-y-la-paritaria-total-supera-el-54","status":"publish","type":"post","link":"https:\/\/atecordoba.org\/?p=29964","title":{"rendered":"Revisi\u00f3n: Se acord\u00f3 un 14% de aumento y la paritaria total supera el 54%"},"content":{"rendered":"\n<div class=\"wp-block-image\"><figure class=\"alignleft size-large is-resized\"><img loading=\"lazy\" decoding=\"async\" src=\"https:\/\/atecordoba.org\/wp-content\/uploads\/2022\/02\/flyer-paritaria-nacional.png\" alt=\"\" class=\"wp-image-29965\" width=\"576\" height=\"750\" \/><\/figure><\/div>\n\n\n\n<p>El pasado jueves 3 de febrero, en la sede del Ministerio de Trabajo de la Naci\u00f3n, concluy\u00f3 la \u00faltima revisi\u00f3n de la negociaci\u00f3n paritaria 2021-2022 de la Administraci\u00f3n P\u00fablica Nacional. Se acord\u00f3 un 14% de aumento, que se suma al 40% ya alcanzado en instancias anteriores. Se pagar\u00e1 en dos cuotas de 7%: la primera en febrero y la segunda en abril. Con ello se alcanza un incremento paritario total, de punta a punta, del 54%.<\/p>\n\n\n\n<p>En la sede del Ministerio de Trabajo, en representaci\u00f3n del Gobierno estuvieron presentes el Ministro de Trabajo, Claudio Moroni, y la Secretaria de Gesti\u00f3n y Empleo P\u00fablico de la Naci\u00f3n, Ana Castellani, junto a funcionarios de dicha cartera. Por la parte sindical particip\u00f3 una comitiva de ATE Nacional integrada por Hugo \u201cCachorro\u201d Godoy, Secretario General; Mercedes Cabezas, Secretaria de Organizaci\u00f3n; Flavio Vergara a cargo del Depto. de Negociaci\u00f3n Colectiva, y la Dra. Mariana Amartino, del Depto. Jur\u00eddico. Tambi\u00e9n particip\u00f3 la delegaci\u00f3n de UPCN.<\/p>\n\n\n\n<p>Tras sellar el acuerdo, desde ATE destacaron la importancia de haber garantizado, durante todo el per\u00edodo, la paritaria permanentemente abierta, y que el Gobierno cumpla -e incluso adelante- las revisiones pautadas.<\/p>\n\n\n\n<p>As\u00ed lo afirm\u00f3 Hugo \u201cCachorro\u201d Godoy quien valor\u00f3 el poder cumplir \u201ccon el compromiso que asumimos de obtener un aumento salarial por encima de la inflaci\u00f3n\u201d.<\/p>\n\n\n\n<p>\u201cCon este 14% estamos garantizando, de m\u00ednima, un 54% de aumento para el per\u00edodo paritario junio-mayo 2021-2022. Y para otros sectores, que estaban m\u00e1s rezagados y a los que pusimos como prioridad al comienzo de la discusi\u00f3n paritaria \u2013como el SINEP, el Cient\u00edfico-Tecnol\u00f3gico, los Civiles de FFAA y otros \u00e1reas estrat\u00e9gicos-, esto va a significar llegar a aumentos de entre el 58% o incuso superar el 60%\u201d, detall\u00f3.<\/p>\n\n\n\n<p>Cabe destacar que en el marco de esta negociaci\u00f3n tambi\u00e9n se consigui\u00f3, en diciembre de 2021, el bono de $20.000.<\/p>\n\n\n\n<p>Godoy aclar\u00f3 que si bien cumple el objetivo fijado para el per\u00edodo todav\u00eda no se recupera lo perdido en a\u00f1os anteriores, tanto durante los cuatro a\u00f1os de macrismo como en el primer a\u00f1o de la pandemia.<\/p>\n\n\n\n<p>Por eso, \u201cvamos a garantizar que los mismos criterios, y a\u00fan mejores, rijan la discusi\u00f3n a partir de la pr\u00f3xima paritaria que ser\u00e1 en mayo y que abrir\u00e1 el per\u00edodo 2022-2023\u201d.<\/p>\n\n\n\n<div class=\"wp-block-image\"><figure class=\"aligncenter size-large is-resized\"><img loading=\"lazy\" decoding=\"async\" src=\"https:\/\/atecordoba.org\/wp-content\/uploads\/2022\/02\/paritaria-nacional-min-trabajo.jpg\" alt=\"\" class=\"wp-image-29966\" width=\"576\" height=\"384\" srcset=\"https:\/\/atecordoba.org\/wp-content\/uploads\/2022\/02\/paritaria-nacional-min-trabajo.jpg 768w, https:\/\/atecordoba.org\/wp-content\/uploads\/2022\/02\/paritaria-nacional-min-trabajo-300x200.jpg 300w, https:\/\/atecordoba.org\/wp-content\/uploads\/2022\/02\/paritaria-nacional-min-trabajo-750x500.jpg 750w\" sizes=\"auto, (max-width: 576px) 100vw, 576px\" \/><\/figure><\/div>\n\n\n\n<p>\u201cEn un escenario de mucha complejidad pol\u00edtica y econ\u00f3mica\u201d- afirm\u00f3- \u201clas y los trabajadores estatales vamos a garantizar seguir estando por encima de la inflaci\u00f3n, para ir recuperando lo perdido y acelerar los 30.000 pases a planta permanente y re-categorizaciones, que el Gobierno debe reconocer que viene con atrasos en el cumplimiento\u201d.<\/p>\n\n\n\n<p>\u201cEn ese sentido, este encuentro de revisi\u00f3n paritaria tambi\u00e9n nos permite poner un alerta para que estos retrasos y dificultades se superen r\u00e1pidamente y avancemos decididamente en el compromiso de pasar a planta a 30.000 trabajadores en el per\u00edodo de este Gobierno, y garantizar tambi\u00e9n que otro tanto pueda ser reubicado y re-categorizado, con el reconocimiento de funciones espec\u00edficas que se vienen materializando respetando las realidades de cada sectorial\u201d, concluy\u00f3 el Secretario General de ATE.<\/p>\n","protected":false},"excerpt":{"rendered":"<p>El pasado jueves 3 de febrero, en la sede del Ministerio de Trabajo de la Naci\u00f3n, concluy\u00f3 la \u00faltima revisi\u00f3n de la negociaci\u00f3n paritaria 2021-2022 de la Administraci\u00f3n P\u00fablica Nacional. Se acord\u00f3 un 14% de aumento, que se suma al 40% ya alcanzado en instancias anteriores. Se pagar\u00e1 en dos cuotas de 7%: la primera [&hellip;]<\/p>\n","protected":false},"author":7,"featured_media":29965,"comment_status":"open","ping_status":"open","sticky":false,"template":"","format":"standard","meta":{"_exactmetrics_skip_tracking":false,"_exactmetrics_sitenote_active":false,"_exactmetrics_sitenote_note":"","_exactmetrics_sitenote_category":0,"jnews-multi-image_gallery":[],"jnews_single_post":{"subtitle":"En la \u00faltima mesa de negociaci\u00f3n del per\u00edodo 2021-2022 se consigui\u00f3 cumplir con el objetivo de superar la inflaci\u00f3n.","format":"standard","video":"","gallery":"","source_name":"","source_url":"","via_name":"","via_url":"","override":[{"template":"1","single_blog_custom":"","parallax":"1","fullscreen":"1","layout":"right-sidebar","sidebar":"default-sidebar","second_sidebar":"default-sidebar","sticky_sidebar":"1","share_position":"top","share_float_style":"share-monocrhome","show_share_counter":"1","show_view_counter":"1","show_featured":"1","show_post_meta":"1","show_post_author":"1","show_post_author_image":"1","show_post_date":"1","post_date_format":"default","post_date_format_custom":"Y\/m\/d","show_post_category":"1","post_reading_time_wpm":"300","zoom_button_out_step":"2","zoom_button_in_step":"3","show_post_tag":"1","show_prev_next_post":"1","show_popup_post":"1","number_popup_post":"1"}],"image_override":[{"single_post_thumbnail_size":"crop-500","single_post_gallery_size":"crop-500"}],"trending_post_position":"meta","trending_post_label":"Trending","sponsored_post_label":"Sponsored by","sponsored_post_name":"","sponsored_post_url":"","sponsored_post_logo":"","sponsored_post_desc":""},"jnews_primary_category":{"id":""},"jnews_social_meta":[],"jnews_review":[],"enable_review":"","type":"","name":"","summary":"","brand":"","sku":"","good":[],"bad":[],"score_override":"","override_value":"","rating":[],"price":[],"jnews_override_counter":[],"jnews_post_split":[],"footnotes":""},"categories":[18],"tags":[],"class_list":["post-29964","post","type-post","status-publish","format-standard","has-post-thumbnail","hentry","category-nacionales"],"jetpack_featured_media_url":"https:\/\/atecordoba.org\/wp-content\/uploads\/2022\/02\/flyer-paritaria-nacional-e1644240957500.png","_links":{"self":[{"href":"https:\/\/atecordoba.org\/index.php?rest_route=\/wp\/v2\/posts\/29964","targetHints":{"allow":["GET"]}}],"collection":[{"href":"https:\/\/atecordoba.org\/index.php?rest_route=\/wp\/v2\/posts"}],"about":[{"href":"https:\/\/atecordoba.org\/index.php?rest_route=\/wp\/v2\/types\/post"}],"author":[{"embeddable":true,"href":"https:\/\/atecordoba.org\/index.php?rest_route=\/wp\/v2\/users\/7"}],"replies":[{"embeddable":true,"href":"https:\/\/atecordoba.org\/index.php?rest_route=%2Fwp%2Fv2%2Fcomments&post=29964"}],"version-history":[{"count":1,"href":"https:\/\/atecordoba.org\/index.php?rest_route=\/wp\/v2\/posts\/29964\/revisions"}],"predecessor-version":[{"id":29967,"href":"https:\/\/atecordoba.org\/index.php?rest_route=\/wp\/v2\/posts\/29964\/revisions\/29967"}],"wp:featuredmedia":[{"embeddable":true,"href":"https:\/\/atecordoba.org\/index.php?rest_route=\/wp\/v2\/media\/29965"}],"wp:attachment":[{"href":"https:\/\/atecordoba.org\/index.php?rest_route=%2Fwp%2Fv2%2Fmedia&parent=29964"}],"wp:term":[{"taxonomy":"category","embeddable":true,"href":"https:\/\/atecordoba.org\/index.php?rest_route=%2Fwp%2Fv2%2Fcategories&post=29964"},{"taxonomy":"post_tag","embeddable":true,"href":"https:\/\/atecordoba.org\/index.php?rest_route=%2Fwp%2Fv2%2Ftags&post=29964"}],"curies":[{"name":"wp","href":"https:\/\/api.w.org\/{rel}","templated":true}]}}