{"id":2996,"date":"2013-08-08T15:54:38","date_gmt":"2013-08-08T18:54:38","guid":{"rendered":"http:\/\/www.atecordoba.org\/?p=2996"},"modified":"2013-08-08T15:54:38","modified_gmt":"2013-08-08T18:54:38","slug":"el-dia-del-trabajador-del-estado-es-ley","status":"publish","type":"post","link":"https:\/\/atecordoba.org\/?p=2996","title":{"rendered":"El D\u00eda del Trabajador del Estado es ley"},"content":{"rendered":"<p><em>Tras la aprobaci\u00f3n en Diputados y Senadores, fue promulgada la ley que instituye el 27 de junio como el D\u00eda del Trabajador del Estado, que ser\u00e1 de descanso para los empleados de la administraci\u00f3n p\u00fablica nacional, en la que no se prestar\u00e1n tareas, asimil\u00e1ndose a los feriados nacionales.<\/em><\/p>\n<p style=\"text-align: center;\"><a href=\"http:\/\/www.atecordoba.org\/wp-content\/uploads\/2013\/08\/27-de-junio.jpg\"><img loading=\"lazy\" decoding=\"async\" class=\"aligncenter  wp-image-2997\" title=\"27 de junio\" src=\"http:\/\/www.atecordoba.org\/wp-content\/uploads\/2013\/08\/27-de-junio.jpg\" alt=\"\" width=\"540\" height=\"424\" \/><\/a><\/p>\n<p>Por Decreto 1059\/2013 publicado ayer en el Bolet\u00edn Oficial, se promulg\u00f3\u00a0 la Ley N\u00ba 26.876, que declar\u00f3 el d\u00eda 27 de junio de cada a\u00f1o como el \u201cD\u00eda del Trabajador del Estado\u201d, sancionada el 3 de julio \u00faltimo por el Congreso Nacional.<\/p>\n<p>La Ley establece el 27 de junio como d\u00eda de descanso para los empleados de la administraci\u00f3n p\u00fablica nacional, en los que no se prestar\u00e1n tareas, asimil\u00e1ndose el mismo a los feriados nacionales a todos los efectos legales. Se invita a las provincias y municipios de toda la Rep\u00fablica a instaurar el 27 de junio como d\u00eda de descanso en las respectivas administraciones p\u00fablicas.<\/p>\n<p>El 27 de junio de 1978 la Organizaci\u00f3n Internacional del Trabajo (OIT) aprob\u00f3 el Convenio N\u00ba 151, relativo a la \u201cProtecci\u00f3n del Derecho de Sindicaci\u00f3n y Procedimientos para determinar las condiciones de empleo de la Administraci\u00f3n P\u00fablica\u201d, que posteriormente fuera integrado por el Convenio N\u00ba 154 referido al Fomento de la Negociaci\u00f3n Colectiva en la Administraci\u00f3n P\u00fablica. Ambos convenios luego ser\u00edan incorporados a la Constituci\u00f3n Nacional.<\/p>\n<p>&nbsp;<\/p>\n","protected":false},"excerpt":{"rendered":"<p>Tras la aprobaci\u00f3n en Diputados y Senadores, fue promulgada la ley que instituye el 27 de junio como el D\u00eda del Trabajador del Estado, que ser\u00e1 de descanso para los empleados de la administraci\u00f3n p\u00fablica nacional, en la que no se prestar\u00e1n tareas, asimil\u00e1ndose a los feriados nacionales. Por Decreto 1059\/2013 publicado ayer en el [&hellip;]<\/p>\n","protected":false},"author":1,"featured_media":19220,"comment_status":"open","ping_status":"open","sticky":false,"template":"","format":"standard","meta":{"_exactmetrics_skip_tracking":false,"_exactmetrics_sitenote_active":false,"_exactmetrics_sitenote_note":"","_exactmetrics_sitenote_category":0,"jnews-multi-image_gallery":[],"jnews_single_post":[],"jnews_primary_category":[],"jnews_social_meta":[],"jnews_review":[],"enable_review":"","type":"","name":"","summary":"","brand":"","sku":"","good":[],"bad":[],"score_override":"","override_value":"","rating":[],"price":[],"jnews_override_counter":[],"jnews_post_split":[],"footnotes":""},"categories":[18],"tags":[],"class_list":["post-2996","post","type-post","status-publish","format-standard","has-post-thumbnail","hentry","category-nacionales"],"jetpack_featured_media_url":"https:\/\/atecordoba.org\/wp-content\/uploads\/2020\/05\/logo-nuevochico-e1561581322808.png","_links":{"self":[{"href":"https:\/\/atecordoba.org\/index.php?rest_route=\/wp\/v2\/posts\/2996","targetHints":{"allow":["GET"]}}],"collection":[{"href":"https:\/\/atecordoba.org\/index.php?rest_route=\/wp\/v2\/posts"}],"about":[{"href":"https:\/\/atecordoba.org\/index.php?rest_route=\/wp\/v2\/types\/post"}],"author":[{"embeddable":true,"href":"https:\/\/atecordoba.org\/index.php?rest_route=\/wp\/v2\/users\/1"}],"replies":[{"embeddable":true,"href":"https:\/\/atecordoba.org\/index.php?rest_route=%2Fwp%2Fv2%2Fcomments&post=2996"}],"version-history":[{"count":0,"href":"https:\/\/atecordoba.org\/index.php?rest_route=\/wp\/v2\/posts\/2996\/revisions"}],"wp:featuredmedia":[{"embeddable":true,"href":"https:\/\/atecordoba.org\/index.php?rest_route=\/wp\/v2\/media\/19220"}],"wp:attachment":[{"href":"https:\/\/atecordoba.org\/index.php?rest_route=%2Fwp%2Fv2%2Fmedia&parent=2996"}],"wp:term":[{"taxonomy":"category","embeddable":true,"href":"https:\/\/atecordoba.org\/index.php?rest_route=%2Fwp%2Fv2%2Fcategories&post=2996"},{"taxonomy":"post_tag","embeddable":true,"href":"https:\/\/atecordoba.org\/index.php?rest_route=%2Fwp%2Fv2%2Ftags&post=2996"}],"curies":[{"name":"wp","href":"https:\/\/api.w.org\/{rel}","templated":true}]}}