{"id":29952,"date":"2022-02-04T11:41:35","date_gmt":"2022-02-04T14:41:35","guid":{"rendered":"https:\/\/atecordoba.org\/?p=29952"},"modified":"2022-02-04T12:51:26","modified_gmt":"2022-02-04T15:51:26","slug":"el-consejo-directivo-provincial-pidio-apertura-de-paritarias-en-cuatro-municipios-del-interior-y-solicitara-igualmente-a-otros-ocho-mas","status":"publish","type":"post","link":"https:\/\/atecordoba.org\/?p=29952","title":{"rendered":"El Consejo Directivo Provincial pidi\u00f3 apertura de paritarias en cuatro municipios del interior"},"content":{"rendered":"\n<div class=\"wp-block-image\"><figure class=\"aligncenter size-large is-resized\"><img loading=\"lazy\" decoding=\"async\" src=\"https:\/\/atecordoba.org\/wp-content\/uploads\/2022\/02\/paritaria-municipal_nota-villa-dolores.jpg\" alt=\"\" class=\"wp-image-29954\" width=\"618\" height=\"743\" srcset=\"https:\/\/atecordoba.org\/wp-content\/uploads\/2022\/02\/paritaria-municipal_nota-villa-dolores.jpg 824w, https:\/\/atecordoba.org\/wp-content\/uploads\/2022\/02\/paritaria-municipal_nota-villa-dolores-250x300.jpg 250w, https:\/\/atecordoba.org\/wp-content\/uploads\/2022\/02\/paritaria-municipal_nota-villa-dolores-768x923.jpg 768w, https:\/\/atecordoba.org\/wp-content\/uploads\/2022\/02\/paritaria-municipal_nota-villa-dolores-750x901.jpg 750w\" sizes=\"auto, (max-width: 618px) 100vw, 618px\" \/><\/figure><\/div>\n\n\n\n<p>Ante la escalada inflacionaria que erosiona los salarios de las y los municipales, <a href=\"https:\/\/atecordoba.org\/?p=29653\">en l\u00ednea a lo planteado al gobierno provincia<\/a>l, el Consejo Directivo Provincial (CDP) solicit\u00f3 por nota a cuatro municipios del interior provincial ubicados dentro de su \u00e1mbito de representaci\u00f3n la apertura urgente de paritaria.<\/p>\n\n\n\n<p>Se trata de un sector de trabajadores y trabajadoras que cobra de los salarios m\u00e1s bajos del Estado en el territorio provincial, donde la amplia mayor\u00eda no supera la l\u00ednea de la pobreza y en no pocos casos los haberes se encuentran debajo de los niveles de indigencia en la escala de ingresos de INDEC. El organismo estad\u00edstico estatal ubic\u00f3 en enero pasado la canasta familiar en 76177 pesos.<\/p>\n\n\n\n<p>A eso se suman condiciones de trabajo precarizadas , donde el pase a planta y a contratos para blanquear relaciones laborales est\u00e1n a la orden del d\u00eda.<\/p>\n\n\n\n<p>Los pedidos de paritaria fueron dirigidos a los municipios del Departamento Col\u00f3n Jes\u00fas Mar\u00eda y Mendiolaza, y a Cura Brochero y Villa Dolores en Traslasierra.<\/p>\n\n\n\n<p>Desde el CDP anticiparon que restan hacer el mismo reclamo a Saldan, Villa Carlos Paz, Unquillo, Salsipuedes, R\u00edo Ceballos, Quilino, San Vicente y La Paz.<\/p>\n","protected":false},"excerpt":{"rendered":"<p>Ante la escalada inflacionaria que erosiona los salarios de las y los municipales, en l\u00ednea a lo planteado al gobierno provincial, el Consejo Directivo Provincial (CDP) solicit\u00f3 por nota a cuatro municipios del interior provincial ubicados dentro de su \u00e1mbito de representaci\u00f3n la apertura urgente de paritaria. Se trata de un sector de trabajadores y [&hellip;]<\/p>\n","protected":false},"author":7,"featured_media":29955,"comment_status":"open","ping_status":"open","sticky":false,"template":"","format":"standard","meta":{"_exactmetrics_skip_tracking":false,"_exactmetrics_sitenote_active":false,"_exactmetrics_sitenote_note":"","_exactmetrics_sitenote_category":0,"jnews-multi-image_gallery":[],"jnews_single_post":{"subtitle":"Est\u00e1 previsto que realice la misma solicitud a otros ocho municipios m\u00e1s: Saldan, Villa Carlos Paz, Unquillo, Salsipuedes, R\u00edo Ceballos, Quilino, San Vicente y La Paz.","format":"standard","video":"","gallery":"","source_name":"","source_url":"","via_name":"","via_url":"","override":[{"template":"1","single_blog_custom":"","parallax":"1","fullscreen":"1","layout":"right-sidebar","sidebar":"default-sidebar","second_sidebar":"default-sidebar","sticky_sidebar":"1","share_position":"top","share_float_style":"share-monocrhome","show_share_counter":"1","show_view_counter":"1","show_featured":"1","show_post_meta":"1","show_post_author":"1","show_post_author_image":"1","show_post_date":"1","post_date_format":"default","post_date_format_custom":"Y\/m\/d","show_post_category":"1","post_reading_time_wpm":"300","zoom_button_out_step":"2","zoom_button_in_step":"3","show_post_tag":"1","show_prev_next_post":"1","show_popup_post":"1","number_popup_post":"1"}],"image_override":[{"single_post_thumbnail_size":"crop-500","single_post_gallery_size":"crop-500"}],"trending_post_position":"meta","trending_post_label":"Trending","sponsored_post_label":"Sponsored by","sponsored_post_name":"","sponsored_post_url":"","sponsored_post_logo":"","sponsored_post_desc":""},"jnews_primary_category":{"id":""},"jnews_social_meta":[],"jnews_review":[],"enable_review":"","type":"","name":"","summary":"","brand":"","sku":"","good":[],"bad":[],"score_override":"","override_value":"","rating":[],"price":[],"jnews_override_counter":[],"jnews_post_split":[],"footnotes":""},"categories":[20],"tags":[408],"class_list":["post-29952","post","type-post","status-publish","format-standard","has-post-thumbnail","hentry","category-municipales","tag-apertura-de-paritarias"],"jetpack_featured_media_url":"https:\/\/atecordoba.org\/wp-content\/uploads\/2022\/02\/flyer-municipales-afiliarse-e1643985682122.jpeg","_links":{"self":[{"href":"https:\/\/atecordoba.org\/index.php?rest_route=\/wp\/v2\/posts\/29952","targetHints":{"allow":["GET"]}}],"collection":[{"href":"https:\/\/atecordoba.org\/index.php?rest_route=\/wp\/v2\/posts"}],"about":[{"href":"https:\/\/atecordoba.org\/index.php?rest_route=\/wp\/v2\/types\/post"}],"author":[{"embeddable":true,"href":"https:\/\/atecordoba.org\/index.php?rest_route=\/wp\/v2\/users\/7"}],"replies":[{"embeddable":true,"href":"https:\/\/atecordoba.org\/index.php?rest_route=%2Fwp%2Fv2%2Fcomments&post=29952"}],"version-history":[{"count":3,"href":"https:\/\/atecordoba.org\/index.php?rest_route=\/wp\/v2\/posts\/29952\/revisions"}],"predecessor-version":[{"id":29959,"href":"https:\/\/atecordoba.org\/index.php?rest_route=\/wp\/v2\/posts\/29952\/revisions\/29959"}],"wp:featuredmedia":[{"embeddable":true,"href":"https:\/\/atecordoba.org\/index.php?rest_route=\/wp\/v2\/media\/29955"}],"wp:attachment":[{"href":"https:\/\/atecordoba.org\/index.php?rest_route=%2Fwp%2Fv2%2Fmedia&parent=29952"}],"wp:term":[{"taxonomy":"category","embeddable":true,"href":"https:\/\/atecordoba.org\/index.php?rest_route=%2Fwp%2Fv2%2Fcategories&post=29952"},{"taxonomy":"post_tag","embeddable":true,"href":"https:\/\/atecordoba.org\/index.php?rest_route=%2Fwp%2Fv2%2Ftags&post=29952"}],"curies":[{"name":"wp","href":"https:\/\/api.w.org\/{rel}","templated":true}]}}