{"id":29945,"date":"2022-02-04T11:01:13","date_gmt":"2022-02-04T14:01:13","guid":{"rendered":"https:\/\/atecordoba.org\/?p=29945"},"modified":"2022-02-04T11:03:27","modified_gmt":"2022-02-04T14:03:27","slug":"ate-reclama-que-schiaretti-su-pedido-de-apertura-de-paritarias","status":"publish","type":"post","link":"https:\/\/atecordoba.org\/?p=29945","title":{"rendered":"ATE reclama que Schiaretti responda su pedido de apertura de paritarias"},"content":{"rendered":"\n<div class=\"wp-block-image\"><figure class=\"aligncenter size-large is-resized\"><img loading=\"lazy\" decoding=\"async\" src=\"https:\/\/atecordoba.org\/wp-content\/uploads\/2022\/02\/IMG-20220203-WA0170.jpg\" alt=\"\" class=\"wp-image-29946\" width=\"750\" height=\"750\" \/><\/figure><\/div>\n\n\n\n<p>Por medio de una nota tramitada ayer en Casa de Gobierno, el Consejo Directivo Provincial (CDP) reclam\u00f3, con la firma de nuestro secretario General de ATE C\u00f3rdoba Federico Giuliani, al gobernador Juan Schiaretti que responda a la <a href=\"https:\/\/atecordoba.org\/?p=29653\">nota presentada a mediados de enero<\/a>, planteando la urgente necesidad de reabrir las paritarias provinciales.<\/p>\n\n\n\n<p>En la misiva realizada ayer, Giuliani reclama una respuesta oficial &#8220;teniendo en cuenta la crisis econ\u00f3mica y las desactualizaciones correspondientes a los\/as trabajadores\/as dependientes de esta Provincia&#8221;.<\/p>\n\n\n\n<p>En consecuencia, el secretario General present\u00f3 el denominado &#8216;formal insta tr\u00e1mite&#8217;, figura administrativa cercana al pronto despacho, denunciando que el gobierno dicte el tr\u00e1mite administrativo toda vez se encuentra en mora. <\/p>\n\n\n\n<p>A la vez, ATE se reserva interponer acciones legales y sindicales correspondientes.<\/p>\n\n\n<a href=\"https:\/\/atecordoba.org\/wp-content\/uploads\/2022\/02\/Paritarias-Cba_nota-panal.pdf\" class=\"pdfemb-viewer\" style=\"\" data-width=\"max\" data-height=\"max\" data-toolbar=\"bottom\" data-toolbar-fixed=\"off\">Paritarias-Cba_nota-panal<\/a>\n<p class=\"wp-block-pdfemb-pdf-embedder-viewer\"><\/p>\n\n\n\n<p><strong>Pedido de paritaria<\/strong><\/p>\n\n\n\n<p>En una nota firmada presentada en enero pasado ATE<strong> reclam\u00f3 la urgente reapertura de la paritaria provincial, junto con la incorporaci\u00f3n de nuestra entidad gremial  a la mesa de discusi\u00f3n<\/strong>. <\/p>\n\n\n\n<p>Seg\u00fan el informe t\u00e9cnico publicado ayer por el Instituto Nacional de Estad\u00edsticas y Censos (INDEC), el \u00edndice de precios al consumidor de diciembre 2021 registr\u00f3 un alza mensual de 3,8% y acumul\u00f3 un incremento de 50,9% en los doce meses del a\u00f1o pasado.&nbsp;<\/p>\n\n\n\n<p><strong>Frente al 45,5% de aumento que percibieron quienes trabajan para la Administraci\u00f3n P\u00fablica Provincial, la p\u00e9rdida del poder adquisitivo de este a\u00f1o es m\u00e1s que evidente&nbsp;<\/strong>y ratifica la posici\u00f3n de ATE del pasado 1 de diciembre, cuando solicit\u00f3 al Gobierno provincial&nbsp;<a href=\"https:\/\/atecordoba.org\/?p=29157\">el adelanto del aumento comprometido para enero del 5,5%, m\u00e1s otro 10% para alcanzar una recomposici\u00f3n del 15% en diciembre<\/a>.<\/p>\n\n\n\n<p>Cabe se\u00f1alar que un informe presentado por INDEC afirma que son necesarios $76.177 para que una familia alcance la canasta b\u00e1sica total y no sea considerada pobre en nuestro pa\u00eds.<\/p>\n\n\n\n<p><\/p>\n","protected":false},"excerpt":{"rendered":"<p>Por medio de una nota tramitada ayer en Casa de Gobierno, el Consejo Directivo Provincial (CDP) reclam\u00f3, con la firma de nuestro secretario General de ATE C\u00f3rdoba Federico Giuliani, al gobernador Juan Schiaretti que responda a la nota presentada a mediados de enero, planteando la urgente necesidad de reabrir las paritarias provinciales. En la misiva [&hellip;]<\/p>\n","protected":false},"author":7,"featured_media":29946,"comment_status":"open","ping_status":"open","sticky":false,"template":"","format":"standard","meta":{"_exactmetrics_skip_tracking":false,"_exactmetrics_sitenote_active":false,"_exactmetrics_sitenote_note":"","_exactmetrics_sitenote_category":0,"jnews-multi-image_gallery":[],"jnews_single_post":{"subtitle":"La canasta familiar se ubic\u00f3 en enero en 76177 pesos y los provinciales perdieron 5.4% de poder adquisitivo respecto a la inflaci\u00f3n en 2021.","format":"standard","video":"","gallery":"","source_name":"","source_url":"","via_name":"","via_url":"","override":[{"template":"1","single_blog_custom":"","parallax":"1","fullscreen":"1","layout":"right-sidebar","sidebar":"default-sidebar","second_sidebar":"default-sidebar","sticky_sidebar":"1","share_position":"top","share_float_style":"share-monocrhome","show_share_counter":"1","show_view_counter":"1","show_featured":"1","show_post_meta":"1","show_post_author":"1","show_post_author_image":"1","show_post_date":"1","post_date_format":"default","post_date_format_custom":"Y\/m\/d","show_post_category":"1","post_reading_time_wpm":"300","zoom_button_out_step":"2","zoom_button_in_step":"3","show_post_tag":"1","show_prev_next_post":"1","show_popup_post":"1","number_popup_post":"1"}],"image_override":[{"single_post_thumbnail_size":"crop-500","single_post_gallery_size":"crop-500"}],"trending_post_position":"meta","trending_post_label":"Trending","sponsored_post_label":"Sponsored by","sponsored_post_name":"","sponsored_post_url":"","sponsored_post_logo":"","sponsored_post_desc":""},"jnews_primary_category":{"id":""},"jnews_social_meta":[],"jnews_review":[],"enable_review":"","type":"","name":"","summary":"","brand":"","sku":"","good":[],"bad":[],"score_override":"","override_value":"","rating":[],"price":[],"jnews_override_counter":[],"jnews_post_split":[],"footnotes":""},"categories":[8],"tags":[408],"class_list":["post-29945","post","type-post","status-publish","format-standard","has-post-thumbnail","hentry","category-provinciales","tag-apertura-de-paritarias"],"jetpack_featured_media_url":"https:\/\/atecordoba.org\/wp-content\/uploads\/2022\/02\/IMG-20220203-WA0170-e1643983261296.jpg","_links":{"self":[{"href":"https:\/\/atecordoba.org\/index.php?rest_route=\/wp\/v2\/posts\/29945","targetHints":{"allow":["GET"]}}],"collection":[{"href":"https:\/\/atecordoba.org\/index.php?rest_route=\/wp\/v2\/posts"}],"about":[{"href":"https:\/\/atecordoba.org\/index.php?rest_route=\/wp\/v2\/types\/post"}],"author":[{"embeddable":true,"href":"https:\/\/atecordoba.org\/index.php?rest_route=\/wp\/v2\/users\/7"}],"replies":[{"embeddable":true,"href":"https:\/\/atecordoba.org\/index.php?rest_route=%2Fwp%2Fv2%2Fcomments&post=29945"}],"version-history":[{"count":3,"href":"https:\/\/atecordoba.org\/index.php?rest_route=\/wp\/v2\/posts\/29945\/revisions"}],"predecessor-version":[{"id":29951,"href":"https:\/\/atecordoba.org\/index.php?rest_route=\/wp\/v2\/posts\/29945\/revisions\/29951"}],"wp:featuredmedia":[{"embeddable":true,"href":"https:\/\/atecordoba.org\/index.php?rest_route=\/wp\/v2\/media\/29946"}],"wp:attachment":[{"href":"https:\/\/atecordoba.org\/index.php?rest_route=%2Fwp%2Fv2%2Fmedia&parent=29945"}],"wp:term":[{"taxonomy":"category","embeddable":true,"href":"https:\/\/atecordoba.org\/index.php?rest_route=%2Fwp%2Fv2%2Fcategories&post=29945"},{"taxonomy":"post_tag","embeddable":true,"href":"https:\/\/atecordoba.org\/index.php?rest_route=%2Fwp%2Fv2%2Ftags&post=29945"}],"curies":[{"name":"wp","href":"https:\/\/api.w.org\/{rel}","templated":true}]}}