{"id":29915,"date":"2022-02-03T11:46:26","date_gmt":"2022-02-03T14:46:26","guid":{"rendered":"https:\/\/atecordoba.org\/?p=29915"},"modified":"2022-02-03T12:15:46","modified_gmt":"2022-02-03T15:15:46","slug":"fadea-ate-reclama-una-audiencia-con-el-ministro-de-defensa-taiana","status":"publish","type":"post","link":"https:\/\/atecordoba.org\/?p=29915","title":{"rendered":"FADEA: ATE reclama una audiencia con el ministro de Defensa Taiana"},"content":{"rendered":"\n<figure class=\"wp-block-video aligncenter\"><video height=\"1080\" style=\"aspect-ratio: 1080 \/ 1080;\" width=\"1080\" controls src=\"https:\/\/atecordoba.org\/wp-content\/uploads\/2022\/02\/acto-fadea-16-2-1.mp4\"><\/video><\/figure>\n\n\n\n<p><br>En el marco de la Jornada Provincial de Protesta, que ayer resolvi\u00f3 realizar el Plenario de las y los Delegados de ATE de organismos nacionales en C\u00f3rdoba para el pr\u00f3ximo 16 de febrero, el secretario General del Consejo Directivo Provincial, Federico Giuliani, coment\u00f3 a la prensa que nuestro gremio realizar\u00e1 paros y asambleas en todas las dependencias del Ministerio de Defensa en C\u00f3rdoba, en reclamo de la reincorporaci\u00f3n a FADEA de todas y todos los despedidos del macrismo. <\/p>\n\n\n\n<p>Adem\u00e1s de la agenda general de reclamos de las y los compa\u00f1eros del sector, ATE plantea la urgente necesidad de llevar este conflicto a las m\u00e1ximas instancias del Ministerio del \u00e1rea, ya que FADEA es el \u00fanico organismos que en dos a\u00f1os no reincorpor\u00f3 as ning\u00fan despedido del macrismo, de la mano de la titular de la empresa estatal, Mirta Iriondo. <\/p>\n\n\n\n<div class=\"wp-block-image\"><figure class=\"alignright size-large is-resized\"><img loading=\"lazy\" decoding=\"async\" src=\"https:\/\/atecordoba.org\/wp-content\/uploads\/2022\/02\/IMG-20220203-WA0051-1.jpg\" alt=\"\" class=\"wp-image-29925\" width=\"313\" height=\"313\" \/><\/figure><\/div>\n\n\n\n<p>&#8220;Como la directora de la f\u00e1brica, Iriondo ya dio muestras claras de no querer dialogar. Por eso reclamamos que el ministro Jorge Taiana nos convoque a una audiencia para poder plantear la urgente necesidad de reincorporar a los despedidos del macrismo, un tema que hoy se convirti\u00f3 en un flagelo&#8221;, <a href=\"https:\/\/www.instagram.com\/p\/CZfZi9TlFx4\/?utm_medium=copy_link\">explic\u00f3 Giuliani a la prensa. <\/a><\/p>\n\n\n\n<p>&#8220;Hablamos de trabajadoras y trabajadores de m\u00e1s de 45 o 50 a\u00f1os de edad, con 20 a\u00f1os de antig\u00fcedad en la f\u00e1brica, que aun hoy no tienen trabajo despu\u00e9s de sufrir el despido macrista hace ya cuatro a\u00f1os&#8221;, complet\u00f3 el dirigente.<\/p>\n\n\n\n<p>La Jornada Provincial de Protesta convoca a un acto a realizarse en horas de la ma\u00f1ana frente al ingreso de FADEA sobre la Ruta 20, donde estar\u00e1n presentes trabajadores y trabajadoras integrantes de la CORREDMA (Comisi\u00f3n de Relevamiento y Reincorporaci\u00f3n de las y los Trabajadores y Trabajadoras Estatales Despedidos en la Era Macri), la Junta interna de ATE de los trabajadores civiles de las FFAA y dem\u00e1s integrantes, dirigentes y activistas de los organismos nacionales que est\u00e1n organizados en ATE C\u00f3rdoba. <\/p>\n","protected":false},"excerpt":{"rendered":"<p>En el marco de la Jornada Provincial de Protesta, que ayer resolvi\u00f3 realizar el Plenario de las y los Delegados de ATE de organismos nacionales en C\u00f3rdoba para el pr\u00f3ximo 16 de febrero, el secretario General del Consejo Directivo Provincial, Federico Giuliani, coment\u00f3 a la prensa que nuestro gremio realizar\u00e1 paros y asambleas en todas [&hellip;]<\/p>\n","protected":false},"author":7,"featured_media":29925,"comment_status":"open","ping_status":"open","sticky":false,"template":"","format":"standard","meta":{"_exactmetrics_skip_tracking":false,"_exactmetrics_sitenote_active":false,"_exactmetrics_sitenote_note":"","_exactmetrics_sitenote_category":0,"jnews-multi-image_gallery":[],"jnews_single_post":{"subtitle":"Ante la falta de voluntad di\u00e1logo que muestra la titular de la firma estatal Mirta Iriondo, ATE lleva el reclamo a las m\u00e1s altas instancias del Ministerio de Defensa. ","format":"standard","video":"","gallery":"","source_name":"","source_url":"","via_name":"","via_url":"","override":[{"template":"1","single_blog_custom":"","parallax":"1","fullscreen":"1","layout":"right-sidebar","sidebar":"default-sidebar","second_sidebar":"default-sidebar","sticky_sidebar":"1","share_position":"top","share_float_style":"share-monocrhome","show_share_counter":"1","show_view_counter":"1","show_featured":"1","show_post_meta":"1","show_post_author":"1","show_post_author_image":"1","show_post_date":"1","post_date_format":"default","post_date_format_custom":"Y\/m\/d","show_post_category":"1","post_reading_time_wpm":"300","zoom_button_out_step":"2","zoom_button_in_step":"3","show_post_tag":"1","show_prev_next_post":"1","show_popup_post":"1","number_popup_post":"1"}],"image_override":[{"single_post_thumbnail_size":"crop-500","single_post_gallery_size":"crop-500"}],"trending_post_position":"meta","trending_post_label":"Trending","sponsored_post_label":"Sponsored by","sponsored_post_name":"","sponsored_post_url":"","sponsored_post_logo":"","sponsored_post_desc":""},"jnews_primary_category":{"id":""},"jnews_social_meta":[],"jnews_review":[],"enable_review":"","type":"","name":"","summary":"","brand":"","sku":"","good":[],"bad":[],"score_override":"","override_value":"","rating":[],"price":[],"jnews_override_counter":[],"jnews_post_split":[],"footnotes":""},"categories":[18],"tags":[165],"class_list":["post-29915","post","type-post","status-publish","format-standard","has-post-thumbnail","hentry","category-nacionales","tag-fadea"],"jetpack_featured_media_url":"https:\/\/atecordoba.org\/wp-content\/uploads\/2022\/02\/IMG-20220203-WA0051-1-e1643901333857.jpg","_links":{"self":[{"href":"https:\/\/atecordoba.org\/index.php?rest_route=\/wp\/v2\/posts\/29915","targetHints":{"allow":["GET"]}}],"collection":[{"href":"https:\/\/atecordoba.org\/index.php?rest_route=\/wp\/v2\/posts"}],"about":[{"href":"https:\/\/atecordoba.org\/index.php?rest_route=\/wp\/v2\/types\/post"}],"author":[{"embeddable":true,"href":"https:\/\/atecordoba.org\/index.php?rest_route=\/wp\/v2\/users\/7"}],"replies":[{"embeddable":true,"href":"https:\/\/atecordoba.org\/index.php?rest_route=%2Fwp%2Fv2%2Fcomments&post=29915"}],"version-history":[{"count":3,"href":"https:\/\/atecordoba.org\/index.php?rest_route=\/wp\/v2\/posts\/29915\/revisions"}],"predecessor-version":[{"id":29927,"href":"https:\/\/atecordoba.org\/index.php?rest_route=\/wp\/v2\/posts\/29915\/revisions\/29927"}],"wp:featuredmedia":[{"embeddable":true,"href":"https:\/\/atecordoba.org\/index.php?rest_route=\/wp\/v2\/media\/29925"}],"wp:attachment":[{"href":"https:\/\/atecordoba.org\/index.php?rest_route=%2Fwp%2Fv2%2Fmedia&parent=29915"}],"wp:term":[{"taxonomy":"category","embeddable":true,"href":"https:\/\/atecordoba.org\/index.php?rest_route=%2Fwp%2Fv2%2Fcategories&post=29915"},{"taxonomy":"post_tag","embeddable":true,"href":"https:\/\/atecordoba.org\/index.php?rest_route=%2Fwp%2Fv2%2Ftags&post=29915"}],"curies":[{"name":"wp","href":"https:\/\/api.w.org\/{rel}","templated":true}]}}