{"id":29910,"date":"2022-02-03T10:21:54","date_gmt":"2022-02-03T13:21:54","guid":{"rendered":"https:\/\/atecordoba.org\/?p=29910"},"modified":"2022-02-03T12:14:14","modified_gmt":"2022-02-03T15:14:14","slug":"en-su-discurso-schiaretti-no-habla-de-las-y-los-trabajadores","status":"publish","type":"post","link":"https:\/\/atecordoba.org\/?p=29910","title":{"rendered":"&#8220;En su discurso, Schiaretti no habla de las y los trabajadores&#8221;"},"content":{"rendered":"\n<div class=\"wp-block-image\"><figure class=\"aligncenter size-large\"><img decoding=\"async\" src=\"https:\/\/atecordoba.org\/wp-content\/uploads\/2022\/02\/Giuliani_MarchaCarlosPAZ-750x498-1.jpeg\" alt=\"\" class=\"wp-image-29911\" \/><\/figure><\/div>\n\n\n\n<p><sup>(fuente: elresaltador.com.ar)<\/sup><\/p>\n\n\n\n<p>El alcance del discurso de apertura de sesiones del gobernador de C\u00f3rdoba es amplio y genera trascendencia; en este sentido desde ATE C\u00f3rdoba, se\u00f1alan que &#8220;Schiaretti no habla de las y los trabajadores&#8221;. <\/p>\n\n\n\n<p>El secretario general del gremio, Federico Giuliani refiri\u00f3 que se trat\u00f3 de un discurso m\u00e1s ligado a las pretensiones electorales del gobernador para 2023, que de una ret\u00f3rica propia de un balance de gesti\u00f3n.<\/p>\n\n\n\n<blockquote class=\"wp-block-quote is-layout-flow wp-block-quote-is-layout-flow\"><p>&#8220;Se anunci\u00f3 obra p\u00fablica con m\u00e1s cemento pero se olvida de la pobreza, se olvida de la desigualdad social, del hambre, del ambiente, de los femicidios, y de la deuda p\u00fablica que hoy en C\u00f3rdoba est\u00e1 atada a la moneda extranjera. Todo esto claramente ha llevado un proceso de ajuste en la salud p\u00fablica y en la educaci\u00f3n en la Provincia de manera permanente que nosotros como sindicato lo venimos planteando&#8221;.<br>Federico Giuliani<\/p><\/blockquote>\n\n\n\n<p>Reforzando la idea de que Schiaretti no se dirigi\u00f3 a las y los trabajadores, indic\u00f3: &#8220;el estado son sus trabajadores y sus trabajadores&#8221;.<\/p>\n\n\n\n<div class=\"wp-block-image\"><figure class=\"alignleft size-large is-resized\"><img loading=\"lazy\" decoding=\"async\" src=\"https:\/\/atecordoba.org\/wp-content\/uploads\/2022\/02\/IMG-20220203-WA0051.jpg\" alt=\"\" class=\"wp-image-29922\" width=\"500\" height=\"500\" srcset=\"https:\/\/atecordoba.org\/wp-content\/uploads\/2022\/02\/IMG-20220203-WA0051.jpg 1000w, https:\/\/atecordoba.org\/wp-content\/uploads\/2022\/02\/IMG-20220203-WA0051-300x300.jpg 300w, https:\/\/atecordoba.org\/wp-content\/uploads\/2022\/02\/IMG-20220203-WA0051-150x150.jpg 150w, https:\/\/atecordoba.org\/wp-content\/uploads\/2022\/02\/IMG-20220203-WA0051-768x768.jpg 768w, https:\/\/atecordoba.org\/wp-content\/uploads\/2022\/02\/IMG-20220203-WA0051-560x560.jpg 560w, https:\/\/atecordoba.org\/wp-content\/uploads\/2022\/02\/IMG-20220203-WA0051-75x75.jpg 75w, https:\/\/atecordoba.org\/wp-content\/uploads\/2022\/02\/IMG-20220203-WA0051-350x350.jpg 350w, https:\/\/atecordoba.org\/wp-content\/uploads\/2022\/02\/IMG-20220203-WA0051-750x750.jpg 750w\" sizes=\"auto, (max-width: 500px) 100vw, 500px\" \/><\/figure><\/div>\n\n\n\n<p>Tambi\u00e9n a\u00f1adi\u00f3 que el mandatario se refiri\u00f3 a la construcci\u00f3n de nuevas escuelas y hospitales, pero concluy\u00f3 &#8220;si la mayor\u00eda de los trabajadores que prestan servicios en los hospitales p\u00fablicos y en las escuelas, si las y los trabajadores en general van a cobrar por debajo de los niveles inflacionarios, si la media salarial no alcanza a llegar a la l\u00ednea de la pobreza que hoy son $76.000, si no est\u00e1n los trabajadores en buenas condiciones de trabajo, sin precarizaci\u00f3n laboral que est\u00e9n en planta permanente que cobren salarios dignos, la verdad que es todo una narrativa o un guion, un relato armado sobre una Provincia encantada, que no es tal&#8221;.<\/p>\n\n\n\n<p><strong>Falso federalismo<\/strong><\/p>\n\n\n\n<p>D\u00edas antes de la apertura de sesiones, desde<a href=\"https:\/\/atecordoba.org\/?p=29839\"> ATE C\u00f3rdoba se\u00f1alaban que el federalismo planteado por Schiaretti era un falso federalismo.<\/a> En este sentido, Giuliana explicit\u00f3 que se trata de un &#8220;federalismo ligado a la liga de gobernadores de 1870 que despu\u00e9s fue el que garantiz\u00f3, si se quiere, la patria agroexportadora con Avellaneda, con Roca como m\u00e1ximos exponentes. Un modelo de pa\u00eds, que dur\u00f3 hasta 1910. Entonces convengamos que es un federalismo m\u00e1s liberal, m\u00e1s conservador, y olig\u00e1rquico que defiende a un modelo agroexportador, extractivista&#8221;. <\/p>\n\n\n\n<p>Al respecto tambi\u00e9n destac\u00f3 que se parece a una &#8220;patriada&#8221; del cordobesismo frente a la realidad de un pa\u00eds unitario. Pero apunt\u00f3 a Schiaretti y a su federalismo como &#8220;una visi\u00f3n conservadora ligada a la oligarqu\u00eda liberal. Por ejemplo se puede mencionar a las retenciones. Digo hay una defensa irrestricta a un sector que la viene juntando en pala, que viene concentrando las riquezas desde hace mucho tiempo, y por ejemplo no hizo un discurso defendiendo a los sectores m\u00e1s humildes. Hay una contradicci\u00f3n cuando habla de la justicia social, porque justamente lo que le falta a este gobierno provincial es ser garante de su situaci\u00f3n de los m\u00e1s vulnerables&#8221;.<\/p>\n\n\n\n<p>Tambi\u00e9n resalt\u00f3 que los ideales que hoy representa el gobernador Schiaretti, est\u00e1n ligados a la oligarqu\u00eda vacuna, al extractivismo y a la destrucci\u00f3n del ambiente.<\/p>\n\n\n\n<p><strong>Progresismo<\/strong><\/p>\n\n\n\n<p>En sus discursos, Schiaretti se refriere a su gobierno como progresista. &#8220;Escuch\u00e9 que el gobernador dice que \u00e9l es progresista de verdad, su alusi\u00f3n a la d\u00e9cada del 70 pero lejos est\u00e1 Juan Schiaretti de ser el ejemplo de la mejor generaci\u00f3n militante que tuvimos en la Argentina&#8221;, afirma Giuliani.<\/p>\n\n\n\n<div class=\"wp-block-image\"><figure class=\"alignright size-large is-resized\"><img loading=\"lazy\" decoding=\"async\" src=\"https:\/\/atecordoba.org\/wp-content\/uploads\/2022\/02\/schiaretti-1024x576.jpg\" alt=\"\" class=\"wp-image-29912\" width=\"512\" height=\"288\" srcset=\"https:\/\/atecordoba.org\/wp-content\/uploads\/2022\/02\/schiaretti-1024x576.jpg 1024w, https:\/\/atecordoba.org\/wp-content\/uploads\/2022\/02\/schiaretti-300x169.jpg 300w, https:\/\/atecordoba.org\/wp-content\/uploads\/2022\/02\/schiaretti-768x432.jpg 768w, https:\/\/atecordoba.org\/wp-content\/uploads\/2022\/02\/schiaretti-750x422.jpg 750w, https:\/\/atecordoba.org\/wp-content\/uploads\/2022\/02\/schiaretti-1140x641.jpg 1140w, https:\/\/atecordoba.org\/wp-content\/uploads\/2022\/02\/schiaretti.jpg 1200w\" sizes=\"auto, (max-width: 512px) 100vw, 512px\" \/><\/figure><\/div>\n\n\n\n<blockquote class=\"wp-block-quote is-layout-flow wp-block-quote-is-layout-flow\"><p>&#8220;Aquellos compa\u00f1eros y compa\u00f1eras que perdieron la vida y estuvieron presos, no pelearon por una sociedad como la que plantea Juan Schiaretti con los n\u00fameros que plantea esta Provincia: totalmente por encima de la media en la desigualdad social, la pobreza, el hambre, la desocupaci\u00f3n, el trabajo en negro&#8221;. Federico Giuliani<\/p><\/blockquote>\n\n\n\n<p>Adem\u00e1s, el secretario general de ATE C\u00f3rdoba, insisti\u00f3 que el discurso nada tuvo que ver con los ideales progresistas de la sociedad actual. &#8220;Insisto, hoy no se habl\u00f3 de los femicidios, no se habl\u00f3 del ambiente. En las obras p\u00fablicas, plantea la autov\u00eda de Punilla que hoy ha generado movimientos de resistencia ambiental de los pueblos del valle de Punilla, enfrentando lo que va a ser el impacto ambiental, social, ecol\u00f3gico, arqueol\u00f3gico, sobre el valle por esta obra&#8221;.<\/p>\n\n\n\n<p><strong>Presupuesto<\/strong><\/p>\n\n\n\n<p>Finalmente, Giuliani se expres\u00f3 acerca de lo que indica la partida presupuestaria provincial para este a\u00f1o. &#8220;La realidad es lo que el presupuesto de Schiaretti y como se va a llevar a la pr\u00e1ctica, plantea en tanto a la salud y la educaci\u00f3n y como las pol\u00edticas sociales. En su discurso, se hizo todo un adalid de todo lo que se hace por los sectores populares que en realidad es mero parche, asistencialismo&#8221;.<\/p>\n\n\n\n<div class=\"wp-block-image\"><figure class=\"alignleft size-large is-resized\"><img loading=\"lazy\" decoding=\"async\" src=\"https:\/\/atecordoba.org\/wp-content\/uploads\/2022\/02\/12_08_Paro_Salud_San_Francisco_14-1024x768.jpg\" alt=\"\" class=\"wp-image-29913\" width=\"459\" height=\"344\" srcset=\"https:\/\/atecordoba.org\/wp-content\/uploads\/2022\/02\/12_08_Paro_Salud_San_Francisco_14-1024x768.jpg 1024w, https:\/\/atecordoba.org\/wp-content\/uploads\/2022\/02\/12_08_Paro_Salud_San_Francisco_14-300x225.jpg 300w, https:\/\/atecordoba.org\/wp-content\/uploads\/2022\/02\/12_08_Paro_Salud_San_Francisco_14-768x576.jpg 768w, https:\/\/atecordoba.org\/wp-content\/uploads\/2022\/02\/12_08_Paro_Salud_San_Francisco_14-750x563.jpg 750w, https:\/\/atecordoba.org\/wp-content\/uploads\/2022\/02\/12_08_Paro_Salud_San_Francisco_14.jpg 1032w\" sizes=\"auto, (max-width: 459px) 100vw, 459px\" \/><\/figure><\/div>\n\n\n\n<p>En este sentido, apunt\u00f3 que &#8220;se han achicado los presupuestos en salud, en educaci\u00f3n, en pol\u00edticas sociales pero sobre todo se destaca en el aumento salarial que est\u00e1 proyectado para los trabajadores provinciales este a\u00f1o que es del 33%&#8221;.<\/p>\n\n\n\n<blockquote class=\"wp-block-quote is-layout-flow wp-block-quote-is-layout-flow\"><p>&#8220;El poder adquisitivo y el salario tiene que ver con la inflaci\u00f3n proyectada para este a\u00f1o, una inflaci\u00f3n que lamentablemente va a llegar al 48, 50% y este gobierno ya piensa en un aumento del 33% en donde ya se habla de un aumento tarifario en la Provincia del 44% en diferentes servicios p\u00fablicos&#8221;.<br>Federico Giuliani<\/p><\/blockquote>\n\n\n\n<p>Al respecto concluy\u00f3 que el discurso del gobernador se trata de una ret\u00f3rica pensando &#8220;en una carrera m\u00e1s presidencial que como gobernador que la verdad que no nos sorprende por quien da el discurso, pero si nos pone claramente en guardia para lo que va a ser este a\u00f1o en cuanto a la lucha&#8221;.<\/p>\n\n\n\n<p>Cabe recordar que en el \u00faltimo plenario de ATE C\u00f3rdoba, se resolvi\u00f3 una jornada provincial de lucha el pr\u00f3ximo 16 de febrero, con una manifestaci\u00f3n frente al acceso a FADEA, en la ruta 20, para apoyar la lucha de las y los despedidos del macrismo que a\u00fan no han sido reincorporados a la f\u00e1brica de aviones, dos a\u00f1os despu\u00e9s de la asunci\u00f3n del actual gobierno.<\/p>\n","protected":false},"excerpt":{"rendered":"<p>(fuente: elresaltador.com.ar) El alcance del discurso de apertura de sesiones del gobernador de C\u00f3rdoba es amplio y genera trascendencia; en este sentido desde ATE C\u00f3rdoba, se\u00f1alan que &#8220;Schiaretti no habla de las y los trabajadores&#8221;. El secretario general del gremio, Federico Giuliani refiri\u00f3 que se trat\u00f3 de un discurso m\u00e1s ligado a las pretensiones electorales [&hellip;]<\/p>\n","protected":false},"author":7,"featured_media":29911,"comment_status":"open","ping_status":"open","sticky":false,"template":"","format":"standard","meta":{"_exactmetrics_skip_tracking":false,"_exactmetrics_sitenote_active":false,"_exactmetrics_sitenote_note":"","_exactmetrics_sitenote_category":0,"jnews-multi-image_gallery":[],"jnews_single_post":{"subtitle":"Las repercusiones por el discurso del gobernador en la apertura de sesiones contin\u00faan. La web El Resaltador convers\u00f3 con el secretario general de ATE C\u00f3rdoba, Federico Giuliani quien manifest\u00f3 que Schiaretti \"habla del estado, de las pol\u00edticas p\u00fablicas, de la obra p\u00fablica como una cosa abstracta pero no se habla de nuestra ciudadan\u00eda\".","format":"standard","video":"","gallery":"","source_name":"","source_url":"","via_name":"","via_url":"","override":[{"template":"1","single_blog_custom":"","parallax":"1","fullscreen":"1","layout":"right-sidebar","sidebar":"default-sidebar","second_sidebar":"default-sidebar","sticky_sidebar":"1","share_position":"top","share_float_style":"share-monocrhome","show_share_counter":"1","show_view_counter":"1","show_featured":"1","show_post_meta":"1","show_post_author":"1","show_post_author_image":"1","show_post_date":"1","post_date_format":"default","post_date_format_custom":"Y\/m\/d","show_post_category":"1","post_reading_time_wpm":"300","zoom_button_out_step":"2","zoom_button_in_step":"3","show_post_tag":"1","show_prev_next_post":"1","show_popup_post":"1","number_popup_post":"1"}],"image_override":[{"single_post_thumbnail_size":"crop-500","single_post_gallery_size":"crop-500"}],"trending_post_position":"meta","trending_post_label":"Trending","sponsored_post_label":"Sponsored by","sponsored_post_name":"","sponsored_post_url":"","sponsored_post_logo":"","sponsored_post_desc":""},"jnews_primary_category":{"id":""},"jnews_social_meta":[],"jnews_review":[],"enable_review":"","type":"","name":"","summary":"","brand":"","sku":"","good":[],"bad":[],"score_override":"","override_value":"","rating":[],"price":[],"jnews_override_counter":[],"jnews_post_split":[],"footnotes":""},"categories":[8],"tags":[375],"class_list":["post-29910","post","type-post","status-publish","format-standard","has-post-thumbnail","hentry","category-provinciales","tag-schiaretti"],"jetpack_featured_media_url":"https:\/\/atecordoba.org\/wp-content\/uploads\/2022\/02\/Giuliani_MarchaCarlosPAZ-750x498-1-e1643894505788.jpeg","_links":{"self":[{"href":"https:\/\/atecordoba.org\/index.php?rest_route=\/wp\/v2\/posts\/29910","targetHints":{"allow":["GET"]}}],"collection":[{"href":"https:\/\/atecordoba.org\/index.php?rest_route=\/wp\/v2\/posts"}],"about":[{"href":"https:\/\/atecordoba.org\/index.php?rest_route=\/wp\/v2\/types\/post"}],"author":[{"embeddable":true,"href":"https:\/\/atecordoba.org\/index.php?rest_route=\/wp\/v2\/users\/7"}],"replies":[{"embeddable":true,"href":"https:\/\/atecordoba.org\/index.php?rest_route=%2Fwp%2Fv2%2Fcomments&post=29910"}],"version-history":[{"count":2,"href":"https:\/\/atecordoba.org\/index.php?rest_route=\/wp\/v2\/posts\/29910\/revisions"}],"predecessor-version":[{"id":29924,"href":"https:\/\/atecordoba.org\/index.php?rest_route=\/wp\/v2\/posts\/29910\/revisions\/29924"}],"wp:featuredmedia":[{"embeddable":true,"href":"https:\/\/atecordoba.org\/index.php?rest_route=\/wp\/v2\/media\/29911"}],"wp:attachment":[{"href":"https:\/\/atecordoba.org\/index.php?rest_route=%2Fwp%2Fv2%2Fmedia&parent=29910"}],"wp:term":[{"taxonomy":"category","embeddable":true,"href":"https:\/\/atecordoba.org\/index.php?rest_route=%2Fwp%2Fv2%2Fcategories&post=29910"},{"taxonomy":"post_tag","embeddable":true,"href":"https:\/\/atecordoba.org\/index.php?rest_route=%2Fwp%2Fv2%2Ftags&post=29910"}],"curies":[{"name":"wp","href":"https:\/\/api.w.org\/{rel}","templated":true}]}}