{"id":29900,"date":"2022-02-02T15:10:00","date_gmt":"2022-02-02T18:10:00","guid":{"rendered":"https:\/\/atecordoba.org\/?p=29900"},"modified":"2022-02-02T15:10:42","modified_gmt":"2022-02-02T18:10:42","slug":"ate-conicet-realizara-manana-un-paro-nacional-por-reclamos-salariales","status":"publish","type":"post","link":"https:\/\/atecordoba.org\/?p=29900","title":{"rendered":"ATE Conicet realizar\u00e1 ma\u00f1ana un paro nacional por reclamos salariales"},"content":{"rendered":"\n<div class=\"wp-block-image\"><figure class=\"aligncenter size-large is-resized\"><img loading=\"lazy\" decoding=\"async\" src=\"https:\/\/atecordoba.org\/wp-content\/uploads\/2022\/02\/paro-conciet_flyer.jpg\" alt=\"\" class=\"wp-image-29901\" width=\"601\" height=\"601\" \/><\/figure><\/div>\n\n\n\n<p>En el marco de una nueva reuni\u00f3n de la paritaria estatal nacional ATE Conicet convoca a realizar ma\u00f1ana un paro de actividades en todas las sedes del organismo en todo el pa\u00eds. <\/p>\n\n\n\n<ul class=\"wp-block-list\"><li>La medida de fuerza se llevar\u00e1 a cabo en reclamo de:<\/li><li>recomposici\u00f3n salarial en CONICET y en todo el Estado nacional <\/li><li>Inmediato pago del bono comprometido para personal administrativo del organismo <\/li><li>Pago del suplemento por funci\u00f3n Ciencia y T\u00e9cnica a todo el personal SINEP del organismo <\/li><li>Pase a planta permanente sin p\u00e9rdida salarial <\/li><li>Reglamentaci\u00f3n e implementaci\u00f3n efectiva del ascenso vertical<\/li><li>Convenio colectivo de trabajo sectorial que incluya a todos los escalafones <\/li><li>Urgente reanudaci\u00f3n de las instancias de interlocuci\u00f3n con las autoridades<\/li><\/ul>\n\n\n\n<p><\/p>\n","protected":false},"excerpt":{"rendered":"<p>En el marco de una nueva reuni\u00f3n de la paritaria estatal nacional ATE Conicet convoca a realizar ma\u00f1ana un paro de actividades en todas las sedes del organismo en todo el pa\u00eds. La medida de fuerza se llevar\u00e1 a cabo en reclamo de: recomposici\u00f3n salarial en CONICET y en todo el Estado nacional Inmediato pago [&hellip;]<\/p>\n","protected":false},"author":7,"featured_media":29901,"comment_status":"open","ping_status":"open","sticky":false,"template":"","format":"standard","meta":{"_exactmetrics_skip_tracking":false,"_exactmetrics_sitenote_active":false,"_exactmetrics_sitenote_note":"","_exactmetrics_sitenote_category":0,"jnews-multi-image_gallery":[],"jnews_single_post":{"subtitle":"La medida de fuerza se realizar\u00e1 en el marco de la discusi\u00f3n paritaria sectorial. ","format":"standard","video":"","gallery":"","source_name":"","source_url":"","via_name":"","via_url":"","override":[{"template":"1","single_blog_custom":"","parallax":"1","fullscreen":"1","layout":"right-sidebar","sidebar":"default-sidebar","second_sidebar":"default-sidebar","sticky_sidebar":"1","share_position":"top","share_float_style":"share-monocrhome","show_share_counter":"1","show_view_counter":"1","show_featured":"1","show_post_meta":"1","show_post_author":"1","show_post_author_image":"1","show_post_date":"1","post_date_format":"default","post_date_format_custom":"Y\/m\/d","show_post_category":"1","post_reading_time_wpm":"300","zoom_button_out_step":"2","zoom_button_in_step":"3","show_post_tag":"1","show_prev_next_post":"1","show_popup_post":"1","number_popup_post":"1"}],"image_override":[{"single_post_thumbnail_size":"crop-500","single_post_gallery_size":"crop-500"}],"trending_post_position":"meta","trending_post_label":"Trending","sponsored_post_label":"Sponsored by","sponsored_post_name":"","sponsored_post_url":"","sponsored_post_logo":"","sponsored_post_desc":""},"jnews_primary_category":{"id":""},"jnews_social_meta":[],"jnews_review":[],"enable_review":"","type":"","name":"","summary":"","brand":"","sku":"","good":[],"bad":[],"score_override":"","override_value":"","rating":[],"price":[],"jnews_override_counter":[],"jnews_post_split":[],"footnotes":""},"categories":[18],"tags":[61],"class_list":["post-29900","post","type-post","status-publish","format-standard","has-post-thumbnail","hentry","category-nacionales","tag-conicet"],"jetpack_featured_media_url":"https:\/\/atecordoba.org\/wp-content\/uploads\/2022\/02\/paro-conciet_flyer-e1643825388610.jpg","_links":{"self":[{"href":"https:\/\/atecordoba.org\/index.php?rest_route=\/wp\/v2\/posts\/29900","targetHints":{"allow":["GET"]}}],"collection":[{"href":"https:\/\/atecordoba.org\/index.php?rest_route=\/wp\/v2\/posts"}],"about":[{"href":"https:\/\/atecordoba.org\/index.php?rest_route=\/wp\/v2\/types\/post"}],"author":[{"embeddable":true,"href":"https:\/\/atecordoba.org\/index.php?rest_route=\/wp\/v2\/users\/7"}],"replies":[{"embeddable":true,"href":"https:\/\/atecordoba.org\/index.php?rest_route=%2Fwp%2Fv2%2Fcomments&post=29900"}],"version-history":[{"count":1,"href":"https:\/\/atecordoba.org\/index.php?rest_route=\/wp\/v2\/posts\/29900\/revisions"}],"predecessor-version":[{"id":29902,"href":"https:\/\/atecordoba.org\/index.php?rest_route=\/wp\/v2\/posts\/29900\/revisions\/29902"}],"wp:featuredmedia":[{"embeddable":true,"href":"https:\/\/atecordoba.org\/index.php?rest_route=\/wp\/v2\/media\/29901"}],"wp:attachment":[{"href":"https:\/\/atecordoba.org\/index.php?rest_route=%2Fwp%2Fv2%2Fmedia&parent=29900"}],"wp:term":[{"taxonomy":"category","embeddable":true,"href":"https:\/\/atecordoba.org\/index.php?rest_route=%2Fwp%2Fv2%2Fcategories&post=29900"},{"taxonomy":"post_tag","embeddable":true,"href":"https:\/\/atecordoba.org\/index.php?rest_route=%2Fwp%2Fv2%2Ftags&post=29900"}],"curies":[{"name":"wp","href":"https:\/\/api.w.org\/{rel}","templated":true}]}}