{"id":29887,"date":"2022-02-02T15:01:11","date_gmt":"2022-02-02T18:01:11","guid":{"rendered":"https:\/\/atecordoba.org\/?p=29887"},"modified":"2022-02-02T16:01:45","modified_gmt":"2022-02-02T19:01:45","slug":"plenario-16-de-febrero-se-realizara-una-jornada-provincial-de-lucha-de-sectores-nacionales-con-corte-a-frente-de-fadea","status":"publish","type":"post","link":"https:\/\/atecordoba.org\/?p=29887","title":{"rendered":"Plenario de nacionales defini\u00f3 jornada provincial de lucha frente a FADEA"},"content":{"rendered":"\n<div class=\"wp-block-image\"><figure class=\"aligncenter size-large is-resized\"><img loading=\"lazy\" decoding=\"async\" src=\"https:\/\/atecordoba.org\/wp-content\/uploads\/2022\/02\/WhatsApp-Image-2022-02-02-at-11.05.23-1024x576.jpeg\" alt=\"\" class=\"wp-image-29888\" width=\"768\" height=\"432\" \/><\/figure><\/div>\n\n\n\n<p>Una muy importante participaci\u00f3n de delegados y delegadas de organismos nacionales en C\u00f3rdoba se manifest\u00f3 en el Plenario provincial realizado hoy en la sede de ATE C\u00f3rdoba.<\/p>\n\n\n\n<p>Presidido por el secretario General, Federico Giuliani, y acompa\u00f1ado por la secretaria General de ATE R\u00edo Cuarto, Rafaela Alcoba, el secretario Gremial de ATE R\u00edo Tercero, David Salto, y el secretario de Formaci\u00f3n del Consejo Directivo Provincial (CDP), C\u00e9sar Theaux, el plenario resolvi\u00f3 que ATE realizar\u00e1 una jornada provincial de lucha el pr\u00f3ximo 16 de febrero, con una manifestaci\u00f3n frente al acceso a FADEA, en la ruta 20, para apoyar la lucha de las y los despedidos del macrismo que a\u00fan no han sido reincorporados a la f\u00e1brica de aviones, dos a\u00f1os despu\u00e9s de la asunci\u00f3n del actual gobierno.<\/p>\n\n\n\n<p>El plenario homenaje\u00f3 a las v\u00edctimas de violencia de g\u00e9nero y reclam\u00f3 que se declare la emergencia provincial en la materia. <\/p>\n\n\n\n<p>Estuvieron presentes m\u00e1s de 50 delegados de los siguientes sectores: Pami, Anses, Senasa, UNC, ANAC, CNRT, Migraciones, Personal Civil de las FFAA, F\u00e1brica Militar R\u00edo Tercero, F\u00e1brica Militar Villa Mar\u00eda, Ministerio de Trabajo, Iosfa, Saf, Andis, Fadea, CONEA, Ministerio de Desarrollo Social, CONAE y Cnea.<\/p>\n\n\n\n<p>El plenario es el primero de car\u00e1cter provincial que se realiza este a\u00f1o en el pa\u00eds, y se propuso marcar agenda sobre la acci\u00f3n gremial en este tramo del a\u00f1o en que comienza a desarrollarse l<a href=\"https:\/\/atecordoba.org\/?p=29845\">a discusi\u00f3n salarial en la mesa paritaria del sector p\u00fablico nacional<\/a>. <\/p>\n\n\n\n<p><a href=\"https:\/\/www.facebook.com\/watch\/live\/?ref=watch_permalink&amp;v=674808970201253\">https:\/\/www.facebook.com\/watch\/live\/?ref=watch_permalink&amp;v=674808970201253<\/a><\/p>\n\n\n\n<p>En tal sentido, Giuliani dio comienzo al plenario destacando que &#8220;ma\u00f1ana va a haber otra reuni\u00f3n con el Estado empleador y la representaci\u00f3n sindical de ATE y UPCN. Viendo la inflaci\u00f3n y el acuerdo con el FMI entendemos que este a\u00f1o va a estar marcado por la conflictividad gremial. Como ATE C\u00f3rdoba tuvimos diferentes posiciones e iniciativas en estos dos a\u00f1os de mandato que nos ubicaron en el plano nacional, m\u00e1s all\u00e1 que el escenario determinante est\u00e1 en Capital claramente&#8221;.<\/p>\n\n\n\n<p>Y destac\u00f3 que &#8220;muchas veces hemos sido cr\u00edticos de la conducci\u00f3n nacional. Cuando el a\u00f1o pasado se cerr\u00f3 la paritaria, que nosotros entend\u00edamos que no saldaba los niveles de inflaci\u00f3n y la p\u00e9rdida del poder adquisitivo, tuvimos nuestro posicionamiento y eso nos cost\u00f3 discusiones con compa\u00f1eros del Consejo Nacional. As\u00ed y todo, mantuvimos nuestra postura y a los pocos meses se reabri\u00f3 la paritaria, fijaron la pauta en el 40% pero nosotros dijimos que no pod\u00eda ser menos del 45%. Hoy los n\u00fameros nos dan la raz\u00f3n&#8221;.<\/p>\n\n\n\n<div class=\"wp-block-image\"><figure class=\"aligncenter size-large is-resized\"><img loading=\"lazy\" decoding=\"async\" src=\"https:\/\/atecordoba.org\/wp-content\/uploads\/2022\/02\/WhatsApp-Image-2022-02-02-at-11.05.20-1024x576.jpeg\" alt=\"\" class=\"wp-image-29889\" width=\"768\" height=\"432\" srcset=\"https:\/\/atecordoba.org\/wp-content\/uploads\/2022\/02\/WhatsApp-Image-2022-02-02-at-11.05.20-1024x576.jpeg 1024w, https:\/\/atecordoba.org\/wp-content\/uploads\/2022\/02\/WhatsApp-Image-2022-02-02-at-11.05.20-300x169.jpeg 300w, https:\/\/atecordoba.org\/wp-content\/uploads\/2022\/02\/WhatsApp-Image-2022-02-02-at-11.05.20-768x432.jpeg 768w, https:\/\/atecordoba.org\/wp-content\/uploads\/2022\/02\/WhatsApp-Image-2022-02-02-at-11.05.20-1536x864.jpeg 1536w, https:\/\/atecordoba.org\/wp-content\/uploads\/2022\/02\/WhatsApp-Image-2022-02-02-at-11.05.20-750x422.jpeg 750w, https:\/\/atecordoba.org\/wp-content\/uploads\/2022\/02\/WhatsApp-Image-2022-02-02-at-11.05.20-1140x641.jpeg 1140w, https:\/\/atecordoba.org\/wp-content\/uploads\/2022\/02\/WhatsApp-Image-2022-02-02-at-11.05.20.jpeg 1600w\" sizes=\"auto, (max-width: 768px) 100vw, 768px\" \/><\/figure><\/div>\n\n\n\n<p>Por otro lado, el dirigente dijo que &#8220;los nacionales son uno de los grupos con m\u00e1s din\u00e1mica en ATE C\u00f3rdoba. Si bien tuvimos bajas en un sector que no abrimos como la Universidad Nacional de C\u00f3rdoba, en el \u00e1rea del Laboratorio de Hemoderivados, porque nunca pudimos hacer pie con el delegado del sector, en l\u00edneas generales la afiliaci\u00f3n y crecimiento organizativo de los nacionales, al menos en la Capital, tuvo un desarrollo importante. Reforzamos y casi duplicamos afiliaciones en CNEA, duplicamos en Dioxitek -despu\u00e9s de ganar un conflicto-, le estamos dando la bienvenida a la CONAE, regularizamos en Migraciones. Es importante que est\u00e9 presente Fabricaciones Militares&#8221;.<\/p>\n\n\n\n<p><strong>Reincorporaciones<\/strong><\/p>\n\n\n\n<p>El secretario General de ATE C\u00f3rdoba dijo que &#8220;claramente tuvimos un posicionamiento importante respecto a FADEA en estos d\u00edas, porque despu\u00e9s de dos a\u00f1os de la asunci\u00f3n del gobierno la se\u00f1ora Mirta Iriondo gestiona el \u00fanico organismo nacional que a\u00fan no reincorpor\u00f3 a ning\u00fan despedido del macrismo. El 13 de febrero de 2020 hicimos el primer corte para que nos reciba la funcionaria, pero despu\u00e9s no pas\u00f3 m\u00e1s nada.&#8221; <\/p>\n\n\n\n<p>Y contrast\u00f3 esa situaci\u00f3n con &#8220;FFMM R\u00edo Tercero y Villa Mar\u00eda donde casi llegamos al 100% de los reincorporados, en la CNRT, en la Secretaria de Agricultura Familiar, en el INTI. A pesar que nosotros no caracterizamos igual a este gobierno que al anterior, FADEA nos muestra que muchas de las pol\u00edticas respecto a los trabajadores no cambiaron&#8221;.<\/p>\n\n\n\n<p><strong>Plenario nacional e inflaci\u00f3n<\/strong><\/p>\n\n\n\n<div class=\"wp-block-image\"><figure class=\"aligncenter size-large is-resized\"><img loading=\"lazy\" decoding=\"async\" src=\"https:\/\/atecordoba.org\/wp-content\/uploads\/2022\/02\/WhatsApp-Image-2022-02-02-at-11.05.24-1024x576.jpeg\" alt=\"\" class=\"wp-image-29890\" width=\"768\" height=\"432\" srcset=\"https:\/\/atecordoba.org\/wp-content\/uploads\/2022\/02\/WhatsApp-Image-2022-02-02-at-11.05.24-1024x576.jpeg 1024w, https:\/\/atecordoba.org\/wp-content\/uploads\/2022\/02\/WhatsApp-Image-2022-02-02-at-11.05.24-300x169.jpeg 300w, https:\/\/atecordoba.org\/wp-content\/uploads\/2022\/02\/WhatsApp-Image-2022-02-02-at-11.05.24-768x432.jpeg 768w, https:\/\/atecordoba.org\/wp-content\/uploads\/2022\/02\/WhatsApp-Image-2022-02-02-at-11.05.24-1536x864.jpeg 1536w, https:\/\/atecordoba.org\/wp-content\/uploads\/2022\/02\/WhatsApp-Image-2022-02-02-at-11.05.24-750x422.jpeg 750w, https:\/\/atecordoba.org\/wp-content\/uploads\/2022\/02\/WhatsApp-Image-2022-02-02-at-11.05.24-1140x641.jpeg 1140w, https:\/\/atecordoba.org\/wp-content\/uploads\/2022\/02\/WhatsApp-Image-2022-02-02-at-11.05.24.jpeg 1600w\" sizes=\"auto, (max-width: 768px) 100vw, 768px\" \/><\/figure><\/div>\n\n\n\n<p>Giuliani plante\u00f3 tambi\u00e9n que &#8220;es necesario que el Consejo Directivo Nacional convoque a un plenario de delegados y delegadas de los organismos de todo el pa\u00eds para discutir con qu\u00e9 fuerza vamos a la paritaria, d\u00f3nde vamos a tensar. Por m\u00e1s que nos digan que el acuerdo con el FMI no incluye ajuste sabemos que no es as\u00ed, porque reducir el gasto p\u00fablico implica ajustar, no solo en el pueblo trabajador sino particularmente en nuestro caso como estatales&#8221;.<\/p>\n\n\n\n<p>&#8220;La mayor\u00eda de los que estamos ac\u00e1 cobramos salarios por debajo de la l\u00ednea de la pobreza, ya que el informe de INDEC dice que para no ser pobre hay que cobrar 76 mil pesos, tambi\u00e9n hay compa\u00f1eros debajo de la l\u00ednea de la indigencia con salarios de 30 mil pesos, como en el IOSFA. Estamos lejos de donde queremos porque fueron muchos a\u00f1os donde perdimos poder adquisitivo, mientras que la inflaci\u00f3n sigue creciendo&#8221;, se\u00f1al\u00f3.<\/p>\n\n\n\n<p><strong>Violencia de g\u00e9nero<\/strong> <strong>y FMI<\/strong><\/p>\n\n\n\n<p>A su turno, la secretaria General de ATE R\u00edo Cuarto, Rafaela Alcoba, dijo que &#8220;como mujeres y como sociedad nos est\u00e1n pasando cosas terribles en materia de violencia de g\u00e9nero. Llevamos 22 feminicidios en lo que va del a\u00f1o y al mismo tiempo sabemos que el acuerdo con el FMI va a afectar el presupuesto para poder dar una verdadera prevenci\u00f3n en materia de violencia de g\u00e9nero, que siempre pedimos que se incremente&#8221;.<\/p>\n\n\n\n<p>Adem\u00e1s, la dirigente del sur provincial alert\u00f3 que &#8220;en estos dos a\u00f1os de gobierno no logramos recuperar el poder adquisitivo que perdimos durante el gobierno neoliberal macrista, por eso claramente este acuerdo con el Fondo va a seguir generando conflictos sindicales y sociales, ante la profundizaci\u00f3n de la pobreza en Argentina. Por eso es el momento de profundizar la acci\u00f3n gremial para poder enfrentar lo que se nos viene. La \u00fanica estrategia que necesitamos es estar en la calle y para eso tenemos que organizarnos y volver a valorizar la unidad de las acciones con otras organizaciones sindicales y sociales. Esta lucha no la vamos a ganar solos&#8221;.<\/p>\n\n\n\n<p><strong>Honrar la historia de ATE<\/strong><\/p>\n\n\n\n<p>La \u00faltima exposici\u00f3n de apertura estuvo a cargo del secretario Gremial de ATE R\u00edo Tercero, David Salto. El dirigente fabriquero apunt\u00e9 que &#8220;sabemos que el acuerdo con el FMI no va a ser bueno para los trabajadores, as\u00ed lo marca la historia, y por eso no hay propuesta en la reuni\u00f3n que se hizo por la paritaria nacional&#8221;. <\/p>\n\n\n\n<div class=\"wp-block-image\"><figure class=\"aligncenter size-large is-resized\"><img loading=\"lazy\" decoding=\"async\" src=\"https:\/\/atecordoba.org\/wp-content\/uploads\/2022\/02\/WhatsApp-Image-2022-02-02-at-11.05.29-1024x576.jpeg\" alt=\"\" class=\"wp-image-29891\" width=\"768\" height=\"432\" srcset=\"https:\/\/atecordoba.org\/wp-content\/uploads\/2022\/02\/WhatsApp-Image-2022-02-02-at-11.05.29-1024x576.jpeg 1024w, https:\/\/atecordoba.org\/wp-content\/uploads\/2022\/02\/WhatsApp-Image-2022-02-02-at-11.05.29-300x169.jpeg 300w, https:\/\/atecordoba.org\/wp-content\/uploads\/2022\/02\/WhatsApp-Image-2022-02-02-at-11.05.29-768x432.jpeg 768w, https:\/\/atecordoba.org\/wp-content\/uploads\/2022\/02\/WhatsApp-Image-2022-02-02-at-11.05.29-1536x864.jpeg 1536w, https:\/\/atecordoba.org\/wp-content\/uploads\/2022\/02\/WhatsApp-Image-2022-02-02-at-11.05.29-750x422.jpeg 750w, https:\/\/atecordoba.org\/wp-content\/uploads\/2022\/02\/WhatsApp-Image-2022-02-02-at-11.05.29-1140x641.jpeg 1140w, https:\/\/atecordoba.org\/wp-content\/uploads\/2022\/02\/WhatsApp-Image-2022-02-02-at-11.05.29.jpeg 1600w\" sizes=\"auto, (max-width: 768px) 100vw, 768px\" \/><\/figure><\/div>\n\n\n\n<p>&#8220;Tenemos que pensarnos como clase trabajadora y hacer honor a la historia de ATE, las luchas hay que darlas con firmeza. Ac\u00e1 no hay descanso, la derecha hist\u00f3ricamente tuvo la capacidad de mutar y nunca dio tregua. La llamada grieta est\u00e1 instalada hist\u00f3ricamente, o se es gobierno para un sector o se gobierna para los trabajadores, no se puede quedar bien con los dos&#8221;, destac\u00f3 Salto.<\/p>\n\n\n\n<p>Y finaliz\u00f3: &#8220;si queremos marcar agenda, tenemos que salir fortalecidos de este plenario, para hacerle escuchar al gobierno nacional que queremos un pa\u00eds m\u00e1s digno, m\u00e1s justo, con una justicia realmente independiente, no con funcionarios judiciales que en su momento desfilaban por cada de gobierno para terminar armando causas que condicionen a dirigentes sindicales&#8221;.<\/p>\n\n\n\n<p><strong>Conclusiones<\/strong><\/p>\n\n\n\n<p>El plenario se desarroll\u00f3 durante tres horas y un interesante debate.  En su conclusiones, de las distintas intervenciones se apunt\u00f3 a la p\u00e9rdida de poder adquisitivo y surgi\u00f3 la necesidad de redoblar esfuerzos para el crecimiento organizativo en los sectores, sumando afiliaciones y nuevos sectores de trabajo, agregando tambi\u00e9n la importancia del recambio de cuadros, eligiendo delegados y delegadas de cada sector.<\/p>\n\n\n\n<p>Hubo un rescate de la lucha que ATE hizo en los &#8217;90, que se replic\u00f3 con el macrismo y que hoy nos pone en alerta nuevamente porque este acuerdo con el FMI afecta nuestros salarios y nuestra calidad de vida junto al resto de la sociedad.<\/p>\n\n\n\n<div class=\"wp-block-image\"><figure class=\"aligncenter size-large is-resized\"><img loading=\"lazy\" decoding=\"async\" src=\"https:\/\/atecordoba.org\/wp-content\/uploads\/2022\/02\/WhatsApp-Image-2022-02-02-at-11.05.23-1-1024x576.jpeg\" alt=\"\" class=\"wp-image-29892\" width=\"768\" height=\"432\" srcset=\"https:\/\/atecordoba.org\/wp-content\/uploads\/2022\/02\/WhatsApp-Image-2022-02-02-at-11.05.23-1-1024x576.jpeg 1024w, https:\/\/atecordoba.org\/wp-content\/uploads\/2022\/02\/WhatsApp-Image-2022-02-02-at-11.05.23-1-300x169.jpeg 300w, https:\/\/atecordoba.org\/wp-content\/uploads\/2022\/02\/WhatsApp-Image-2022-02-02-at-11.05.23-1-768x432.jpeg 768w, https:\/\/atecordoba.org\/wp-content\/uploads\/2022\/02\/WhatsApp-Image-2022-02-02-at-11.05.23-1-1536x864.jpeg 1536w, https:\/\/atecordoba.org\/wp-content\/uploads\/2022\/02\/WhatsApp-Image-2022-02-02-at-11.05.23-1-750x422.jpeg 750w, https:\/\/atecordoba.org\/wp-content\/uploads\/2022\/02\/WhatsApp-Image-2022-02-02-at-11.05.23-1-1140x641.jpeg 1140w, https:\/\/atecordoba.org\/wp-content\/uploads\/2022\/02\/WhatsApp-Image-2022-02-02-at-11.05.23-1.jpeg 1600w\" sizes=\"auto, (max-width: 768px) 100vw, 768px\" \/><\/figure><\/div>\n\n\n\n<p>El plenario resolvi\u00f3 reiterar el pedido a la ministra de la Mujer, Claudia Mart\u00ednez, para que se declare la emergencia por violencia de g\u00e9nero.<\/p>\n\n\n\n<p>Tambi\u00e9n se concluy\u00f3 una transversalidad de problem\u00e1ticas como la falta de federalismo en las mesas de negociaci\u00f3n en los distintos organismos, surgiendo el reclamo para el CDN de mayor federalizaci\u00f3n para los espacios paritarios. <\/p>\n\n\n\n<p>Ante un Estado que est\u00e1 en disputa, y eso hoy se expresa en los pases a planta permanente que no se dan, en las vacantes que no se cubren ni se reponen los cargos cuando las y los trabajadores se jubilan, la formaci\u00f3n es fundamental para renovar e incrementar los cuerpos de delegados. A la una disputa ideol\u00f3gica sobre cu\u00e1l es el rol del Estado ATE debe hablar con las y los compa\u00f1eros mano a mano.<\/p>\n\n\n\n<p>Los dem\u00e1s puntos:<\/p>\n\n\n\n<ul class=\"wp-block-list\"><li>Participar activamente en la marcha del 8 de febrero contra el FMI.<\/li><li>SAF: frente al desmantelamiento es necesario un plan de lucha nacional.<\/li><li>FADEA: proseguir el reclamo por la reincorporaci\u00f3n de las y los despedidos. Se tramitar\u00e1 un pedido de audiencia ante el ministro de Defensa Jorge Taiana.<\/li><li>Rechazo al acuerdo con el FMI y sumarnos a la campa\u00f1a &#8220;No al pago de la deuda&#8221;.<\/li><li>Realizar campa\u00f1as de afiliaci\u00f3n e impulsar la denuncia sobre la falta de cumplimiento del cupo travesti-trans y de discapacidad en el Estado.<\/li><li>Se propuso un encuentro de juventudes de ATE C\u00f3rdoba.<\/li><li>Pedir al CDN un plenario nacional de delegados de organismos nacionales.<\/li><li>Reclamo de una recomposici\u00f3n salarial del 60% porque venimos corriendo a la inflaci\u00f3n.<\/li><li>Movilizaci\u00f3n a FADEA en el marco de una Jornada Provincial de Lucha el pr\u00f3ximo 16 de febrero. <\/li><\/ul>\n\n\n\n<figure class=\"wp-block-gallery columns-2 is-cropped wp-block-gallery-1 is-layout-flex wp-block-gallery-is-layout-flex\"><ul class=\"blocks-gallery-grid\"><li class=\"blocks-gallery-item\"><figure><a href=\"https:\/\/atecordoba.org\/wp-content\/uploads\/2022\/02\/doc-nacioanles_00001-1.jpg\"><img loading=\"lazy\" decoding=\"async\" width=\"791\" height=\"1024\" src=\"https:\/\/atecordoba.org\/wp-content\/uploads\/2022\/02\/doc-nacioanles_00001-1-791x1024.jpg\" alt=\"\" data-id=\"29895\" data-full-url=\"https:\/\/atecordoba.org\/wp-content\/uploads\/2022\/02\/doc-nacioanles_00001-1.jpg\" data-link=\"https:\/\/atecordoba.org\/?attachment_id=29895\" class=\"wp-image-29895\" srcset=\"https:\/\/atecordoba.org\/wp-content\/uploads\/2022\/02\/doc-nacioanles_00001-1-791x1024.jpg 791w, https:\/\/atecordoba.org\/wp-content\/uploads\/2022\/02\/doc-nacioanles_00001-1-232x300.jpg 232w, https:\/\/atecordoba.org\/wp-content\/uploads\/2022\/02\/doc-nacioanles_00001-1-768x994.jpg 768w, https:\/\/atecordoba.org\/wp-content\/uploads\/2022\/02\/doc-nacioanles_00001-1-1187x1536.jpg 1187w, https:\/\/atecordoba.org\/wp-content\/uploads\/2022\/02\/doc-nacioanles_00001-1-1583x2048.jpg 1583w, https:\/\/atecordoba.org\/wp-content\/uploads\/2022\/02\/doc-nacioanles_00001-1-750x971.jpg 750w, https:\/\/atecordoba.org\/wp-content\/uploads\/2022\/02\/doc-nacioanles_00001-1-1140x1475.jpg 1140w, https:\/\/atecordoba.org\/wp-content\/uploads\/2022\/02\/doc-nacioanles_00001-1.jpg 1700w\" sizes=\"auto, (max-width: 791px) 100vw, 791px\" \/><\/a><figcaption class=\"blocks-gallery-item__caption\">Documento de convocatoria al Plenario<\/figcaption><\/figure><\/li><li class=\"blocks-gallery-item\"><figure><a href=\"https:\/\/atecordoba.org\/wp-content\/uploads\/2022\/02\/doc-nacioanles_00002-1.jpg\"><img loading=\"lazy\" decoding=\"async\" width=\"791\" height=\"1024\" src=\"https:\/\/atecordoba.org\/wp-content\/uploads\/2022\/02\/doc-nacioanles_00002-1-791x1024.jpg\" alt=\"\" data-id=\"29896\" data-full-url=\"https:\/\/atecordoba.org\/wp-content\/uploads\/2022\/02\/doc-nacioanles_00002-1.jpg\" data-link=\"https:\/\/atecordoba.org\/?attachment_id=29896\" class=\"wp-image-29896\" srcset=\"https:\/\/atecordoba.org\/wp-content\/uploads\/2022\/02\/doc-nacioanles_00002-1-791x1024.jpg 791w, https:\/\/atecordoba.org\/wp-content\/uploads\/2022\/02\/doc-nacioanles_00002-1-232x300.jpg 232w, https:\/\/atecordoba.org\/wp-content\/uploads\/2022\/02\/doc-nacioanles_00002-1-768x994.jpg 768w, https:\/\/atecordoba.org\/wp-content\/uploads\/2022\/02\/doc-nacioanles_00002-1-1187x1536.jpg 1187w, https:\/\/atecordoba.org\/wp-content\/uploads\/2022\/02\/doc-nacioanles_00002-1-1583x2048.jpg 1583w, https:\/\/atecordoba.org\/wp-content\/uploads\/2022\/02\/doc-nacioanles_00002-1-750x971.jpg 750w, https:\/\/atecordoba.org\/wp-content\/uploads\/2022\/02\/doc-nacioanles_00002-1-1140x1475.jpg 1140w, https:\/\/atecordoba.org\/wp-content\/uploads\/2022\/02\/doc-nacioanles_00002-1.jpg 1700w\" sizes=\"auto, (max-width: 791px) 100vw, 791px\" \/><\/a><\/figure><\/li><\/ul><\/figure>\n","protected":false},"excerpt":{"rendered":"<p>Una muy importante participaci\u00f3n de delegados y delegadas de organismos nacionales en C\u00f3rdoba se manifest\u00f3 en el Plenario provincial realizado hoy en la sede de ATE C\u00f3rdoba. Presidido por el secretario General, Federico Giuliani, y acompa\u00f1ado por la secretaria General de ATE R\u00edo Cuarto, Rafaela Alcoba, el secretario Gremial de ATE R\u00edo Tercero, David Salto, [&hellip;]<\/p>\n","protected":false},"author":7,"featured_media":29888,"comment_status":"open","ping_status":"open","sticky":false,"template":"","format":"standard","meta":{"_exactmetrics_skip_tracking":false,"_exactmetrics_sitenote_active":false,"_exactmetrics_sitenote_note":"","_exactmetrics_sitenote_category":0,"jnews-multi-image_gallery":[],"jnews_single_post":{"subtitle":"El CDP convoc\u00f3 a marca agenda en 2022 sobre los reclamos gremiales de las y los estatales.","format":"standard","video":"","gallery":"","source_name":"","source_url":"","via_name":"","via_url":"","override":[{"template":"1","single_blog_custom":"","parallax":"1","fullscreen":"1","layout":"right-sidebar","sidebar":"default-sidebar","second_sidebar":"default-sidebar","sticky_sidebar":"1","share_position":"top","share_float_style":"share-monocrhome","show_share_counter":"1","show_view_counter":"1","show_featured":"1","show_post_meta":"1","show_post_author":"1","show_post_author_image":"1","show_post_date":"1","post_date_format":"default","post_date_format_custom":"Y\/m\/d","show_post_category":"1","post_reading_time_wpm":"300","zoom_button_out_step":"2","zoom_button_in_step":"3","show_post_tag":"1","show_prev_next_post":"1","show_popup_post":"1","number_popup_post":"1"}],"image_override":[{"single_post_thumbnail_size":"crop-500","single_post_gallery_size":"crop-500"}],"trending_post_position":"meta","trending_post_label":"Trending","sponsored_post_label":"Sponsored by","sponsored_post_name":"","sponsored_post_url":"","sponsored_post_logo":"","sponsored_post_desc":""},"jnews_primary_category":{"id":""},"jnews_social_meta":[],"jnews_review":[],"enable_review":"","type":"","name":"","summary":"","brand":"","sku":"","good":[],"bad":[],"score_override":"","override_value":"","rating":[],"price":[],"jnews_override_counter":[],"jnews_post_split":[],"footnotes":""},"categories":[18],"tags":[39],"class_list":["post-29887","post","type-post","status-publish","format-standard","has-post-thumbnail","hentry","category-nacionales","tag-plenario"],"jetpack_featured_media_url":"https:\/\/atecordoba.org\/wp-content\/uploads\/2022\/02\/WhatsApp-Image-2022-02-02-at-11.05.23-e1643824941405.jpeg","_links":{"self":[{"href":"https:\/\/atecordoba.org\/index.php?rest_route=\/wp\/v2\/posts\/29887","targetHints":{"allow":["GET"]}}],"collection":[{"href":"https:\/\/atecordoba.org\/index.php?rest_route=\/wp\/v2\/posts"}],"about":[{"href":"https:\/\/atecordoba.org\/index.php?rest_route=\/wp\/v2\/types\/post"}],"author":[{"embeddable":true,"href":"https:\/\/atecordoba.org\/index.php?rest_route=\/wp\/v2\/users\/7"}],"replies":[{"embeddable":true,"href":"https:\/\/atecordoba.org\/index.php?rest_route=%2Fwp%2Fv2%2Fcomments&post=29887"}],"version-history":[{"count":6,"href":"https:\/\/atecordoba.org\/index.php?rest_route=\/wp\/v2\/posts\/29887\/revisions"}],"predecessor-version":[{"id":29909,"href":"https:\/\/atecordoba.org\/index.php?rest_route=\/wp\/v2\/posts\/29887\/revisions\/29909"}],"wp:featuredmedia":[{"embeddable":true,"href":"https:\/\/atecordoba.org\/index.php?rest_route=\/wp\/v2\/media\/29888"}],"wp:attachment":[{"href":"https:\/\/atecordoba.org\/index.php?rest_route=%2Fwp%2Fv2%2Fmedia&parent=29887"}],"wp:term":[{"taxonomy":"category","embeddable":true,"href":"https:\/\/atecordoba.org\/index.php?rest_route=%2Fwp%2Fv2%2Fcategories&post=29887"},{"taxonomy":"post_tag","embeddable":true,"href":"https:\/\/atecordoba.org\/index.php?rest_route=%2Fwp%2Fv2%2Ftags&post=29887"}],"curies":[{"name":"wp","href":"https:\/\/api.w.org\/{rel}","templated":true}]}}