{"id":29884,"date":"2022-02-02T10:18:59","date_gmt":"2022-02-02T13:18:59","guid":{"rendered":"https:\/\/atecordoba.org\/?p=29884"},"modified":"2022-02-02T10:21:18","modified_gmt":"2022-02-02T13:21:18","slug":"anac-asamblea-en-el-aeropuerto-cordoba","status":"publish","type":"post","link":"https:\/\/atecordoba.org\/?p=29884","title":{"rendered":"ANAC: Asamblea en el Aeropuerto C\u00f3rdoba"},"content":{"rendered":"\n<div class=\"wp-block-image\"><figure class=\"aligncenter size-large is-resized\"><img loading=\"lazy\" decoding=\"async\" src=\"https:\/\/atecordoba.org\/wp-content\/uploads\/2022\/02\/ambulancias-anac-1024x577.jpg\" alt=\"\" class=\"wp-image-29885\" width=\"768\" height=\"433\" \/><\/figure><\/div>\n\n\n\n<p>En el Aeropuerto Internacional C\u00f3rdoba ayer se llev\u00f3 a cabo en las instalaciones de Sanidad Aeron\u00e1utica una asamblea con las y los trabajadores de turno.<\/p>\n\n\n\n<p>Los temas abordados se trat\u00f3 la situaci\u00f3n de los tres servicios con dotaci\u00f3n cr\u00edtica o Insuficiente, agravada por la crisis del Covid 19, atento que hay compa\u00f1eros\/as sin poder gozar de su Licencia Anual suspendidas por \u2018razones de servicio\u2019.<\/p>\n\n\n\n<p>Adem\u00e1s, cabe se\u00f1alar que la Administraci\u00f3n Nacional de Aviaci\u00f3n Civil (ANAC) volvi\u00f3 a poner en pr\u00e1ctica el esquema de \u2018guardias pasivas pagas\u2019 para las y los trabajadores operativos del organismo. Sin embargo a las y los compa\u00f1eros del \u00e1rea de Sanidad se los ha excluido, vulnerando derechos de raigambre Constitucional Art\u00edculo 14 y 14 bis .<\/p>\n\n\n\n<p>Por \u00faltimo se aprob\u00f3 la urgencia por exigir el paso a escalaf\u00f3n aeron\u00e1utico para la totalidad de compa\u00f1eros y compa\u00f1eras que cumplen turnos operativos y\/o cumplen funciones directas con las operaciones.<\/p>\n\n\n\n<p>La asamblea no descarta iniciar las acciones gremiales para \u2018reivindicar\u2019 todos y cada uno de sus derechos\u201d.<\/p>\n","protected":false},"excerpt":{"rendered":"<p>En el Aeropuerto Internacional C\u00f3rdoba ayer se llev\u00f3 a cabo en las instalaciones de Sanidad Aeron\u00e1utica una asamblea con las y los trabajadores de turno. Los temas abordados se trat\u00f3 la situaci\u00f3n de los tres servicios con dotaci\u00f3n cr\u00edtica o Insuficiente, agravada por la crisis del Covid 19, atento que hay compa\u00f1eros\/as sin poder gozar [&hellip;]<\/p>\n","protected":false},"author":7,"featured_media":29885,"comment_status":"open","ping_status":"open","sticky":false,"template":"","format":"standard","meta":{"_exactmetrics_skip_tracking":false,"_exactmetrics_sitenote_active":false,"_exactmetrics_sitenote_note":"","_exactmetrics_sitenote_category":0,"jnews-multi-image_gallery":[],"jnews_single_post":{"subtitle":"Falta de personal en servicios operativos ha impedido que compa\u00f1eras y compa\u00f1eros del sector puedan hacer uso de su licencia anual.","format":"standard","video":"","gallery":"","source_name":"","source_url":"","via_name":"","via_url":"","override":[{"template":"1","single_blog_custom":"","parallax":"1","fullscreen":"1","layout":"right-sidebar","sidebar":"default-sidebar","second_sidebar":"default-sidebar","sticky_sidebar":"1","share_position":"top","share_float_style":"share-monocrhome","show_share_counter":"1","show_view_counter":"1","show_featured":"1","show_post_meta":"1","show_post_author":"1","show_post_author_image":"1","show_post_date":"1","post_date_format":"default","post_date_format_custom":"Y\/m\/d","show_post_category":"1","post_reading_time_wpm":"300","zoom_button_out_step":"2","zoom_button_in_step":"3","show_post_tag":"1","show_prev_next_post":"1","show_popup_post":"1","number_popup_post":"1"}],"image_override":[{"single_post_thumbnail_size":"crop-500","single_post_gallery_size":"crop-500"}],"trending_post_position":"meta","trending_post_label":"Trending","sponsored_post_label":"Sponsored by","sponsored_post_name":"","sponsored_post_url":"","sponsored_post_logo":"","sponsored_post_desc":""},"jnews_primary_category":{"id":""},"jnews_social_meta":[],"jnews_review":[],"enable_review":"","type":"","name":"","summary":"","brand":"","sku":"","good":[],"bad":[],"score_override":"","override_value":"","rating":[],"price":[],"jnews_override_counter":[],"jnews_post_split":[],"footnotes":""},"categories":[18],"tags":[33],"class_list":["post-29884","post","type-post","status-publish","format-standard","has-post-thumbnail","hentry","category-nacionales","tag-anac"],"jetpack_featured_media_url":"https:\/\/atecordoba.org\/wp-content\/uploads\/2022\/02\/ambulancias-anac-e1643807931764.jpg","_links":{"self":[{"href":"https:\/\/atecordoba.org\/index.php?rest_route=\/wp\/v2\/posts\/29884","targetHints":{"allow":["GET"]}}],"collection":[{"href":"https:\/\/atecordoba.org\/index.php?rest_route=\/wp\/v2\/posts"}],"about":[{"href":"https:\/\/atecordoba.org\/index.php?rest_route=\/wp\/v2\/types\/post"}],"author":[{"embeddable":true,"href":"https:\/\/atecordoba.org\/index.php?rest_route=\/wp\/v2\/users\/7"}],"replies":[{"embeddable":true,"href":"https:\/\/atecordoba.org\/index.php?rest_route=%2Fwp%2Fv2%2Fcomments&post=29884"}],"version-history":[{"count":1,"href":"https:\/\/atecordoba.org\/index.php?rest_route=\/wp\/v2\/posts\/29884\/revisions"}],"predecessor-version":[{"id":29886,"href":"https:\/\/atecordoba.org\/index.php?rest_route=\/wp\/v2\/posts\/29884\/revisions\/29886"}],"wp:featuredmedia":[{"embeddable":true,"href":"https:\/\/atecordoba.org\/index.php?rest_route=\/wp\/v2\/media\/29885"}],"wp:attachment":[{"href":"https:\/\/atecordoba.org\/index.php?rest_route=%2Fwp%2Fv2%2Fmedia&parent=29884"}],"wp:term":[{"taxonomy":"category","embeddable":true,"href":"https:\/\/atecordoba.org\/index.php?rest_route=%2Fwp%2Fv2%2Fcategories&post=29884"},{"taxonomy":"post_tag","embeddable":true,"href":"https:\/\/atecordoba.org\/index.php?rest_route=%2Fwp%2Fv2%2Ftags&post=29884"}],"curies":[{"name":"wp","href":"https:\/\/api.w.org\/{rel}","templated":true}]}}