{"id":29879,"date":"2022-02-01T13:14:15","date_gmt":"2022-02-01T16:14:15","guid":{"rendered":"https:\/\/atecordoba.org\/?p=29879"},"modified":"2022-02-01T13:14:47","modified_gmt":"2022-02-01T16:14:47","slug":"deuda-rechazamos-un-acuerdo-que-convalida-la-estafa-macrista-con-el-fmi","status":"publish","type":"post","link":"https:\/\/atecordoba.org\/?p=29879","title":{"rendered":"Deuda: rechazamos un acuerdo que convalida la estafa macrista con el FMI"},"content":{"rendered":"\n<div class=\"wp-block-image\"><figure class=\"aligncenter size-large is-resized\"><img loading=\"lazy\" decoding=\"async\" src=\"https:\/\/atecordoba.org\/wp-content\/uploads\/2022\/02\/macri-fmi2-1024x582.jpg\" alt=\"\" class=\"wp-image-29880\" width=\"768\" height=\"437\" \/><\/figure><\/div>\n\n\n\n<p>El Consejo Directivo Provincial de ATE C\u00f3rdoba rechaza el acuerdo firmado entre el gobierno nacional y el FMI, que blanquea v\u00eda la entrega de soberan\u00eda la estafa realizada por el gobierno macrista y sus aliados a todo el pueblo argentino.<\/p>\n\n\n\n<p>El acuerdo supone que el organismo financiero internacional controlar\u00e1 trimestralmente durante casi tres a\u00f1os las variables econ\u00f3micas nacionales, sometiendo al Estado argentino a un arbitraje propio de un pa\u00eds colonial, como si no hubiesen pasado m\u00e1s de 200 a\u00f1os desde la declaraci\u00f3n de la independencia argentina.<\/p>\n\n\n\n<p>Adem\u00e1s, el ex presidente Macri sale impune e indemne de la estafa m\u00e1s grande perpetrada por gobierno alguno, al igual que la caterva de funcionarios que lo acompa\u00f1aron en la destrucci\u00f3n sistem\u00e1tica del bienestar de las y los trabajadores de Argentina, en especial de las y los estatales que sufrimos la ca\u00edda salarial m\u00e1s abrupta que se recuerde.<\/p>\n\n\n\n<p>Desde ATE instamos a las organizaciones del campo popular a organizar la resistencia a este atropello, sin sacar la mirada al macrismo vigente, agazapado -y ahora lamentablemente legitimado- para volver a la gesti\u00f3n del Estado y terminar el trabajo de entrega del patrimonio nacional, que interrumpi\u00f3 el voto popular en 2019.<\/p>\n\n\n\n<p class=\"has-text-align-center\">Por una patria sin ajuste ni sumisi\u00f3n al imperialismo financiero, con justicia social, independencia econ\u00f3mica y soberan\u00eda pol\u00edtica: FMI Nunca M\u00e1s.<\/p>\n","protected":false},"excerpt":{"rendered":"<p>El Consejo Directivo Provincial de ATE C\u00f3rdoba rechaza el acuerdo firmado entre el gobierno nacional y el FMI, que blanquea v\u00eda la entrega de soberan\u00eda la estafa realizada por el gobierno macrista y sus aliados a todo el pueblo argentino. El acuerdo supone que el organismo financiero internacional controlar\u00e1 trimestralmente durante casi tres a\u00f1os las [&hellip;]<\/p>\n","protected":false},"author":7,"featured_media":29880,"comment_status":"open","ping_status":"open","sticky":false,"template":"","format":"standard","meta":{"_exactmetrics_skip_tracking":false,"_exactmetrics_sitenote_active":false,"_exactmetrics_sitenote_note":"","_exactmetrics_sitenote_category":0,"jnews-multi-image_gallery":[],"jnews_single_post":{"subtitle":"Por una patria sin ajuste ni sumisi\u00f3n al imperialismo financiero, con justicia social, independencia econ\u00f3mica y soberan\u00eda pol\u00edtica: FMI Nunca M\u00e1s.","format":"standard","video":"","gallery":"","source_name":"","source_url":"","via_name":"","via_url":"","override":[{"template":"1","single_blog_custom":"","parallax":"1","fullscreen":"1","layout":"right-sidebar","sidebar":"default-sidebar","second_sidebar":"default-sidebar","sticky_sidebar":"1","share_position":"top","share_float_style":"share-monocrhome","show_share_counter":"1","show_view_counter":"1","show_featured":"1","show_post_meta":"1","show_post_author":"1","show_post_author_image":"1","show_post_date":"1","post_date_format":"default","post_date_format_custom":"Y\/m\/d","show_post_category":"1","post_reading_time_wpm":"300","zoom_button_out_step":"2","zoom_button_in_step":"3","show_post_tag":"1","show_prev_next_post":"1","show_popup_post":"1","number_popup_post":"1"}],"image_override":[{"single_post_thumbnail_size":"crop-500","single_post_gallery_size":"crop-500"}],"trending_post_position":"meta","trending_post_label":"Trending","sponsored_post_label":"Sponsored by","sponsored_post_name":"","sponsored_post_url":"","sponsored_post_logo":"","sponsored_post_desc":""},"jnews_primary_category":{"id":""},"jnews_social_meta":[],"jnews_review":[],"enable_review":"","type":"","name":"","summary":"","brand":"","sku":"","good":[],"bad":[],"score_override":"","override_value":"","rating":[],"price":[],"jnews_override_counter":[],"jnews_post_split":[],"footnotes":""},"categories":[10],"tags":[945,1005],"class_list":["post-29879","post","type-post","status-publish","format-standard","has-post-thumbnail","hentry","category-accion-politica","tag-deuda-externa","tag-fmi"],"jetpack_featured_media_url":"https:\/\/atecordoba.org\/wp-content\/uploads\/2022\/02\/macri-fmi2-e1643732030613.jpg","_links":{"self":[{"href":"https:\/\/atecordoba.org\/index.php?rest_route=\/wp\/v2\/posts\/29879","targetHints":{"allow":["GET"]}}],"collection":[{"href":"https:\/\/atecordoba.org\/index.php?rest_route=\/wp\/v2\/posts"}],"about":[{"href":"https:\/\/atecordoba.org\/index.php?rest_route=\/wp\/v2\/types\/post"}],"author":[{"embeddable":true,"href":"https:\/\/atecordoba.org\/index.php?rest_route=\/wp\/v2\/users\/7"}],"replies":[{"embeddable":true,"href":"https:\/\/atecordoba.org\/index.php?rest_route=%2Fwp%2Fv2%2Fcomments&post=29879"}],"version-history":[{"count":1,"href":"https:\/\/atecordoba.org\/index.php?rest_route=\/wp\/v2\/posts\/29879\/revisions"}],"predecessor-version":[{"id":29881,"href":"https:\/\/atecordoba.org\/index.php?rest_route=\/wp\/v2\/posts\/29879\/revisions\/29881"}],"wp:featuredmedia":[{"embeddable":true,"href":"https:\/\/atecordoba.org\/index.php?rest_route=\/wp\/v2\/media\/29880"}],"wp:attachment":[{"href":"https:\/\/atecordoba.org\/index.php?rest_route=%2Fwp%2Fv2%2Fmedia&parent=29879"}],"wp:term":[{"taxonomy":"category","embeddable":true,"href":"https:\/\/atecordoba.org\/index.php?rest_route=%2Fwp%2Fv2%2Fcategories&post=29879"},{"taxonomy":"post_tag","embeddable":true,"href":"https:\/\/atecordoba.org\/index.php?rest_route=%2Fwp%2Fv2%2Ftags&post=29879"}],"curies":[{"name":"wp","href":"https:\/\/api.w.org\/{rel}","templated":true}]}}