{"id":29876,"date":"2022-02-01T12:51:25","date_gmt":"2022-02-01T15:51:25","guid":{"rendered":"https:\/\/atecordoba.org\/?p=29876"},"modified":"2022-02-01T14:00:04","modified_gmt":"2022-02-01T17:00:04","slug":"por-una-justicia-realmente-independiente-de-las-corporaciones-la-embajada-y-los-poderes-facticos","status":"publish","type":"post","link":"https:\/\/atecordoba.org\/?p=29876","title":{"rendered":"Por una Justicia realmente independiente de las corporaciones, la embajada y los poderes f\u00e1cticos"},"content":{"rendered":"\n<div class=\"wp-block-image\"><figure class=\"aligncenter size-large is-resized\"><img loading=\"lazy\" decoding=\"async\" src=\"https:\/\/atecordoba.org\/wp-content\/uploads\/2022\/02\/corte-suprema-1024x625.jpg\" alt=\"\" class=\"wp-image-29877\" width=\"768\" height=\"469\" \/><\/figure><\/div>\n\n\n\n<p>A ra\u00edz de la convocatoria popular para repudiar la actual composici\u00f3n y lineamientos que mantiene en pie la Corte Suprema de Justicia de la Naci\u00f3n, el Consejo Directivo Provincial de ATE C\u00f3rdoba saluda la movilizaci\u00f3n y llama a participar masivamente del acto, que se llevar\u00e1 a cabo hoy a partir de las 18 horas, concentrando en la esquina de V\u00e9lez Sarsfield y 27 de Abril, para luego finalizar la movilizaci\u00f3n frente al Palacio de Tribunales.<\/p>\n\n\n\n<p>Repudiamos este Poder Judicial, y a la Corte Suprema que es su cabeza dormida, porque constituye parte del andamiaje corporativo para mantener los intereses de los poderosos, los ricos y los entenados, mientras las mayor\u00edas populares penan por encontrar respuesta frente a tanta injusticia cotidiana. No es casual que, en las encuestas de opini\u00f3n, la Justicia sea el poder del Estado con menor \u00edndice de aprobaci\u00f3n, aun con todo el complejo medi\u00e1tico oligop\u00f3lico apoyando su accionar e intentando vanamente lavarle la cara permanentemente.&nbsp;<\/p>\n\n\n\n<p>Los jueces con mayor incidencia en la toma de decisiones son asiduos concurrentes a las celebraciones de la calle Colombia (sede de la Embajada de EEUU), sin ejercer verdadera justicia con la horda de funcionarios macristas que sumi\u00f3 al pa\u00eds en la debacle m\u00e1s penosa que recuerde la historia nacional desde la \u00faltima dictadura militar.<\/p>\n\n\n\n<p>Intocables como la vieja aristocracia mon\u00e1rquica, uno de los yugos que nuestra Naci\u00f3n logr\u00f3 sacudirse de encima con las guerras de la independencia, pero que ahora vuelven con otro formato pero mismos mecanismos de apropiaci\u00f3n de privilegios, las y los jueces cuentan con impunidad absoluta, ejerciendo cargos de manera vitalicia, sin pagar impuestos a la ganancia en su gran mayor\u00eda (a diferencia del com\u00fan de los habitantes de estas tierras), mientras detentan en su mano la disposici\u00f3n de la libertad y los bienes de las y los argentinos, ignorando la Constituci\u00f3n cuando se trata de hacer valer los derechos sociales instituidos en la carta magna, pero siempre prestos y r\u00e1pidos para defender la propiedad de los poderosos.<\/p>\n\n\n\n<p>No hace falta m\u00e1s que advertir como el fuero contencioso defiende los intereses del Clar\u00edn, al igual que el Juzgado Federal N\u00b01 de C\u00f3rdoba. En tanto, cada toma de tierras de la gente pobre y desvalida tiene siempre presente un fiscal para ordenar los desalojos, con violencia inusitada sea durante un gobierno popular o no.<\/p>\n\n\n\n<p><strong>Necesaria adaptaci\u00f3n al Siglo XXI<\/strong><\/p>\n\n\n\n<p>Un nuevo poder Judicial, una nueva Corte Suprema, debe adaptarse a los cambios pol\u00edticos sociales y culturales que expresa diariamente la sociedad argentina. En esa agenda desde ATE reclamamos una mirada transfeminista que modifique el accionar en muchos casos medieval de los tribunales.<\/p>\n\n\n\n<p>Mientras privilegios, jerarqu\u00eda y verticalismo, constituyen el Poder Judicial hoy, el feminismo propone lo opuesto: principios que sean de sororidad, de horizontalidad.<\/p>\n\n\n\n<p>Denunciamos que se siguen dictando sentencias sobre la base de la Biblia, la formaci\u00f3n religiosa de muchos de los funcionarios judiciales no les permite ver que el derecho laico cambi\u00f3 y el feminismo ha sido clave para todo esto.<\/p>\n\n\n\n<p>Cabe destacar que la \u00fanica que no se capacit\u00f3 seg\u00fan la Ley Micaela fue la Corte Suprema, como si fuese un poder supremo por encima de la legislaci\u00f3n vigente y no integrasen en Estado, de donde cobran m\u00e1s que suculentos sueldos, mientras los estatales penamos por alcanzar la canasta familiar para garantizar lo b\u00e1sico a nuestras familias.<\/p>\n\n\n\n<p><strong>Conclusi\u00f3n<\/strong><\/p>\n\n\n\n<p>Por todo ello, y haciendo propio el anhelo de verdadera justicia de toda la sociedad argentina, es que apoyamos esta convocatoria y exhortamos a las mayor\u00edas populares a comprometerse con una nueva justicia que acompa\u00f1e la necesidad de justicia e igualdad en nuestra patria.<\/p>\n","protected":false},"excerpt":{"rendered":"<p>A ra\u00edz de la convocatoria popular para repudiar la actual composici\u00f3n y lineamientos que mantiene en pie la Corte Suprema de Justicia de la Naci\u00f3n, el Consejo Directivo Provincial de ATE C\u00f3rdoba saluda la movilizaci\u00f3n y llama a participar masivamente del acto, que se llevar\u00e1 a cabo hoy a partir de las 18 horas, concentrando [&hellip;]<\/p>\n","protected":false},"author":7,"featured_media":29877,"comment_status":"open","ping_status":"open","sticky":false,"template":"","format":"standard","meta":{"_exactmetrics_skip_tracking":false,"_exactmetrics_sitenote_active":false,"_exactmetrics_sitenote_note":"","_exactmetrics_sitenote_category":0,"jnews-multi-image_gallery":[],"jnews_single_post":{"subtitle":"Una nueva Justicia exige implementar la mirada transfeminista en la estructura del Poder Judicial. ","format":"standard","video":"","gallery":"","source_name":"","source_url":"","via_name":"","via_url":"","override":[{"template":"1","single_blog_custom":"","parallax":"1","fullscreen":"1","layout":"right-sidebar","sidebar":"default-sidebar","second_sidebar":"default-sidebar","sticky_sidebar":"1","share_position":"top","share_float_style":"share-monocrhome","show_share_counter":"1","show_view_counter":"1","show_featured":"1","show_post_meta":"1","show_post_author":"1","show_post_author_image":"1","show_post_date":"1","post_date_format":"default","post_date_format_custom":"Y\/m\/d","show_post_category":"1","post_reading_time_wpm":"300","zoom_button_out_step":"2","zoom_button_in_step":"3","show_post_tag":"1","show_prev_next_post":"1","show_popup_post":"1","number_popup_post":"1"}],"image_override":[{"single_post_thumbnail_size":"crop-500","single_post_gallery_size":"crop-500"}],"trending_post_position":"meta","trending_post_label":"Trending","sponsored_post_label":"Sponsored by","sponsored_post_name":"","sponsored_post_url":"","sponsored_post_logo":"","sponsored_post_desc":""},"jnews_primary_category":{"id":""},"jnews_social_meta":[],"jnews_review":[],"enable_review":"","type":"","name":"","summary":"","brand":"","sku":"","good":[],"bad":[],"score_override":"","override_value":"","rating":[],"price":[],"jnews_override_counter":[],"jnews_post_split":[],"footnotes":""},"categories":[10],"tags":[1004],"class_list":["post-29876","post","type-post","status-publish","format-standard","has-post-thumbnail","hentry","category-accion-politica","tag-corte-suprema"],"jetpack_featured_media_url":"https:\/\/atecordoba.org\/wp-content\/uploads\/2022\/02\/corte-suprema-e1643730671647.jpg","_links":{"self":[{"href":"https:\/\/atecordoba.org\/index.php?rest_route=\/wp\/v2\/posts\/29876","targetHints":{"allow":["GET"]}}],"collection":[{"href":"https:\/\/atecordoba.org\/index.php?rest_route=\/wp\/v2\/posts"}],"about":[{"href":"https:\/\/atecordoba.org\/index.php?rest_route=\/wp\/v2\/types\/post"}],"author":[{"embeddable":true,"href":"https:\/\/atecordoba.org\/index.php?rest_route=\/wp\/v2\/users\/7"}],"replies":[{"embeddable":true,"href":"https:\/\/atecordoba.org\/index.php?rest_route=%2Fwp%2Fv2%2Fcomments&post=29876"}],"version-history":[{"count":3,"href":"https:\/\/atecordoba.org\/index.php?rest_route=\/wp\/v2\/posts\/29876\/revisions"}],"predecessor-version":[{"id":29883,"href":"https:\/\/atecordoba.org\/index.php?rest_route=\/wp\/v2\/posts\/29876\/revisions\/29883"}],"wp:featuredmedia":[{"embeddable":true,"href":"https:\/\/atecordoba.org\/index.php?rest_route=\/wp\/v2\/media\/29877"}],"wp:attachment":[{"href":"https:\/\/atecordoba.org\/index.php?rest_route=%2Fwp%2Fv2%2Fmedia&parent=29876"}],"wp:term":[{"taxonomy":"category","embeddable":true,"href":"https:\/\/atecordoba.org\/index.php?rest_route=%2Fwp%2Fv2%2Fcategories&post=29876"},{"taxonomy":"post_tag","embeddable":true,"href":"https:\/\/atecordoba.org\/index.php?rest_route=%2Fwp%2Fv2%2Ftags&post=29876"}],"curies":[{"name":"wp","href":"https:\/\/api.w.org\/{rel}","templated":true}]}}