{"id":29867,"date":"2022-01-31T15:52:58","date_gmt":"2022-01-31T18:52:58","guid":{"rendered":"https:\/\/atecordoba.org\/?p=29867"},"modified":"2022-01-31T15:56:20","modified_gmt":"2022-01-31T18:56:20","slug":"especiales-verano-2022-los-podcast-de-ate-cordoba","status":"publish","type":"post","link":"https:\/\/atecordoba.org\/?p=29867","title":{"rendered":"Especiales Verano 2022: los podcast de ATE C\u00f3rdoba"},"content":{"rendered":"\n<div class=\"wp-block-image\"><figure class=\"aligncenter size-large is-resized\"><img loading=\"lazy\" decoding=\"async\" src=\"https:\/\/atecordoba.org\/wp-content\/uploads\/2022\/01\/FB_IMG_1643629786135-1-936x1024.jpg\" alt=\"\" class=\"wp-image-29874\" width=\"702\" height=\"768\" \/><\/figure><\/div>\n\n\n\n<p>Durante todo el mes de enero, el programa radial Entre Todos y Todas, que la secretaria de Prensa realiza cada martes en GEN FM 107.5, se emiti\u00f3 con formato de podcast. Con distintas tem\u00e1ticas tratadas, el programa cambi\u00f3 durante el verano a un nuevo formato, que ahora se puede disfrutar desde la web de ATE C\u00f3rdoba.<\/p>\n\n\n\n<p><strong>Primer cap\u00edtulo: La Colonia<\/strong><\/p>\n\n\n\n<figure class=\"wp-block-audio\"><audio controls src=\"https:\/\/atecordoba.org\/wp-content\/uploads\/2022\/01\/Verano-2022-Entre-Todos-y-Todas-LA-COLONIA-1.mp3\"><\/audio><\/figure>\n\n\n\n<p>All\u00ed se recoge el testimonio de algunos de los participantes en la realizaci\u00f3n del documental que retrata La Colonia producci\u00f3n que recupera el acoso que la Triple A y la dictadura impuso a trav\u00e9s de atentados y posteriormente el secuestro y desaparici\u00f3n de la conducci\u00f3n de la seccional ATE Santa Mar\u00eda.<\/p>\n\n\n\n<p>El m\u00e9dico psiquiatra Mart\u00edn Cagnani rememora el proceso de realizaci\u00f3n del documental, mientras contextualiza la contenci\u00f3n psicol\u00f3gica y emocional de las v\u00edctimas del terrorismo de Estado. Tambi\u00e9n se incluye un rescate de los testimonios de Alberto Sasatelli, Lito Carranza. Tambi\u00e9n est\u00e1 incluido el testimonio de familiares de algunos de los dirigentes secuestrados por las hordas genocidas.<\/p>\n\n\n\n<p>El env\u00edo rescata tambi\u00e9n las palabras del secretario General de ATE, Federico Giuliani, y del director de DDHH del CDP, C\u00e9sar Theaux, con motivo del homenaje realizado en ATE C\u00f3rdoba a las y los compa\u00f1eros de la honrosa seccional de Santa Mar\u00eda de Punilla.<\/p>\n\n\n\n<p><strong>La Perra Castro, el olvidado<\/strong><\/p>\n\n\n\n<figure class=\"wp-block-audio\"><audio controls src=\"https:\/\/atecordoba.org\/wp-content\/uploads\/2022\/01\/Verano-2022-Entre-Todos-y-Todas-LA-PERRA-CASTRO-EL-OLVIDADO-1.mp3\"><\/audio><\/figure>\n\n\n\n<p>La segunda entrega se refiere a la obra de teatro estrenada a fines de 2020, donde se homenajea y rescata la figura de H\u00e9ctor la perra Castro, ex secretario General de la seccional ATE C\u00f3rdoba entre fines de los &#8217;60 y la primera etapa de los &#8217;70, protagonista del Cordobazo, amigo de Atilio L\u00f3pez y H\u00e9ctor el Gringo Tosco. La Perra fue aquel dirigente tapado por los avatares de la historia y ahora ATE C\u00f3rdoba rescata su figura y reivindica su memoria como cimiento del ATE presente.<\/p>\n\n\n\n<p><strong>Fuimos Pioneros<\/strong><\/p>\n\n\n\n<figure class=\"wp-block-audio\"><audio controls src=\"https:\/\/atecordoba.org\/wp-content\/uploads\/2022\/01\/Podcast-Aniversario-ATE-Fuimos-Pioneros-1.mp3\"><\/audio><\/figure>\n\n\n\n<p>El podcast relata la historia de la creaci\u00f3n de ATE, fundada por trabajadores del \u00e1rea de V\u00edas Navegables en el 17 de enero de 1925, a trav\u00e9s de un documental realizado por ATE Nacional al cumplirse 90 a\u00f1os de nuestro nacimiento. Con 97 a\u00f1os de historia el relato cuenta con la inestimable participaci\u00f3n del gran militante historiador y periodista, Osvaldo Bayer. El autor del documental e historiador de ATE, Daniel Parcero, recorre a saltos los hechos hist\u00f3ricos principales del acontecer de ATE, como la fundaci\u00f3n de Anusate, en plena dictadura, para recuperar el gremio de la conducci\u00f3n colaboracionista que existi\u00f3 entonces.<\/p>\n\n\n\n<p><strong>Mujeres y la soberan\u00eda productiva<\/strong><\/p>\n\n\n\n<figure class=\"wp-block-audio\"><audio controls src=\"https:\/\/atecordoba.org\/wp-content\/uploads\/2022\/01\/Podcast-Mujeres-en-Lucha-por-la-Soberania-Productiva-1.mp3\"><\/audio><\/figure>\n\n\n\n<p>Este cap\u00edtulo rescata los testimonios que compa\u00f1eras dirigentes de distintos organismos y lugares del pa\u00eds brindaron en una charla debate realizada el a\u00f1o pasado, titulado &#8220;Mujeres en Lucha por la Soberan\u00eda Productiva&#8221;. La actividad estuvo co-organizada por el Consejo Directivo Provincial de ATE C\u00f3rdoba y la Corriente Nacional de Estatales Ren\u00e9 Salamanca en ATE.<\/p>\n\n\n\n<p>La charla convoc\u00f3 la disertaci\u00f3n de las compa\u00f1eras Carolina Komar, secretaria general de la Junta Interna de ATE Cnea e integrante de la agrupaci\u00f3n de mujeres de ciencia y t\u00e9cnica, Carolina Antognini, trabajadora del Astillero R\u00edo Santiago y delegada de sector Comedor, Lorena Far\u00edas delegada de ATE en la F\u00e1brica Militar R\u00edo Tercero, sector control de calidad e inspecci\u00f3n mec\u00e1nica y Lucrecia Capello administrativa de Planta de \u00c1cidos de la F\u00e1brica Militar R\u00edo Tercero y afiliada de ATE.<\/p>\n\n\n\n<p><strong>Las Mujeres y el Sindicalismo en la Historia del Movimiento Obrero contempor\u00e1neo<\/strong><\/p>\n\n\n\n<figure class=\"wp-block-audio\"><audio controls src=\"https:\/\/atecordoba.org\/wp-content\/uploads\/2022\/01\/Podcast-Las-Mujeres-y-el-Sindicalismo-en-la-Historia-del-Movimiento-Obrero-contemporaneo-Silvia-Leon-1.mp3\"><\/audio><\/figure>\n\n\n\n<p>La secretaria de Organizaci\u00f3n de ATE nacional Silvia Le\u00f3n hace un repaso profundo y reflexivo del papel del feminismo en ATE y en el Movimiento Obrero, valorando su propia experiencia como protagonista de profundos cambios en el rol de las mujeres, a partir de la valorizaci\u00f3n de la figura de las mujeres como dirigentes y protagonistas de la historia actual.<\/p>\n\n\n\n<p><strong>Encuentro por la Soberan\u00eda, el Trabajo y la Producci\u00f3n<\/strong><\/p>\n\n\n\n<figure class=\"wp-block-audio\"><audio controls src=\"https:\/\/atecordoba.org\/wp-content\/uploads\/2022\/01\/Podcast-Encuentro-por-la-Soberania-el-Trabajo-y-la-Produccion-Prov.-de-Cordoba-20-06-2020-1.mp3\"><\/audio><\/figure>\n\n\n\n<p>La entrega reproduce la charla-debate \u201c\u00bfDe qu\u00e9 hablamos cuando hablamos de soberan\u00eda?\u201d, realizada en el marco del lanzamiento de la nueva p\u00e1gina web de ATE C\u00f3rdoba, en junio de 2020.<\/p>\n\n\n\n<p>El encuentro fue organizado desde la Secretar\u00eda de Prensa del Consejo Directivo Provincial (CDP) de ATE C\u00f3rdoba y cont\u00f3 con la presencia de un panel de compa\u00f1eras y compa\u00f1eros que dispararon varios aspectos del tema propuesto y generaron una instancia posterior de intercambio muy rica.<\/p>\n\n\n\n<p>Con loa presentaci\u00f3n de Federico Giuliani, expusieron sus puntos de vista el secretario General de ATE R\u00edo Tercero, Dami\u00e1n Albornoz, la trabajadora despedida de FADEA e integrante de la Corredma, Eva C\u00e1ceres, y trabajador de la SAF y docente universitario, Carlos Rang.<\/p>\n","protected":false},"excerpt":{"rendered":"<p>Durante todo el mes de enero, el programa radial Entre Todos y Todas, que la secretaria de Prensa realiza cada martes en GEN FM 107.5, se emiti\u00f3 con formato de podcast. Con distintas tem\u00e1ticas tratadas, el programa cambi\u00f3 durante el verano a un nuevo formato, que ahora se puede disfrutar desde la web de ATE [&hellip;]<\/p>\n","protected":false},"author":7,"featured_media":29874,"comment_status":"open","ping_status":"open","sticky":false,"template":"","format":"standard","meta":{"_exactmetrics_skip_tracking":false,"_exactmetrics_sitenote_active":false,"_exactmetrics_sitenote_note":"","_exactmetrics_sitenote_category":0,"jnews-multi-image_gallery":[],"jnews_single_post":{"subtitle":"En sucesivas entregas se aborda desde la historia de ATE y los tr\u00e1gicos acontecimientos que rodean a la seccional Santa Mar\u00eda de Punilla, hasta la realidad actual del feminismo en el movimiento obrero y la necesidad del desarrollo productivo aut\u00f3nomo con un papel fundamental del Estado, o la obra teatral sobre H\u00e9ctor La Perra Castro, la voz de ATE en el C\u00f3rdobazo. Todo con la edici\u00f3n de Franco Ayesa.","format":"standard","video":"","gallery":"","source_name":"","source_url":"","via_name":"","via_url":"","override":[{"template":"1","single_blog_custom":"","parallax":"1","fullscreen":"1","layout":"right-sidebar","sidebar":"default-sidebar","second_sidebar":"default-sidebar","sticky_sidebar":"1","share_position":"top","share_float_style":"share-monocrhome","show_share_counter":"1","show_view_counter":"1","show_featured":"1","show_post_meta":"1","show_post_author":"1","show_post_author_image":"1","show_post_date":"1","post_date_format":"default","post_date_format_custom":"Y\/m\/d","show_post_category":"1","post_reading_time_wpm":"300","zoom_button_out_step":"2","zoom_button_in_step":"3","show_post_tag":"1","show_prev_next_post":"1","show_popup_post":"1","number_popup_post":"1"}],"image_override":[{"single_post_thumbnail_size":"crop-500","single_post_gallery_size":"crop-500"}],"trending_post_position":"meta","trending_post_label":"Trending","sponsored_post_label":"Sponsored by","sponsored_post_name":"","sponsored_post_url":"","sponsored_post_logo":"","sponsored_post_desc":""},"jnews_primary_category":{"id":""},"jnews_social_meta":[],"jnews_review":[],"enable_review":"","type":"","name":"","summary":"","brand":"","sku":"","good":[],"bad":[],"score_override":"","override_value":"","rating":[],"price":[],"jnews_override_counter":[],"jnews_post_split":[],"footnotes":""},"categories":[346],"tags":[],"class_list":["post-29867","post","type-post","status-publish","format-standard","has-post-thumbnail","hentry","category-prensa-y-comunicacion"],"jetpack_featured_media_url":"https:\/\/atecordoba.org\/wp-content\/uploads\/2022\/01\/FB_IMG_1643629786135-1-e1643655170559.jpg","_links":{"self":[{"href":"https:\/\/atecordoba.org\/index.php?rest_route=\/wp\/v2\/posts\/29867","targetHints":{"allow":["GET"]}}],"collection":[{"href":"https:\/\/atecordoba.org\/index.php?rest_route=\/wp\/v2\/posts"}],"about":[{"href":"https:\/\/atecordoba.org\/index.php?rest_route=\/wp\/v2\/types\/post"}],"author":[{"embeddable":true,"href":"https:\/\/atecordoba.org\/index.php?rest_route=\/wp\/v2\/users\/7"}],"replies":[{"embeddable":true,"href":"https:\/\/atecordoba.org\/index.php?rest_route=%2Fwp%2Fv2%2Fcomments&post=29867"}],"version-history":[{"count":1,"href":"https:\/\/atecordoba.org\/index.php?rest_route=\/wp\/v2\/posts\/29867\/revisions"}],"predecessor-version":[{"id":29875,"href":"https:\/\/atecordoba.org\/index.php?rest_route=\/wp\/v2\/posts\/29867\/revisions\/29875"}],"wp:featuredmedia":[{"embeddable":true,"href":"https:\/\/atecordoba.org\/index.php?rest_route=\/wp\/v2\/media\/29874"}],"wp:attachment":[{"href":"https:\/\/atecordoba.org\/index.php?rest_route=%2Fwp%2Fv2%2Fmedia&parent=29867"}],"wp:term":[{"taxonomy":"category","embeddable":true,"href":"https:\/\/atecordoba.org\/index.php?rest_route=%2Fwp%2Fv2%2Fcategories&post=29867"},{"taxonomy":"post_tag","embeddable":true,"href":"https:\/\/atecordoba.org\/index.php?rest_route=%2Fwp%2Fv2%2Ftags&post=29867"}],"curies":[{"name":"wp","href":"https:\/\/api.w.org\/{rel}","templated":true}]}}