{"id":29854,"date":"2022-01-31T10:38:06","date_gmt":"2022-01-31T13:38:06","guid":{"rendered":"https:\/\/atecordoba.org\/?p=29854"},"modified":"2022-01-31T10:39:27","modified_gmt":"2022-01-31T13:39:27","slug":"anac-estado-de-asamblea-por-discriminacion-salarial","status":"publish","type":"post","link":"https:\/\/atecordoba.org\/?p=29854","title":{"rendered":"ANAC: estado de asamblea por discriminaci\u00f3n salarial"},"content":{"rendered":"\n<div class=\"wp-block-image\"><figure class=\"aligncenter size-large is-resized\"><img loading=\"lazy\" decoding=\"async\" src=\"https:\/\/atecordoba.org\/wp-content\/uploads\/2022\/01\/anac-bandera-1024x576.jpeg\" alt=\"\" class=\"wp-image-29855\" width=\"768\" height=\"432\" \/><\/figure><\/div>\n\n\n\n<p>La Coordinaci\u00f3n Nacional de ATE Anac y el cuerpo de delegados de ATE C\u00f3rdoba en el sector alertaron en un comunicado la situaci\u00f3n de discriminaci\u00f3n que sufre el &#8220;Servicio de Sanidad&#8221; a ra\u00edz de la falta de pago para ese sector del suplemento salarial denominado &#8220;guardias pasivas&#8221;, que cobran compa\u00f1eros y compa\u00f1eras que tambi\u00e9n integran servicios operativos como SSEI y Conter.<\/p>\n\n\n\n<p>La Guardia Pasiva es el reconocimiento de un obligaci\u00f3n laboral que cumplen los compa\u00f1eros durante todo el a\u00f1o y que se acentu\u00f3 aun mas en \u00e9poca de pandemia.<\/p>\n\n\n\n<p>En tal sentido, ATE describi\u00f3 la situaci\u00f3n como &#8220;carente de sentido com\u00fan y razonabilidad&#8221; por parte de RRHH de esta Administraci\u00f3n. &#8220;Seg\u00fan los acuerdos mantenidos en diciembre del a\u00f1o pasado se logro a instancias de este sector gremial el pago, para todos los servicios operativos de ANAC (\u2026 ). Lamentablemente y sin el argumento de una explicaci\u00f3n razonable ni de un fundamento normativo aceptable, quedo excluido de aquel reconocimiento el Servicio de Sanidad&#8221;.<\/p>\n\n\n\n<p>Por eso, ATE adelant\u00f3 que se realizar\u00e1n asambleas en los lugares de trabajo y estado de alerta y movilizaci\u00f3n &#8220;sin descartar medidas que puedan afectar los servicios operativos, realizando oportunamente las denuncias correspondientes a la Comisi\u00f3n de Igualdad de Oportunidades y Trato (CIOT)&#8221;, ante la manifiesta discriminaci\u00f3n que realiza la ANAC &#8220;violando de por si principios de raigambre constitucional, como lo es el de &#8216;igual remuneraci\u00f3n por igual tarea&#8217; y otros de \u00edndole laboral como lo es el de &#8216;no discriminaci\u00f3n&#8217; y de &#8216;buena Fe&#8217;. Sabemos que nuestro r\u00e9gimen laboral est\u00e1 enmarcado por el Dto. 2314 de por si obsoleto e inaplicable a esta situaci\u00f3n pero con plena vigencia del CCT 214\/06 para la Administraci\u00f3n P\u00fablica y que establece pautas claras al respecto&#8221;.<\/p>\n\n\n\n<p>Seg\u00fan explic\u00f3 nuestro gremio &#8220;la autoridad aeron\u00e1utica dict\u00f3 para la Sanidad Aeron\u00e1utica una normativa especifica: la Resoluci\u00f3n 783\/14 que aprueba el &#8216;Reglamento Interno de Funcionamiento de los Servicios M\u00e9dicos&#8217; regulando la funci\u00f3n que debe cumplir el equipo m\u00e9dico y que la misma norma determina que est\u00e1 compuesto por un medico\/a, un enfermero\/a y un conductor\/a. Asimismo establece las modalidades de trabajo, guardias activas, pasivas, rotativas y reemplazos. Al respecto el Anexo al Punto 5 (5.2.3) se\u00f1ala que &#8216;en ninguna circunstancia podr\u00e1n quedar menos de cinco (5) personas por funci\u00f3n por mes'&#8221;.<\/p>\n\n\n\n<p>Por ello no surgen incompatibilidades entre los el Servicio de Sanidad y los dem\u00e1s sectores que cobran dicho suplemento, frente a la &#8220;modalidad principal y com\u00fan a todos es la operatividad&#8221;, complet\u00f3 el comunicado.<\/p>\n\n\n\n<p class=\"has-text-align-center\">#Coordinaci\u00f3n Nacional #ATE ANAC #CuerpoDelegadosdeC\u00f3rdoba #ATEANACC\u00f3rdoba #GuardiasPasivas, #Discriminaci\u00f3n #IgualRemuneraci\u00f3nporIgualTarea<\/p>\n","protected":false},"excerpt":{"rendered":"<p>La Coordinaci\u00f3n Nacional de ATE Anac y el cuerpo de delegados de ATE C\u00f3rdoba en el sector alertaron en un comunicado la situaci\u00f3n de discriminaci\u00f3n que sufre el &#8220;Servicio de Sanidad&#8221; a ra\u00edz de la falta de pago para ese sector del suplemento salarial denominado &#8220;guardias pasivas&#8221;, que cobran compa\u00f1eros y compa\u00f1eras que tambi\u00e9n integran [&hellip;]<\/p>\n","protected":false},"author":7,"featured_media":29855,"comment_status":"open","ping_status":"open","sticky":false,"template":"","format":"standard","meta":{"_exactmetrics_skip_tracking":false,"_exactmetrics_sitenote_active":false,"_exactmetrics_sitenote_note":"","_exactmetrics_sitenote_category":0,"jnews-multi-image_gallery":[],"jnews_single_post":{"subtitle":"El servicio de sanidad no cobra el suplemento salarial por Guardias Pasivas a diferencia de otros servicios operativos, implementado en pandemia.","format":"standard","video":"","gallery":"","source_name":"","source_url":"","via_name":"","via_url":"","override":[{"template":"1","single_blog_custom":"","parallax":"1","fullscreen":"1","layout":"right-sidebar","sidebar":"default-sidebar","second_sidebar":"default-sidebar","sticky_sidebar":"1","share_position":"top","share_float_style":"share-monocrhome","show_share_counter":"1","show_view_counter":"1","show_featured":"1","show_post_meta":"1","show_post_author":"1","show_post_author_image":"1","show_post_date":"1","post_date_format":"default","post_date_format_custom":"Y\/m\/d","show_post_category":"1","post_reading_time_wpm":"300","zoom_button_out_step":"2","zoom_button_in_step":"3","show_post_tag":"1","show_prev_next_post":"1","show_popup_post":"1","number_popup_post":"1"}],"image_override":[{"single_post_thumbnail_size":"crop-500","single_post_gallery_size":"crop-500"}],"trending_post_position":"meta","trending_post_label":"Trending","sponsored_post_label":"Sponsored by","sponsored_post_name":"","sponsored_post_url":"","sponsored_post_logo":"","sponsored_post_desc":""},"jnews_primary_category":{"id":""},"jnews_social_meta":[],"jnews_review":[],"enable_review":"","type":"","name":"","summary":"","brand":"","sku":"","good":[],"bad":[],"score_override":"","override_value":"","rating":[],"price":[],"jnews_override_counter":[],"jnews_post_split":[],"footnotes":""},"categories":[18],"tags":[33,1000,999,1001],"class_list":["post-29854","post","type-post","status-publish","format-standard","has-post-thumbnail","hentry","category-nacionales","tag-anac","tag-guardias-pasivas","tag-servicio-de-sanidad","tag-suplemento-salarial"],"jetpack_featured_media_url":"https:\/\/atecordoba.org\/wp-content\/uploads\/2022\/01\/anac-bandera-e1643636272430.jpeg","_links":{"self":[{"href":"https:\/\/atecordoba.org\/index.php?rest_route=\/wp\/v2\/posts\/29854","targetHints":{"allow":["GET"]}}],"collection":[{"href":"https:\/\/atecordoba.org\/index.php?rest_route=\/wp\/v2\/posts"}],"about":[{"href":"https:\/\/atecordoba.org\/index.php?rest_route=\/wp\/v2\/types\/post"}],"author":[{"embeddable":true,"href":"https:\/\/atecordoba.org\/index.php?rest_route=\/wp\/v2\/users\/7"}],"replies":[{"embeddable":true,"href":"https:\/\/atecordoba.org\/index.php?rest_route=%2Fwp%2Fv2%2Fcomments&post=29854"}],"version-history":[{"count":1,"href":"https:\/\/atecordoba.org\/index.php?rest_route=\/wp\/v2\/posts\/29854\/revisions"}],"predecessor-version":[{"id":29856,"href":"https:\/\/atecordoba.org\/index.php?rest_route=\/wp\/v2\/posts\/29854\/revisions\/29856"}],"wp:featuredmedia":[{"embeddable":true,"href":"https:\/\/atecordoba.org\/index.php?rest_route=\/wp\/v2\/media\/29855"}],"wp:attachment":[{"href":"https:\/\/atecordoba.org\/index.php?rest_route=%2Fwp%2Fv2%2Fmedia&parent=29854"}],"wp:term":[{"taxonomy":"category","embeddable":true,"href":"https:\/\/atecordoba.org\/index.php?rest_route=%2Fwp%2Fv2%2Fcategories&post=29854"},{"taxonomy":"post_tag","embeddable":true,"href":"https:\/\/atecordoba.org\/index.php?rest_route=%2Fwp%2Fv2%2Ftags&post=29854"}],"curies":[{"name":"wp","href":"https:\/\/api.w.org\/{rel}","templated":true}]}}