{"id":29845,"date":"2022-01-28T09:23:39","date_gmt":"2022-01-28T12:23:39","guid":{"rendered":"https:\/\/atecordoba.org\/?p=29845"},"modified":"2022-01-28T09:23:43","modified_gmt":"2022-01-28T12:23:43","slug":"administracion-publica-sin-oferta-del-gobierno-preocupa-en-ate-que-se-dilaten-las-negociaciones-salariales","status":"publish","type":"post","link":"https:\/\/atecordoba.org\/?p=29845","title":{"rendered":"Administraci\u00f3n p\u00fablica: Sin oferta del Gobierno, preocupa en ATE que se dilaten las negociaciones salariales"},"content":{"rendered":"\n<figure class=\"wp-block-gallery columns-2 is-cropped wp-block-gallery-1 is-layout-flex wp-block-gallery-is-layout-flex\"><ul class=\"blocks-gallery-grid\"><li class=\"blocks-gallery-item\"><figure><a href=\"https:\/\/atecordoba.org\/wp-content\/uploads\/2022\/01\/27_01_ParitariaNacional2.jpeg\"><img loading=\"lazy\" decoding=\"async\" width=\"1024\" height=\"576\" src=\"https:\/\/atecordoba.org\/wp-content\/uploads\/2022\/01\/27_01_ParitariaNacional2-1024x576.jpeg\" alt=\"\" data-id=\"29846\" data-full-url=\"https:\/\/atecordoba.org\/wp-content\/uploads\/2022\/01\/27_01_ParitariaNacional2.jpeg\" data-link=\"https:\/\/atecordoba.org\/?attachment_id=29846\" class=\"wp-image-29846\" srcset=\"https:\/\/atecordoba.org\/wp-content\/uploads\/2022\/01\/27_01_ParitariaNacional2-1024x576.jpeg 1024w, https:\/\/atecordoba.org\/wp-content\/uploads\/2022\/01\/27_01_ParitariaNacional2-300x169.jpeg 300w, https:\/\/atecordoba.org\/wp-content\/uploads\/2022\/01\/27_01_ParitariaNacional2-768x432.jpeg 768w, https:\/\/atecordoba.org\/wp-content\/uploads\/2022\/01\/27_01_ParitariaNacional2-1536x864.jpeg 1536w, https:\/\/atecordoba.org\/wp-content\/uploads\/2022\/01\/27_01_ParitariaNacional2-750x422.jpeg 750w, https:\/\/atecordoba.org\/wp-content\/uploads\/2022\/01\/27_01_ParitariaNacional2-1140x641.jpeg 1140w, https:\/\/atecordoba.org\/wp-content\/uploads\/2022\/01\/27_01_ParitariaNacional2.jpeg 1600w\" sizes=\"auto, (max-width: 1024px) 100vw, 1024px\" \/><\/a><\/figure><\/li><li class=\"blocks-gallery-item\"><figure><a href=\"https:\/\/atecordoba.org\/wp-content\/uploads\/2022\/01\/27_01_ParitariaNacional.jpeg\"><img loading=\"lazy\" decoding=\"async\" width=\"1024\" height=\"576\" src=\"https:\/\/atecordoba.org\/wp-content\/uploads\/2022\/01\/27_01_ParitariaNacional-1024x576.jpeg\" alt=\"\" data-id=\"29847\" data-full-url=\"https:\/\/atecordoba.org\/wp-content\/uploads\/2022\/01\/27_01_ParitariaNacional.jpeg\" data-link=\"https:\/\/atecordoba.org\/?attachment_id=29847\" class=\"wp-image-29847\" srcset=\"https:\/\/atecordoba.org\/wp-content\/uploads\/2022\/01\/27_01_ParitariaNacional-1024x576.jpeg 1024w, https:\/\/atecordoba.org\/wp-content\/uploads\/2022\/01\/27_01_ParitariaNacional-300x169.jpeg 300w, https:\/\/atecordoba.org\/wp-content\/uploads\/2022\/01\/27_01_ParitariaNacional-768x432.jpeg 768w, https:\/\/atecordoba.org\/wp-content\/uploads\/2022\/01\/27_01_ParitariaNacional-1536x864.jpeg 1536w, https:\/\/atecordoba.org\/wp-content\/uploads\/2022\/01\/27_01_ParitariaNacional-750x422.jpeg 750w, https:\/\/atecordoba.org\/wp-content\/uploads\/2022\/01\/27_01_ParitariaNacional-1140x641.jpeg 1140w, https:\/\/atecordoba.org\/wp-content\/uploads\/2022\/01\/27_01_ParitariaNacional.jpeg 1600w\" sizes=\"auto, (max-width: 1024px) 100vw, 1024px\" \/><\/a><\/figure><\/li><\/ul><\/figure>\n\n\n\n<p>La Asociaci\u00f3n Trabajadores del Estado (ATE) manifest\u00f3 su preocupaci\u00f3n luego de que el Gobierno no realice una oferta concreta en la paritaria de la administraci\u00f3n p\u00fablica nacional realizada ayer, por lo que el Secretario Adjunto del Consejo Directivo Nacional de ATE C\u00f3rdoba, Rodolfo Aguiar, evalu\u00f3 que \u201cel hecho de que no exista ofrecimiento no se corresponde con un escenario de creciente inflaci\u00f3n como el actual\u201d.<\/p>\n\n\n\n<p>\u201cLa falta de una propuesta seria en esta instancia es tomada como un destrato para quienes garantizan un Estado presente en una de las \u00e9pocas m\u00e1s tr\u00e1gicas que le toca atravesar a la humanidad como la pandemia de Covid-19&#8243;, indic\u00f3 el referente estatal luego de la paritaria por el Convenio Colectivo de Trabajo 214\/06.<\/p>\n\n\n\n<p>En esta ocasi\u00f3n, se mantuvo una reuni\u00f3n virtual este jueves a las 15:30 entre el Gobierno, representado por la secretaria de Gesti\u00f3n y Empleo P\u00fablico, Ana Castellani, junto a otros funcionarios, y la comitiva de ATE integrada por el Secretario Adjunto, Rodolfo Aguiar, la secretaria de Organizaci\u00f3n, Mercedes Cabezas, y el responsable del Departamento de Negociaci\u00f3n Colectiva, Flavio Vergara.<\/p>\n\n\n\n<p>&#8220;Tenemos la sensaci\u00f3n que la inminencia de un acuerdo con el Fondo Monetario Internacional ya empieza a influir en la paritaria estatal. Nos negamos a que los salarios de los empleados p\u00fablicos vuelvan a ser variable de ajuste en nuestro pa\u00eds&#8221;, apunt\u00f3 el dirigente. Las negociaciones actuales hab\u00edan llegado al 40% de aumento en el \u00faltimo encuentro de agosto pasado, donde se fij\u00f3 una cl\u00e1usula de revisi\u00f3n para esta fecha.<\/p>\n\n\n\n<p>Tras el encuentro, Aguiar consider\u00f3 que &#8220;no ha sido esta la mejor manera de iniciar el a\u00f1o\u201d y agreg\u00f3: \u201cSi el Gobierno no recapacita y realiza un ofrecimiento en el corto plazo a liquidar en los haberes de febrero, ser\u00e1 imposible alcanzar un entendimiento\u201d.<\/p>\n\n\n\n<p>El sindicato encar\u00f3 la paritaria bajo la consigna que el salario estatal no pierda frente a la inflaci\u00f3n, la cual cerr\u00f3 en 50,9% en 2021. Sin embargo, algunos rubros incrementaron por encima del valor general, como la vestimenta y el calzado (64,6%), transporte (57,6%), gastos de salud (51,8%), y muy cerca del mismo se encuentran los alimentos y bebidas (50,3%).<\/p>\n\n\n\n<p>Por eso, el adjunto estatal concluy\u00f3 que &#8220;el Ejecutivo comienza a alejarse de su compromiso de que los salarios le ganen a la inflaci\u00f3n&#8221;. Las negociaciones del sector p\u00fablico no se corresponden con el a\u00f1o calendario, sino que van de junio a mayo del a\u00f1o siguiente. Hasta el momento, la paritaria en curso acumula un 40% (10 por ciento en junio pasado, 9 en agosto, 11 en septiembre, 5 en octubre y 5 enero del 2022).<\/p>\n\n\n<p><iframe loading=\"lazy\" src=\"https:\/\/www.facebook.com\/plugins\/post.php?href=https%3A%2F%2Fwww.facebook.com%2Fpermalink.php%3Fstory_fbid%3D136457745529343%26id%3D104803768694741&#038;show_text=true&#038;width=500\" width=\"500\" height=\"729\" style=\"border:none;overflow:hidden\" scrolling=\"no\" frameborder=\"0\" allowfullscreen=\"true\" allow=\"autoplay; clipboard-write; encrypted-media; picture-in-picture; web-share\"><\/iframe><\/p>\n","protected":false},"excerpt":{"rendered":"<p>La Asociaci\u00f3n Trabajadores del Estado (ATE) manifest\u00f3 su preocupaci\u00f3n luego de que el Gobierno no realice una oferta concreta en la paritaria de la administraci\u00f3n p\u00fablica nacional realizada ayer, por lo que el Secretario Adjunto del Consejo Directivo Nacional de ATE C\u00f3rdoba, Rodolfo Aguiar, evalu\u00f3 que \u201cel hecho de que no exista ofrecimiento no se [&hellip;]<\/p>\n","protected":false},"author":6,"featured_media":29848,"comment_status":"open","ping_status":"open","sticky":false,"template":"","format":"standard","meta":{"_exactmetrics_skip_tracking":false,"_exactmetrics_sitenote_active":false,"_exactmetrics_sitenote_note":"","_exactmetrics_sitenote_category":0,"jnews-multi-image_gallery":[],"jnews_single_post":{"subtitle":"\u201cEsperamos que el inminente acuerdo con el FMI no comience a influir en las paritarias\u201d, se\u00f1al\u00f3 Rodolfo Aguiar.","format":"standard","video":"","gallery":"","source_name":"","source_url":"","via_name":"","via_url":"","override":[{"template":"1","single_blog_custom":"","parallax":"1","fullscreen":"1","layout":"right-sidebar","sidebar":"default-sidebar","second_sidebar":"default-sidebar","sticky_sidebar":"1","share_position":"top","share_float_style":"share-monocrhome","show_share_counter":"1","show_view_counter":"1","show_featured":"1","show_post_meta":"1","show_post_author":"1","show_post_author_image":"1","show_post_date":"1","post_date_format":"default","post_date_format_custom":"Y\/m\/d","show_post_category":"1","post_reading_time_wpm":"300","zoom_button_out_step":"2","zoom_button_in_step":"3","show_post_tag":"1","show_prev_next_post":"1","show_popup_post":"1","number_popup_post":"1"}],"image_override":[{"single_post_thumbnail_size":"crop-500","single_post_gallery_size":"crop-500"}],"trending_post_position":"meta","trending_post_label":"Trending","sponsored_post_label":"Sponsored by","sponsored_post_name":"","sponsored_post_url":"","sponsored_post_logo":"","sponsored_post_desc":""},"jnews_primary_category":{"id":""},"jnews_social_meta":[],"jnews_review":[],"enable_review":"","type":"","name":"","summary":"","brand":"","sku":"","good":[],"bad":[],"score_override":"","override_value":"","rating":[],"price":[],"jnews_override_counter":[],"jnews_post_split":[],"footnotes":""},"categories":[756,18],"tags":[],"class_list":["post-29845","post","type-post","status-publish","format-standard","has-post-thumbnail","hentry","category-consejo-directivo-nacional-cdn","category-nacionales"],"jetpack_featured_media_url":"https:\/\/atecordoba.org\/wp-content\/uploads\/2022\/01\/27_01_ParitariaNacional_Web.jpg","_links":{"self":[{"href":"https:\/\/atecordoba.org\/index.php?rest_route=\/wp\/v2\/posts\/29845","targetHints":{"allow":["GET"]}}],"collection":[{"href":"https:\/\/atecordoba.org\/index.php?rest_route=\/wp\/v2\/posts"}],"about":[{"href":"https:\/\/atecordoba.org\/index.php?rest_route=\/wp\/v2\/types\/post"}],"author":[{"embeddable":true,"href":"https:\/\/atecordoba.org\/index.php?rest_route=\/wp\/v2\/users\/6"}],"replies":[{"embeddable":true,"href":"https:\/\/atecordoba.org\/index.php?rest_route=%2Fwp%2Fv2%2Fcomments&post=29845"}],"version-history":[{"count":1,"href":"https:\/\/atecordoba.org\/index.php?rest_route=\/wp\/v2\/posts\/29845\/revisions"}],"predecessor-version":[{"id":29849,"href":"https:\/\/atecordoba.org\/index.php?rest_route=\/wp\/v2\/posts\/29845\/revisions\/29849"}],"wp:featuredmedia":[{"embeddable":true,"href":"https:\/\/atecordoba.org\/index.php?rest_route=\/wp\/v2\/media\/29848"}],"wp:attachment":[{"href":"https:\/\/atecordoba.org\/index.php?rest_route=%2Fwp%2Fv2%2Fmedia&parent=29845"}],"wp:term":[{"taxonomy":"category","embeddable":true,"href":"https:\/\/atecordoba.org\/index.php?rest_route=%2Fwp%2Fv2%2Fcategories&post=29845"},{"taxonomy":"post_tag","embeddable":true,"href":"https:\/\/atecordoba.org\/index.php?rest_route=%2Fwp%2Fv2%2Ftags&post=29845"}],"curies":[{"name":"wp","href":"https:\/\/api.w.org\/{rel}","templated":true}]}}