{"id":29727,"date":"2022-01-20T09:32:28","date_gmt":"2022-01-20T12:32:28","guid":{"rendered":"https:\/\/atecordoba.org\/?p=29727"},"modified":"2022-01-20T09:45:51","modified_gmt":"2022-01-20T12:45:51","slug":"giuliani-el-estado-en-disputa","status":"publish","type":"post","link":"https:\/\/atecordoba.org\/?p=29727","title":{"rendered":"Giuliani: &#8220;El Estado, en disputa&#8221;"},"content":{"rendered":"\n<div class=\"wp-block-image\"><figure class=\"alignleft size-large is-resized\"><img loading=\"lazy\" decoding=\"async\" src=\"https:\/\/atecordoba.org\/wp-content\/uploads\/2022\/01\/GiulianiGremiosRed-1024x685.jpg\" alt=\"\" class=\"wp-image-29728\" width=\"505\" height=\"338\" srcset=\"https:\/\/atecordoba.org\/wp-content\/uploads\/2022\/01\/GiulianiGremiosRed-1024x685.jpg 1024w, https:\/\/atecordoba.org\/wp-content\/uploads\/2022\/01\/GiulianiGremiosRed-300x201.jpg 300w, https:\/\/atecordoba.org\/wp-content\/uploads\/2022\/01\/GiulianiGremiosRed-768x514.jpg 768w, https:\/\/atecordoba.org\/wp-content\/uploads\/2022\/01\/GiulianiGremiosRed-750x502.jpg 750w, https:\/\/atecordoba.org\/wp-content\/uploads\/2022\/01\/GiulianiGremiosRed-1140x763.jpg 1140w, https:\/\/atecordoba.org\/wp-content\/uploads\/2022\/01\/GiulianiGremiosRed.jpg 1494w\" sizes=\"auto, (max-width: 505px) 100vw, 505px\" \/><\/figure><\/div>\n\n\n\n<p>&#8220;ATE es un sindicato de casi 100 a\u00f1os en un Estado Naci\u00f3n que tiene apenas algo m\u00e1s de 200. Podemos asegurar que ATE ha sido un actor central en el desarrollo del Movimiento Obrero en la Argentina, desde sus inicios&#8221;, expres\u00f3 Federico Giuliani, Secretario General de ATE y la CTAA de C\u00f3rdoba por FM Villanos de Villa Carlos Paz. El dirigente hizo, adem\u00e1s, un repaso por la actualidad pol\u00edtica, econ\u00f3mica y social de nuestra provincia y el pa\u00eds. Habl\u00f3 de feminismos, capitalismo y de la coyuntura que est\u00e1n atravesando los pueblos de nuestra patria.<\/p>\n\n\n\n<p>&#8220;Desde C\u00f3rdoba buscamos recuperar la m\u00edstica de esas obreras y obreros que, desde el Teatro Verdi de La Boca, fundaron nuestra Asociaci\u00f3n all\u00e1 por 1925&#8221;, rememor\u00f3 el dirigente quien remarc\u00f3 que los principios con los que fue fundada la organizaci\u00f3n as\u00ed como sus problem\u00e1ticas y fines, &#8220;siguen vigentes: cobrar un salario por encima de la l\u00ednea de la pobreza, condiciones dignas de trabajo, son materias por las que a\u00fan luchamos. La matriz estructural de los problemas de las y los trabajadores del Estado no cambi\u00f3&#8221;.<\/p>\n\n\n\n<p>El m\u00e1ximo dirigente de ATE y la CTAA de la Provincia de C\u00f3rdoba hizo hincapi\u00e9 en el car\u00e1cter org\u00e1nico de la crisis que est\u00e1 atravesando el sistema capitalista: &#8220;la pandemia vino a develar esa crisis civilizatoria y no es lo mismo enfrentarla con un Estado presente y del pueblo que con un Estado de las corporaciones&#8221;. En ese marco, Giuliani remarc\u00f3 que en la Provincia de C\u00f3rdoba &#8220;hace 23 a\u00f1os est\u00e1 en poder el &#8220;cordobesismo&#8221; que ha venido a ajustar sobre todos los derechos conquistados por la clase trabajadora como la educaci\u00f3n y la salud, siendo sus trabajadores y trabajadoras las primeras afectadas por estas pol\u00edticas que luego devienen en crisis sociales generales&#8221;.&nbsp;<\/p>\n\n\n\n<p>En el \u00e1mbito de la salud, Giuliani dijo que &#8220;han sido dos a\u00f1os muy dif\u00edciles que pusieron de manifiesto todos los problemas salariales y de precarizaci\u00f3n que padecen quienes trabajan en el sistema sanitario de C\u00f3rdoba, esas personas que nos cuidan pero que no fueron cuidadas de la misma forma por el Gobierno&#8221;.<\/p>\n\n\n\n<p>&#8220;Hoy se est\u00e1 priorizando el capital por sobre la vida humana: este Gobierno responde a los intereses del G6 -que son los grupos del poder econ\u00f3mico concentrado de C\u00f3rdoba- que son quienes le marcan la agenda al poder pol\u00edtico provincial que, a su vez, irradia hacia los municipios definiciones macro que muchas veces son acompa\u00f1adas acr\u00edticamente por los funcionarios locales&#8221;, espet\u00f3 Giuliani.\u00a0<\/p>\n\n\n\n<figure class=\"wp-block-audio aligncenter\"><audio controls src=\"https:\/\/atecordoba.org\/wp-content\/uploads\/2022\/01\/18-01-21-Giuliani-Villanos-Carlos-Paz.mp3\"><\/audio><figcaption>Audio completo de la entrevista a Federico Giuliani por FM Villanos de Villa Carlos Paz<\/figcaption><\/figure>\n\n\n\n<p><strong>Villa Carlos Paz y la Justicia cordobesa<\/strong><br>En ese sentido, el Secretario General de ATE destac\u00f3 la resistencia a los despidos, traslados y persecuci\u00f3n que, &#8220;primero en soledad y luego con el acompa\u00f1amiento de nuestro sindicato, llevaron y llevan adelante las y los trabajadores municipales de Villa Carlos Paz&#8221;. &#8220;Hoy el pedido de reconocimiento y di\u00e1logo con la gesti\u00f3n municipal de ATE se encuentra judicializado, a la espera de que los tiempos de la Justicia cordobesa, r\u00e1pida y d\u00f3cil con los que mandan y lenta y dura con los sectores populares, ponga fin al atropello institucional de G\u00f3mez Gesteira que viola sistem\u00e1ticamente la legislaci\u00f3n laboral vigente&#8221;, complet\u00f3 Giuliani y consign\u00f3: &#8220;la Justicia de C\u00f3rdoba est\u00e1 adoctrinada por el Poder Ejecutivo de Schiaretti&#8221;.<\/p>\n\n\n\n<p>A su vez, el dirigente remarc\u00f3 el car\u00e1cter &#8220;genuino&#8221; y el &#8220;gran aprendizaje&#8221; que toda esta lucha impregn\u00f3 &#8220;en cada compa\u00f1era y compa\u00f1ero de Villa Carlos Paz que ahora se planta firmemente contra el Estado patr\u00f3n en defensa de sus derechos&#8221;.<\/p>\n\n\n\n<p><strong>La Justicia en nuestro pa\u00eds<\/strong><br>Giuliani destac\u00f3 la relevancia de develar el poder ejercido por el Poder Judicial en todo el pa\u00eds que, &#8220;durante a\u00f1os ha servido a criminalizar la protesta y a los dirigentes y dirigentas sociales que resisten el ajuste&#8221;. En ese sentido, enfatiz\u00f3 el pedido de liberaci\u00f3n de Milagro Sala &#8220;presa hace 6 a\u00f1os ya&#8221;.<\/p>\n\n\n\n<p><strong>Desaf\u00edo de las organizaciones<\/strong><br>Giuliani remarc\u00f3 que el desaf\u00edo de las organizaciones libres del pueblo es &#8220;romper la estigmatizaci\u00f3n que tenemos los y las dirigentes sindicales producto de la crisis de representaci\u00f3n que atraviesa a toda la sociedad que se encuentra descre\u00edda de todas las instituciones, centralmente de las que defienden los intereses de la clase trabajadora producto de a\u00f1os de machaque del poder concentrado y su aparato cultural de dominaci\u00f3n&#8221;. &#8220;Para el patr\u00f3n, el mejor gremio es el que no existe: tenemos que romper ese imaginario y, a la vez, hacernos cargo de desplazar a todos los bur\u00f3cratas que entregan a nuestra clase en todo tipo de pactos espurios&#8221;, dispar\u00f3 el Secretario General de ATE y la CTAA Provincia de C\u00f3rdoba. &#8220;Hay que realizar las transformaciones de abajo hacia arriba, de la periferia al centro, propiciando el recambio generacional e inaugurando un sindicalismo de nuevo tipo que se abreve de las mejores fuentes del sindicalismo combativo que ha parido nuestra historia&#8221;, destac\u00f3 el dirigente.<\/p>\n\n\n\n<p><strong>Estado en disputa<\/strong><\/p>\n\n\n\n<p>&#8220;Tenemos que preguntarnos si queremos un Estado al servicio de los sectores concentrados o uno que sea el reflejo de una comunidad organizada que garantiza derechos. Como trabajadoras y trabajadores desde esta C\u00f3rdoba que pari\u00f3 los programas de Huerta Grande y La Falda, nos organizamos para ser parte del armado del programa acerca de qu\u00e9 Estado queremos&#8221;, enfatiz\u00f3 Giuliani.<\/p>\n\n\n\n<p><strong>Feminismos y sindicalismo<\/strong><\/p>\n\n\n\n<p>El Secretario General de ATE C\u00f3rdoba destac\u00f3 que &#8220;desde el nacimiento del movimiento obrero el feminismo estuvo a la vanguardia de las peleas. Si uno piensa por ejemplo en el 8 de marzo y la pelea de esas compa\u00f1eras por sus condiciones de trabajo, ve que la g\u00e9nesis del movimiento obrero va de la mano al desarrollo del feminismo&#8221;. Adem\u00e1s Giuliani remarc\u00f3 que &#8220;el feminismo debe ser revolucionario o no va a dejar que la esencia que sube y brota a diario haga mella en la posibilidad de ser parte de un proyecto nacional de liberaci\u00f3n&#8221;. Adem\u00e1s, el dirigente remarc\u00f3 que en el Sindicato y la Central provincial, &#8220;el surgimiento de nuevos cuadros pol\u00edticos est\u00e1 relacionado con mujeres y diversidades, muy especialmente en todo lo que tiene que ver con lo territorial donde el 95 por ciento de quienes se incorporan a la lucha organizada de nuestra central, son mujeres&#8221;. Giuliani, remarc\u00f3 el avance institucional de ATE que modificar\u00e1 su estatuto este a\u00f1o para que las autoridades est\u00e9n representadas de manera igualitaria y alternada (1 cargo y 1 cargo) por cada g\u00e9nero en las listas: &#8220;ello es realmente importante para que cada compa\u00f1era que est\u00e1 militando en las bases tenga acceso a los lugares de conducci\u00f3n sindical de sus regionales, en la provincia y la naci\u00f3n&#8221;, concluy\u00f3 el Secretario General de ATE y CTAA Provincia de C\u00f3rdoba.<\/p>\n","protected":false},"excerpt":{"rendered":"<p>&#8220;ATE es un sindicato de casi 100 a\u00f1os en un Estado Naci\u00f3n que tiene apenas algo m\u00e1s de 200. Podemos asegurar que ATE ha sido un actor central en el desarrollo del Movimiento Obrero en la Argentina, desde sus inicios&#8221;, expres\u00f3 Federico Giuliani, Secretario General de ATE y la CTAA de C\u00f3rdoba por FM Villanos [&hellip;]<\/p>\n","protected":false},"author":6,"featured_media":29734,"comment_status":"open","ping_status":"open","sticky":false,"template":"","format":"standard","meta":{"_exactmetrics_skip_tracking":false,"_exactmetrics_sitenote_active":false,"_exactmetrics_sitenote_note":"","_exactmetrics_sitenote_category":0,"jnews-multi-image_gallery":[],"jnews_single_post":{"subtitle":"El Secretario General de ATE y la CTAA de la Provincia de C\u00f3rdoba, en una entrevista con FM Villanos de Villa Carlos Paz, habl\u00f3 de la historia de ATE e hizo un repaso por la actualidad pol\u00edtica, econ\u00f3mica y social de nuestra provincia y el pa\u00eds. Los feminismos, la Justicia, el capitalismo y la coyuntura que est\u00e1n atravesando los pueblos de nuestra patria, en el foco del an\u00e1lisis.","format":"standard","video":"","gallery":"","source_name":"","source_url":"","via_name":"","via_url":"","override":[{"template":"1","single_blog_custom":"","parallax":"1","fullscreen":"1","layout":"right-sidebar","sidebar":"default-sidebar","second_sidebar":"default-sidebar","sticky_sidebar":"1","share_position":"top","share_float_style":"share-monocrhome","show_share_counter":"1","show_view_counter":"1","show_featured":"1","show_post_meta":"1","show_post_author":"1","show_post_author_image":"1","show_post_date":"1","post_date_format":"default","post_date_format_custom":"Y\/m\/d","show_post_category":"1","post_reading_time_wpm":"300","zoom_button_out_step":"2","zoom_button_in_step":"3","show_post_tag":"1","show_prev_next_post":"1","show_popup_post":"1","number_popup_post":"1"}],"image_override":[{"single_post_thumbnail_size":"crop-500","single_post_gallery_size":"crop-500"}],"trending_post_position":"meta","trending_post_label":"Trending","sponsored_post_label":"Sponsored by","sponsored_post_name":"","sponsored_post_url":"","sponsored_post_logo":"","sponsored_post_desc":""},"jnews_primary_category":{"id":""},"jnews_social_meta":[],"jnews_review":[],"enable_review":"","type":"","name":"","summary":"","brand":"","sku":"","good":[],"bad":[],"score_override":"","override_value":"","rating":[],"price":[],"jnews_override_counter":[],"jnews_post_split":[],"footnotes":""},"categories":[341,350],"tags":[],"class_list":["post-29727","post","type-post","status-publish","format-standard","has-post-thumbnail","hentry","category-cdp","category-opinion"],"jetpack_featured_media_url":"https:\/\/atecordoba.org\/wp-content\/uploads\/2022\/01\/GiulianiPortada.jpg","_links":{"self":[{"href":"https:\/\/atecordoba.org\/index.php?rest_route=\/wp\/v2\/posts\/29727","targetHints":{"allow":["GET"]}}],"collection":[{"href":"https:\/\/atecordoba.org\/index.php?rest_route=\/wp\/v2\/posts"}],"about":[{"href":"https:\/\/atecordoba.org\/index.php?rest_route=\/wp\/v2\/types\/post"}],"author":[{"embeddable":true,"href":"https:\/\/atecordoba.org\/index.php?rest_route=\/wp\/v2\/users\/6"}],"replies":[{"embeddable":true,"href":"https:\/\/atecordoba.org\/index.php?rest_route=%2Fwp%2Fv2%2Fcomments&post=29727"}],"version-history":[{"count":3,"href":"https:\/\/atecordoba.org\/index.php?rest_route=\/wp\/v2\/posts\/29727\/revisions"}],"predecessor-version":[{"id":29733,"href":"https:\/\/atecordoba.org\/index.php?rest_route=\/wp\/v2\/posts\/29727\/revisions\/29733"}],"wp:featuredmedia":[{"embeddable":true,"href":"https:\/\/atecordoba.org\/index.php?rest_route=\/wp\/v2\/media\/29734"}],"wp:attachment":[{"href":"https:\/\/atecordoba.org\/index.php?rest_route=%2Fwp%2Fv2%2Fmedia&parent=29727"}],"wp:term":[{"taxonomy":"category","embeddable":true,"href":"https:\/\/atecordoba.org\/index.php?rest_route=%2Fwp%2Fv2%2Fcategories&post=29727"},{"taxonomy":"post_tag","embeddable":true,"href":"https:\/\/atecordoba.org\/index.php?rest_route=%2Fwp%2Fv2%2Ftags&post=29727"}],"curies":[{"name":"wp","href":"https:\/\/api.w.org\/{rel}","templated":true}]}}