{"id":2971,"date":"2013-08-05T17:26:36","date_gmt":"2013-08-05T20:26:36","guid":{"rendered":"http:\/\/www.atecordoba.org\/?p=2971"},"modified":"2013-08-05T17:26:36","modified_gmt":"2013-08-05T20:26:36","slug":"secretaria-de-accion-social-opciones-de-turismo-para-afiliados","status":"publish","type":"post","link":"https:\/\/atecordoba.org\/?p=2971","title":{"rendered":"Secretaria de Acci\u00f3n Social &#8211; opciones de turismo para afiliados"},"content":{"rendered":"<p>Compa\u00f1eros, la Secretaria de Acci\u00f3n Social pone a disposici\u00f3n para nuestro afiliados los destinos tur\u00edsticos conforme los convenios suscriptos por el Consejo Directivo Provincial. Todas opciones incluyen fechas de salidas y los respectivos precios.<\/p>\n<p>&nbsp;<\/p>\n\n<p>&nbsp;<\/p>\n","protected":false},"excerpt":{"rendered":"<p>Compa\u00f1eros, la Secretaria de Acci\u00f3n Social pone a disposici\u00f3n para nuestro afiliados los destinos tur\u00edsticos conforme los convenios suscriptos por el Consejo Directivo Provincial. Todas opciones incluyen fechas de salidas y los respectivos precios. &nbsp; &nbsp;<\/p>\n","protected":false},"author":1,"featured_media":19220,"comment_status":"open","ping_status":"open","sticky":false,"template":"","format":"standard","meta":{"_exactmetrics_skip_tracking":false,"_exactmetrics_sitenote_active":false,"_exactmetrics_sitenote_note":"","_exactmetrics_sitenote_category":0,"jnews-multi-image_gallery":[],"jnews_single_post":[],"jnews_primary_category":[],"jnews_social_meta":[],"jnews_review":[],"enable_review":"","type":"","name":"","summary":"","brand":"","sku":"","good":[],"bad":[],"score_override":"","override_value":"","rating":[],"price":[],"jnews_override_counter":[],"jnews_post_split":[],"footnotes":""},"categories":[75,86],"tags":[],"class_list":["post-2971","post","type-post","status-publish","format-standard","has-post-thumbnail","hentry","category-accion-social","category-turismo"],"jetpack_featured_media_url":"https:\/\/atecordoba.org\/wp-content\/uploads\/2020\/05\/logo-nuevochico-e1561581322808.png","_links":{"self":[{"href":"https:\/\/atecordoba.org\/index.php?rest_route=\/wp\/v2\/posts\/2971","targetHints":{"allow":["GET"]}}],"collection":[{"href":"https:\/\/atecordoba.org\/index.php?rest_route=\/wp\/v2\/posts"}],"about":[{"href":"https:\/\/atecordoba.org\/index.php?rest_route=\/wp\/v2\/types\/post"}],"author":[{"embeddable":true,"href":"https:\/\/atecordoba.org\/index.php?rest_route=\/wp\/v2\/users\/1"}],"replies":[{"embeddable":true,"href":"https:\/\/atecordoba.org\/index.php?rest_route=%2Fwp%2Fv2%2Fcomments&post=2971"}],"version-history":[{"count":0,"href":"https:\/\/atecordoba.org\/index.php?rest_route=\/wp\/v2\/posts\/2971\/revisions"}],"wp:featuredmedia":[{"embeddable":true,"href":"https:\/\/atecordoba.org\/index.php?rest_route=\/wp\/v2\/media\/19220"}],"wp:attachment":[{"href":"https:\/\/atecordoba.org\/index.php?rest_route=%2Fwp%2Fv2%2Fmedia&parent=2971"}],"wp:term":[{"taxonomy":"category","embeddable":true,"href":"https:\/\/atecordoba.org\/index.php?rest_route=%2Fwp%2Fv2%2Fcategories&post=2971"},{"taxonomy":"post_tag","embeddable":true,"href":"https:\/\/atecordoba.org\/index.php?rest_route=%2Fwp%2Fv2%2Ftags&post=2971"}],"curies":[{"name":"wp","href":"https:\/\/api.w.org\/{rel}","templated":true}]}}