{"id":29703,"date":"2022-01-18T12:53:55","date_gmt":"2022-01-18T15:53:55","guid":{"rendered":"https:\/\/atecordoba.org\/?p=29703"},"modified":"2022-01-18T13:18:20","modified_gmt":"2022-01-18T16:18:20","slug":"ate-precupado-por-el-posible-desmembramiento-de-la-banda-de-musica-municipal-de-bell-ville","status":"publish","type":"post","link":"https:\/\/atecordoba.org\/?p=29703","title":{"rendered":"ATE precupado por el posible desmembramiento de la Banda de M\u00fasica Municipal de Bell Ville"},"content":{"rendered":"\n<div class=\"wp-block-image\"><figure class=\"aligncenter is-resized\"><a href=\"https:\/\/atecordoba.org\/wp-content\/uploads\/2022\/01\/ATE-BANDA-MUNICIPAL20220118_10342122.pdf\" target=\"_blank\" rel=\"noopener\"><img loading=\"lazy\" decoding=\"async\" src=\"https:\/\/atecordoba.org\/wp-content\/uploads\/2022\/01\/NotaBandaDeMusicaBellVille_Intendente-725x1024.jpg\" alt=\"Esta imagen tiene un atributo alt vac\u00edo; el nombre del archivo es NotaBandaDeMusicaBellVille_Intendente-725x1024.jpg\" width=\"378\" height=\"534\"\/><\/a><figcaption>Misiva dirigida al intendente. Click sobre la imagen para descargar completa.<\/figcaption><\/figure><\/div>\n\n\n\n<p>El 15 de diciembre de 2021 quedar\u00e1 marcado a fuego para las y los amantes de la cultura en la ciudad de Bell Ville: ese d\u00eda, por unanimidad, el Concejo Deliberante sancion\u00f3 la <strong>Ordenanza 2485\/2021 que\u00a0&#8220;habilita la precarizaci\u00f3n, achicamiento y desguace de una instituci\u00f3n con 83 a\u00f1os de historia en el escenario de la cultura local&#8221;<\/strong>, manifest\u00f3 Lucas Loyola, referente de la Asociaci\u00f3n Trabajadores del Estado (ATE) Bell Ville, organizaci\u00f3n que nuclea a las y los trabajadores municipales de la localidad\u00a0cabecera del departamento Uni\u00f3n, en el sudeste de la provincia de C\u00f3rdoba.\u00a0&#8220;Nos preocupa la cuesti\u00f3n de fondo de la normativa as\u00ed como los aspectos que de la misma se desprenden y que tienen que ver con la curr\u00edcula educativa, el llamado a concurso y la cuesti\u00f3n laboral en general&#8221;, puntualiz\u00f3 Loyola.<\/p>\n\n\n\n<p>&#8220;En los art\u00edculos 4 y 5 de la citada Ordenanza\u00a0-prosigui\u00f3 el referente-\u00a0se menciona que el Director tiene que promocionar su cargo cada 2 a\u00f1os bajo un concurso para ser contratado nuevamente. Y los docentes cada un a\u00f1o deber\u00e1n renovar su contrato. <strong>De esta forma, nuestra preocupaci\u00f3n es la estabilidad laboral<\/strong>&#8220;, alert\u00f3.<\/p>\n\n\n\n<p>Desde el sindicato tambi\u00e9n hicieron un <strong>llamado de atenci\u00f3n acerca del futuro de la planta de trabajadoras y trabajadores que sostienen el funcionamiento de la banda<\/strong>: &#8220;de las actuales 10 personas\u00a0que cumplen funciones\u00a0(7 en planta permanente y 3 contratados\/as), vemos con preocupaci\u00f3n que a medida que se vayan jubilando la normativa aprobada en diciembre pasado no especifica c\u00f3mo ser\u00e1n los ingresos para cubrir las vacantes generadas&#8221;, advirti\u00f3 Loyola. El representante de ATE puntualiz\u00f3 que, adem\u00e1s, <strong>tampoco se especifica c\u00f3mo se conformar\u00e1 la junta de clasificaci\u00f3n <\/strong>para esos concursos: &#8220;si bien el Estatuto de las y los municipales de Bell Ville especifica que son 5 los miembros las juntas (3 del Ejecutivo, 2 por la representaci\u00f3n de los trabajadores) esta Ordenanza que enmarca el funcionamiento de la banda es un cap\u00edtulo aparte y deber\u00eda ser tratado como tal&#8221;.<\/p>\n\n\n\n<p>Loyola advirti\u00f3, tambi\u00e9n, que &#8220;vemos huecos y vac\u00edos donde las y los trabajadores y el propio futuro de la banda quedan a merced de una cuesti\u00f3n econ\u00f3mica porque la ordenanza no especifica si los cargos actuales que son planta permanente en la banda municipal, ser\u00e1n cubiertos por estos concursos en las mismas condiciones o si se precarizar\u00e1n o c\u00f3mo ser\u00e1n&#8221;.<\/p>\n\n\n\n<figure class=\"wp-block-gallery aligncenter columns-2 is-cropped wp-block-gallery-1 is-layout-flex wp-block-gallery-is-layout-flex\"><ul class=\"blocks-gallery-grid\"><li class=\"blocks-gallery-item\"><figure><a href=\"https:\/\/atecordoba.org\/wp-content\/uploads\/2022\/01\/NotaBandaDeMusicaBellVille_Bloque_HxC-scaled.jpg\"><img loading=\"lazy\" decoding=\"async\" width=\"725\" height=\"1024\" src=\"https:\/\/atecordoba.org\/wp-content\/uploads\/2022\/01\/NotaBandaDeMusicaBellVille_Bloque_HxC-725x1024.jpg\" alt=\"\" data-id=\"29706\" data-full-url=\"https:\/\/atecordoba.org\/wp-content\/uploads\/2022\/01\/NotaBandaDeMusicaBellVille_Bloque_HxC-scaled.jpg\" data-link=\"https:\/\/atecordoba.org\/?attachment_id=29706\" class=\"wp-image-29706\" srcset=\"https:\/\/atecordoba.org\/wp-content\/uploads\/2022\/01\/NotaBandaDeMusicaBellVille_Bloque_HxC-725x1024.jpg 725w, https:\/\/atecordoba.org\/wp-content\/uploads\/2022\/01\/NotaBandaDeMusicaBellVille_Bloque_HxC-212x300.jpg 212w, https:\/\/atecordoba.org\/wp-content\/uploads\/2022\/01\/NotaBandaDeMusicaBellVille_Bloque_HxC-768x1085.jpg 768w, https:\/\/atecordoba.org\/wp-content\/uploads\/2022\/01\/NotaBandaDeMusicaBellVille_Bloque_HxC-1087x1536.jpg 1087w, https:\/\/atecordoba.org\/wp-content\/uploads\/2022\/01\/NotaBandaDeMusicaBellVille_Bloque_HxC-1449x2048.jpg 1449w, https:\/\/atecordoba.org\/wp-content\/uploads\/2022\/01\/NotaBandaDeMusicaBellVille_Bloque_HxC-750x1060.jpg 750w, https:\/\/atecordoba.org\/wp-content\/uploads\/2022\/01\/NotaBandaDeMusicaBellVille_Bloque_HxC-1140x1611.jpg 1140w, https:\/\/atecordoba.org\/wp-content\/uploads\/2022\/01\/NotaBandaDeMusicaBellVille_Bloque_HxC-scaled.jpg 1812w\" sizes=\"auto, (max-width: 725px) 100vw, 725px\" \/><\/a><\/figure><\/li><li class=\"blocks-gallery-item\"><figure><a href=\"https:\/\/atecordoba.org\/wp-content\/uploads\/2022\/01\/NotaBandaDeMusicaBellVille_Bloque_UCR-scaled.jpg\"><img loading=\"lazy\" decoding=\"async\" width=\"725\" height=\"1024\" src=\"https:\/\/atecordoba.org\/wp-content\/uploads\/2022\/01\/NotaBandaDeMusicaBellVille_Bloque_UCR-725x1024.jpg\" alt=\"\" data-id=\"29707\" data-full-url=\"https:\/\/atecordoba.org\/wp-content\/uploads\/2022\/01\/NotaBandaDeMusicaBellVille_Bloque_UCR-scaled.jpg\" data-link=\"https:\/\/atecordoba.org\/?attachment_id=29707\" class=\"wp-image-29707\" srcset=\"https:\/\/atecordoba.org\/wp-content\/uploads\/2022\/01\/NotaBandaDeMusicaBellVille_Bloque_UCR-725x1024.jpg 725w, https:\/\/atecordoba.org\/wp-content\/uploads\/2022\/01\/NotaBandaDeMusicaBellVille_Bloque_UCR-212x300.jpg 212w, https:\/\/atecordoba.org\/wp-content\/uploads\/2022\/01\/NotaBandaDeMusicaBellVille_Bloque_UCR-768x1085.jpg 768w, https:\/\/atecordoba.org\/wp-content\/uploads\/2022\/01\/NotaBandaDeMusicaBellVille_Bloque_UCR-1087x1536.jpg 1087w, https:\/\/atecordoba.org\/wp-content\/uploads\/2022\/01\/NotaBandaDeMusicaBellVille_Bloque_UCR-1449x2048.jpg 1449w, https:\/\/atecordoba.org\/wp-content\/uploads\/2022\/01\/NotaBandaDeMusicaBellVille_Bloque_UCR-750x1060.jpg 750w, https:\/\/atecordoba.org\/wp-content\/uploads\/2022\/01\/NotaBandaDeMusicaBellVille_Bloque_UCR-1140x1611.jpg 1140w, https:\/\/atecordoba.org\/wp-content\/uploads\/2022\/01\/NotaBandaDeMusicaBellVille_Bloque_UCR-scaled.jpg 1812w\" sizes=\"auto, (max-width: 725px) 100vw, 725px\" \/><\/a><\/figure><\/li><\/ul><figcaption class=\"blocks-gallery-caption\">Cartas dirigidas a las autoridades de los Bloques de HxC y de la UCR del Concejo Deliberante Local<\/figcaption><\/figure>\n\n\n\n<p><\/p>\n\n\n\n<p>&#8220;<strong>El Ejecutivo Municipal se ha reservado a nuestro entender la facultad de seguir precarizando a quienes trabajan en la banda <\/strong>indeterminadamente, con el peligro que ello engendra en el caso de que venga un gobierno que analice que el desarrollo de la cultura es un costo que debe de ser ajustado y, en ese sentido, <strong>recorte, terciarice y despida, a trabajadoras y trabajadores que hoy pertenecen al \u00e1mbito p\u00fablico y a la estima y acervo cultural de la ciudad<\/strong>&#8220;, concluy\u00f3 el referente de ATE Bell Ville.<\/p>\n\n\n\n<div class=\"wp-block-image\"><figure class=\"aligncenter size-large is-resized\"><img loading=\"lazy\" decoding=\"async\" src=\"https:\/\/atecordoba.org\/wp-content\/uploads\/2022\/01\/BandaBellVille.jpg\" alt=\"\" class=\"wp-image-29708\" width=\"732\" height=\"487\" srcset=\"https:\/\/atecordoba.org\/wp-content\/uploads\/2022\/01\/BandaBellVille.jpg 960w, https:\/\/atecordoba.org\/wp-content\/uploads\/2022\/01\/BandaBellVille-300x200.jpg 300w, https:\/\/atecordoba.org\/wp-content\/uploads\/2022\/01\/BandaBellVille-768x511.jpg 768w, https:\/\/atecordoba.org\/wp-content\/uploads\/2022\/01\/BandaBellVille-750x499.jpg 750w\" sizes=\"auto, (max-width: 732px) 100vw, 732px\" \/><figcaption>La Escuela y Banda de M\u00fasica &#8220;Ernesto Alfonso Bianchi&#8221;, en peligro.<\/figcaption><\/figure><\/div>\n","protected":false},"excerpt":{"rendered":"<p>El 15 de diciembre de 2021 quedar\u00e1 marcado a fuego para las y los amantes de la cultura en la ciudad de Bell Ville: ese d\u00eda, por unanimidad, el Concejo Deliberante sancion\u00f3 la Ordenanza 2485\/2021 que\u00a0&#8220;habilita la precarizaci\u00f3n, achicamiento y desguace de una instituci\u00f3n con 83 a\u00f1os de historia en el escenario de la cultura [&hellip;]<\/p>\n","protected":false},"author":3,"featured_media":29708,"comment_status":"open","ping_status":"open","sticky":false,"template":"","format":"standard","meta":{"_exactmetrics_skip_tracking":false,"_exactmetrics_sitenote_active":false,"_exactmetrics_sitenote_note":"","_exactmetrics_sitenote_category":0,"jnews-multi-image_gallery":[],"jnews_single_post":{"subtitle":"En notas enviadas ayer tanto al Intendente como a las presidencias de los bloques del Concejo Deliberante local, el sindicato alert\u00f3 acerca de que la Ordenanza 2485\/2021 -sancionada en diciembre pasado- \"habilita la precarizaci\u00f3n, achicamiento y desguace de una instituci\u00f3n con 83 a\u00f1os de historia en el escenario de la cultura local\". El sindicato solicit\u00f3 \"se deje en estado de recesi\u00f3n\" la norma y se convoque a la representaci\u00f3n de las y los trabajadores para discutir el funcionamiento de la emblem\u00e1tica agrupaci\u00f3n art\u00edstico-educativa local.","format":"standard","video":"","gallery":"","source_name":"","source_url":"","via_name":"","via_url":"","override":[{"template":"1","single_blog_custom":"","parallax":"1","fullscreen":"1","layout":"right-sidebar","sidebar":"default-sidebar","second_sidebar":"default-sidebar","sticky_sidebar":"1","share_position":"top","share_float_style":"share-monocrhome","show_share_counter":"1","show_view_counter":"1","show_featured":"1","show_post_meta":"1","show_post_author":"1","show_post_author_image":"1","show_post_date":"1","post_date_format":"default","post_date_format_custom":"Y\/m\/d","show_post_category":"1","post_reading_time_wpm":"300","zoom_button_out_step":"2","zoom_button_in_step":"3","show_post_tag":"1","show_prev_next_post":"1","show_popup_post":"1","number_popup_post":"1"}],"image_override":[{"single_post_thumbnail_size":"crop-500","single_post_gallery_size":"crop-500"}],"trending_post_position":"meta","trending_post_label":"Trending","sponsored_post_label":"Sponsored by","sponsored_post_name":"","sponsored_post_url":"","sponsored_post_logo":"","sponsored_post_desc":""},"jnews_primary_category":{"id":""},"jnews_social_meta":[],"jnews_review":[],"enable_review":"","type":"","name":"","summary":"","brand":"","sku":"","good":[],"bad":[],"score_override":"","override_value":"","rating":[],"price":[],"jnews_override_counter":[],"jnews_post_split":[],"footnotes":""},"categories":[20,14],"tags":[],"class_list":["post-29703","post","type-post","status-publish","format-standard","has-post-thumbnail","hentry","category-municipales","category-villa-maria"],"jetpack_featured_media_url":"https:\/\/atecordoba.org\/wp-content\/uploads\/2022\/01\/BandaBellVille.jpg","_links":{"self":[{"href":"https:\/\/atecordoba.org\/index.php?rest_route=\/wp\/v2\/posts\/29703","targetHints":{"allow":["GET"]}}],"collection":[{"href":"https:\/\/atecordoba.org\/index.php?rest_route=\/wp\/v2\/posts"}],"about":[{"href":"https:\/\/atecordoba.org\/index.php?rest_route=\/wp\/v2\/types\/post"}],"author":[{"embeddable":true,"href":"https:\/\/atecordoba.org\/index.php?rest_route=\/wp\/v2\/users\/3"}],"replies":[{"embeddable":true,"href":"https:\/\/atecordoba.org\/index.php?rest_route=%2Fwp%2Fv2%2Fcomments&post=29703"}],"version-history":[{"count":5,"href":"https:\/\/atecordoba.org\/index.php?rest_route=\/wp\/v2\/posts\/29703\/revisions"}],"predecessor-version":[{"id":29714,"href":"https:\/\/atecordoba.org\/index.php?rest_route=\/wp\/v2\/posts\/29703\/revisions\/29714"}],"wp:featuredmedia":[{"embeddable":true,"href":"https:\/\/atecordoba.org\/index.php?rest_route=\/wp\/v2\/media\/29708"}],"wp:attachment":[{"href":"https:\/\/atecordoba.org\/index.php?rest_route=%2Fwp%2Fv2%2Fmedia&parent=29703"}],"wp:term":[{"taxonomy":"category","embeddable":true,"href":"https:\/\/atecordoba.org\/index.php?rest_route=%2Fwp%2Fv2%2Fcategories&post=29703"},{"taxonomy":"post_tag","embeddable":true,"href":"https:\/\/atecordoba.org\/index.php?rest_route=%2Fwp%2Fv2%2Ftags&post=29703"}],"curies":[{"name":"wp","href":"https:\/\/api.w.org\/{rel}","templated":true}]}}