{"id":29681,"date":"2022-01-17T16:17:29","date_gmt":"2022-01-17T19:17:29","guid":{"rendered":"https:\/\/atecordoba.org\/?p=29681"},"modified":"2022-01-17T16:17:33","modified_gmt":"2022-01-17T19:17:33","slug":"audiencia-en-la-municipalidad-de-holmberg-se-acordo-un-aumento-salarial-del-509-por-ciento","status":"publish","type":"post","link":"https:\/\/atecordoba.org\/?p=29681","title":{"rendered":"Audiencia en la Municipalidad de Holmberg: se acord\u00f3 un aumento salarial del 50,9 por ciento"},"content":{"rendered":"\n<div class=\"wp-block-image\"><figure class=\"aligncenter size-large is-resized\"><img decoding=\"async\" src=\"https:\/\/atecordoba.org\/wp-content\/uploads\/2022\/01\/17_01_21R4_Holmberg_Negro-1024x768.jpg\" alt=\"\" class=\"wp-image-29682\" width=\"-158\" height=\"-118\" srcset=\"https:\/\/atecordoba.org\/wp-content\/uploads\/2022\/01\/17_01_21R4_Holmberg_Negro-1024x768.jpg 1024w, https:\/\/atecordoba.org\/wp-content\/uploads\/2022\/01\/17_01_21R4_Holmberg_Negro-300x225.jpg 300w, https:\/\/atecordoba.org\/wp-content\/uploads\/2022\/01\/17_01_21R4_Holmberg_Negro-768x576.jpg 768w, https:\/\/atecordoba.org\/wp-content\/uploads\/2022\/01\/17_01_21R4_Holmberg_Negro-750x563.jpg 750w, https:\/\/atecordoba.org\/wp-content\/uploads\/2022\/01\/17_01_21R4_Holmberg_Negro.jpg 1040w\" sizes=\"(max-width: 1024px) 100vw, 1024px\" \/><\/figure><\/div>\n\n\n\n<p>Desde la Seccional del sur cordob\u00e9s informaron que a partir de las negociaciones con la patronal local, se alcanz\u00f3 un incremento salarial del 50,9% para las y los trabajadores municipales de Santa Catalina de Holmberg, que se efectivizar\u00e1 con los haberes de enero. Se estableci\u00f3 tambi\u00e9n la apertura de paritarias del 2022 para fines del mes de marzo del corriente a\u00f1o.<\/p>\n\n\n\n<p>Participaron de la audiencia Pablo Irusta, Secretario Gremial de ATE R\u00edo Cuarto, y el delegado del sector, Sergio De Haes. En representaci\u00f3n del Ejecutivo Municipal estuvo presente el Intendente, Miguel Negro.<\/p>\n","protected":false},"excerpt":{"rendered":"<p>Desde la Seccional del sur cordob\u00e9s informaron que a partir de las negociaciones con la patronal local, se alcanz\u00f3 un incremento salarial del 50,9% para las y los trabajadores municipales de Santa Catalina de Holmberg, que se efectivizar\u00e1 con los haberes de enero. Se estableci\u00f3 tambi\u00e9n la apertura de paritarias del 2022 para fines del [&hellip;]<\/p>\n","protected":false},"author":3,"featured_media":29682,"comment_status":"open","ping_status":"open","sticky":false,"template":"","format":"standard","meta":{"_exactmetrics_skip_tracking":false,"_exactmetrics_sitenote_active":false,"_exactmetrics_sitenote_note":"","_exactmetrics_sitenote_category":0,"jnews-multi-image_gallery":[],"jnews_single_post":{"subtitle":"ATE R\u00edo Cuarto cerr\u00f3 la paritaria 2021 con un incremento salarial que se puso a la par de la inflaci\u00f3n del per\u00edodo.","format":"standard","video":"","gallery":"","source_name":"","source_url":"","via_name":"","via_url":"","override":[{"template":"1","single_blog_custom":"","parallax":"1","fullscreen":"1","layout":"right-sidebar","sidebar":"default-sidebar","second_sidebar":"default-sidebar","sticky_sidebar":"1","share_position":"top","share_float_style":"share-monocrhome","show_share_counter":"1","show_view_counter":"1","show_featured":"1","show_post_meta":"1","show_post_author":"1","show_post_author_image":"1","show_post_date":"1","post_date_format":"default","post_date_format_custom":"Y\/m\/d","show_post_category":"1","post_reading_time_wpm":"300","zoom_button_out_step":"2","zoom_button_in_step":"3","show_post_tag":"1","show_prev_next_post":"1","show_popup_post":"1","number_popup_post":"1"}],"image_override":[{"single_post_thumbnail_size":"crop-500","single_post_gallery_size":"crop-500"}],"trending_post_position":"meta","trending_post_label":"Trending","sponsored_post_label":"Sponsored by","sponsored_post_name":"","sponsored_post_url":"","sponsored_post_logo":"","sponsored_post_desc":""},"jnews_primary_category":{"id":""},"jnews_social_meta":[],"jnews_review":[],"enable_review":"","type":"","name":"","summary":"","brand":"","sku":"","good":[],"bad":[],"score_override":"","override_value":"","rating":[],"price":[],"jnews_override_counter":[],"jnews_post_split":[],"footnotes":""},"categories":[341,20],"tags":[],"class_list":["post-29681","post","type-post","status-publish","format-standard","has-post-thumbnail","hentry","category-cdp","category-municipales"],"jetpack_featured_media_url":"https:\/\/atecordoba.org\/wp-content\/uploads\/2022\/01\/17_01_21R4_Holmberg_Negro.jpg","_links":{"self":[{"href":"https:\/\/atecordoba.org\/index.php?rest_route=\/wp\/v2\/posts\/29681","targetHints":{"allow":["GET"]}}],"collection":[{"href":"https:\/\/atecordoba.org\/index.php?rest_route=\/wp\/v2\/posts"}],"about":[{"href":"https:\/\/atecordoba.org\/index.php?rest_route=\/wp\/v2\/types\/post"}],"author":[{"embeddable":true,"href":"https:\/\/atecordoba.org\/index.php?rest_route=\/wp\/v2\/users\/3"}],"replies":[{"embeddable":true,"href":"https:\/\/atecordoba.org\/index.php?rest_route=%2Fwp%2Fv2%2Fcomments&post=29681"}],"version-history":[{"count":1,"href":"https:\/\/atecordoba.org\/index.php?rest_route=\/wp\/v2\/posts\/29681\/revisions"}],"predecessor-version":[{"id":29683,"href":"https:\/\/atecordoba.org\/index.php?rest_route=\/wp\/v2\/posts\/29681\/revisions\/29683"}],"wp:featuredmedia":[{"embeddable":true,"href":"https:\/\/atecordoba.org\/index.php?rest_route=\/wp\/v2\/media\/29682"}],"wp:attachment":[{"href":"https:\/\/atecordoba.org\/index.php?rest_route=%2Fwp%2Fv2%2Fmedia&parent=29681"}],"wp:term":[{"taxonomy":"category","embeddable":true,"href":"https:\/\/atecordoba.org\/index.php?rest_route=%2Fwp%2Fv2%2Fcategories&post=29681"},{"taxonomy":"post_tag","embeddable":true,"href":"https:\/\/atecordoba.org\/index.php?rest_route=%2Fwp%2Fv2%2Ftags&post=29681"}],"curies":[{"name":"wp","href":"https:\/\/api.w.org\/{rel}","templated":true}]}}