{"id":29678,"date":"2022-01-17T12:40:58","date_gmt":"2022-01-17T15:40:58","guid":{"rendered":"https:\/\/atecordoba.org\/?p=29678"},"modified":"2022-01-17T12:41:10","modified_gmt":"2022-01-17T15:41:10","slug":"federico-giuliani-liberen-a-milagro","status":"publish","type":"post","link":"https:\/\/atecordoba.org\/?p=29678","title":{"rendered":"Federico Giuliani: \u201cLiberen a Milagro\u201d"},"content":{"rendered":"\n<div class=\"wp-block-image\"><figure class=\"aligncenter size-large\"><img loading=\"lazy\" decoding=\"async\" width=\"650\" height=\"316\" src=\"https:\/\/atecordoba.org\/wp-content\/uploads\/2020\/05\/Milagroo.jpg\" alt=\"\" class=\"wp-image-18687\" srcset=\"https:\/\/atecordoba.org\/wp-content\/uploads\/2020\/05\/Milagroo.jpg 650w, https:\/\/atecordoba.org\/wp-content\/uploads\/2020\/05\/Milagroo-300x146.jpg 300w\" sizes=\"auto, (max-width: 650px) 100vw, 650px\" \/><\/figure><\/div>\n\n\n\n<p>El Secretario General de la CTA Aut\u00f3noma de la provincia de C\u00f3rdoba, Federico Giuliani, volvi\u00f3 a reclamar que liberen a Milagro Sala, quien cumpli\u00f3 6 a\u00f1os detenida ilegalmente como consecuencia de las causas armadas en Jujuy bajo el gobierno de Gerardo Morales.<\/p>\n\n\n\n<p>Para Giuliani, \u201cel Gobernador de Jujuy es un aplicado alumno de las pol\u00edticas represivas perpetradas por el Macrismo. Milagro sigue detenida como consecuencia de la criminalizaci\u00f3n y judicializaci\u00f3n de la protesta social que venimos denunciando desde siempre\u201d.<\/p>\n\n\n\n<p>\u201cEs una v\u00edctima de la \u2018guerra judicial\u2019 lanzada por el Gobierno de Morales para acallar las voces opositoras y desarticular la inmensa obra social llevada adelante por la Tupac Amaru entre los sectores m\u00e1s empobrecidos de la poblaci\u00f3n\u201d, agreg\u00f3 el dirigente estatal riocuartense.<\/p>\n\n\n\n<h3 class=\"wp-block-heading\">Visita en el Barrio Cuyaya<\/h3>\n\n\n\n<div class=\"wp-block-image\"><figure class=\"alignleft\"><img decoding=\"async\" src=\"http:\/\/ctaacordoba.org\/wp-content\/uploads\/2020\/02\/87614094_10158016202954805_6758524334706262016_n-300x169.jpg\" alt=\"\" class=\"wp-image-18622\"\/><\/figure><\/div>\n\n\n\n<p>Giuliani visit\u00f3 el 28 de febrero de 2020 a Milagro Sala en su domicilio para \u201cexpresarle nuestra solidaridad y el respaldo de la lucha que viene llevando adelante para obtener su definitiva libertad\u201d.<\/p>\n\n\n\n<p>Giuliani estuvo acompa\u00f1ado durante el extenso y ameno encuentro con Milagro por Oscar Gigena y Celeste Mart\u00ednez, Secretario de Formaci\u00f3n y Secretaria de Derechos Humanos de la CTA-A C\u00f3rdoba, respectivamente, y&nbsp; Silvia Alcoba, Secretaria General de la CTA Aut\u00f3noma Regional R\u00edo Cuarto y Coordinadora Provincial de la Federaci\u00f3n Nacional Territorial (FeNaT-CTA).<\/p>\n\n\n\n<p>\u201cVisitamos en el Barrio Cuyaya de San Salvador de Jujuy, en su prisi\u00f3n domiciliaria, a Milagro Sala, dirigente sindical y social, detenida arbitrariamente por el Gobierno de Gerardo Morales como forma de domesticar a las organizaciones populares que luchan\u201d, afirm\u00f3 Giuliani al cabo del encuentro.<\/p>\n\n\n\n<div class=\"wp-block-image\"><figure class=\"alignright\"><img decoding=\"async\" src=\"http:\/\/ctaacordoba.org\/wp-content\/uploads\/2020\/02\/87863469_10158016202699805_1302873115151302656_o-300x177.jpg\" alt=\"\" class=\"wp-image-18623\"\/><\/figure><\/div>\n\n\n\n<p>Y agreg\u00f3: \u201cMilagro, que se enfrent\u00f3 firmemente al poder econ\u00f3mico, judicial y olig\u00e1rquico de esta provincia, lleva a\u00f1os presa sin condena, por ser militante, luchadora, solidaria, mujer y colla\u201d.<\/p>\n\n\n\n<p>\u201cComo Secretario General del Consejo Directivo Provincial de la Asociaci\u00f3n Trabajadores del Estado (ATE-CTA) provincia de C\u00f3rdoba y Secretario General de la Central de Trabajadorxs de la Argentina Aut\u00f3noma (CTA-A) de la provincia de C\u00f3rdoba, vine a traer mi solidaridad y la exigencia de que liberen a Milagro\u201d, apunt\u00f3.<\/p>\n\n\n\n<p>\u201cSin Justicia no hay paz social. Libertad ya a Milagro\u201d, afirm\u00f3 ayer Giuliani, al cumplirse 6 a\u00f1os de su injusta detenci\u00f3n.<\/p>\n","protected":false},"excerpt":{"rendered":"<p>El Secretario General de la CTA Aut\u00f3noma de la provincia de C\u00f3rdoba, Federico Giuliani, volvi\u00f3 a reclamar que liberen a Milagro Sala, quien cumpli\u00f3 6 a\u00f1os detenida ilegalmente como consecuencia de las causas armadas en Jujuy bajo el gobierno de Gerardo Morales. Para Giuliani, \u201cel Gobernador de Jujuy es un aplicado alumno de las pol\u00edticas [&hellip;]<\/p>\n","protected":false},"author":3,"featured_media":18687,"comment_status":"open","ping_status":"open","sticky":false,"template":"","format":"standard","meta":{"_exactmetrics_skip_tracking":false,"_exactmetrics_sitenote_active":false,"_exactmetrics_sitenote_note":"","_exactmetrics_sitenote_category":0,"jnews-multi-image_gallery":[],"jnews_single_post":{"subtitle":"El Secretario General de la CTA Aut\u00f3noma de la provincia de C\u00f3rdoba, Federico Giuliani, volvi\u00f3 a reclamar que liberen a Milagro Sala, quien cumpli\u00f3 6 a\u00f1os detenida ilegalmente como consecuencia de las causas armadas en Jujuy bajo el gobierno de Gerardo Morales.","format":"standard","video":"","gallery":"","source_name":"","source_url":"","via_name":"","via_url":"","override":[{"template":"1","single_blog_custom":"","parallax":"1","fullscreen":"1","layout":"right-sidebar","sidebar":"default-sidebar","second_sidebar":"default-sidebar","sticky_sidebar":"1","share_position":"top","share_float_style":"share-monocrhome","show_share_counter":"1","show_view_counter":"1","show_featured":"1","show_post_meta":"1","show_post_author":"1","show_post_author_image":"1","show_post_date":"1","post_date_format":"default","post_date_format_custom":"Y\/m\/d","show_post_category":"1","post_reading_time_wpm":"300","zoom_button_out_step":"2","zoom_button_in_step":"3","show_post_tag":"1","show_prev_next_post":"1","show_popup_post":"1","number_popup_post":"1"}],"image_override":[{"single_post_thumbnail_size":"crop-500","single_post_gallery_size":"crop-500"}],"trending_post_position":"meta","trending_post_label":"Trending","sponsored_post_label":"Sponsored by","sponsored_post_name":"","sponsored_post_url":"","sponsored_post_logo":"","sponsored_post_desc":""},"jnews_primary_category":{"id":""},"jnews_social_meta":[],"jnews_review":[],"enable_review":"","type":"","name":"","summary":"","brand":"","sku":"","good":[],"bad":[],"score_override":"","override_value":"","rating":[],"price":[],"jnews_override_counter":[],"jnews_post_split":[],"footnotes":""},"categories":[10,341,122],"tags":[],"class_list":["post-29678","post","type-post","status-publish","format-standard","has-post-thumbnail","hentry","category-accion-politica","category-cdp","category-ddhh"],"jetpack_featured_media_url":"https:\/\/atecordoba.org\/wp-content\/uploads\/2020\/05\/Milagroo.jpg","_links":{"self":[{"href":"https:\/\/atecordoba.org\/index.php?rest_route=\/wp\/v2\/posts\/29678","targetHints":{"allow":["GET"]}}],"collection":[{"href":"https:\/\/atecordoba.org\/index.php?rest_route=\/wp\/v2\/posts"}],"about":[{"href":"https:\/\/atecordoba.org\/index.php?rest_route=\/wp\/v2\/types\/post"}],"author":[{"embeddable":true,"href":"https:\/\/atecordoba.org\/index.php?rest_route=\/wp\/v2\/users\/3"}],"replies":[{"embeddable":true,"href":"https:\/\/atecordoba.org\/index.php?rest_route=%2Fwp%2Fv2%2Fcomments&post=29678"}],"version-history":[{"count":1,"href":"https:\/\/atecordoba.org\/index.php?rest_route=\/wp\/v2\/posts\/29678\/revisions"}],"predecessor-version":[{"id":29679,"href":"https:\/\/atecordoba.org\/index.php?rest_route=\/wp\/v2\/posts\/29678\/revisions\/29679"}],"wp:featuredmedia":[{"embeddable":true,"href":"https:\/\/atecordoba.org\/index.php?rest_route=\/wp\/v2\/media\/18687"}],"wp:attachment":[{"href":"https:\/\/atecordoba.org\/index.php?rest_route=%2Fwp%2Fv2%2Fmedia&parent=29678"}],"wp:term":[{"taxonomy":"category","embeddable":true,"href":"https:\/\/atecordoba.org\/index.php?rest_route=%2Fwp%2Fv2%2Fcategories&post=29678"},{"taxonomy":"post_tag","embeddable":true,"href":"https:\/\/atecordoba.org\/index.php?rest_route=%2Fwp%2Fv2%2Ftags&post=29678"}],"curies":[{"name":"wp","href":"https:\/\/api.w.org\/{rel}","templated":true}]}}