{"id":29594,"date":"2022-01-06T12:05:43","date_gmt":"2022-01-06T15:05:43","guid":{"rendered":"https:\/\/atecordoba.org\/?p=29594"},"modified":"2022-01-07T11:47:42","modified_gmt":"2022-01-07T14:47:42","slug":"urgente-ate-cordoba-solicita-audiencia-al-ministro-de-salud-de-la-provincia-por-crisis-sanitaria","status":"publish","type":"post","link":"https:\/\/atecordoba.org\/?p=29594","title":{"rendered":"Urgente: ATE C\u00f3rdoba solicita audiencia al Ministro de Salud de la Provincia por crisis sanitaria"},"content":{"rendered":"\n<div class=\"wp-block-image\"><figure class=\"alignleft size-large is-resized\"><img loading=\"lazy\" decoding=\"async\" src=\"https:\/\/atecordoba.org\/wp-content\/uploads\/2022\/01\/06_01_21_PedidoCardozo2-1024x819.jpg\" alt=\"\" class=\"wp-image-29595\" width=\"446\" height=\"356\" srcset=\"https:\/\/atecordoba.org\/wp-content\/uploads\/2022\/01\/06_01_21_PedidoCardozo2-1024x819.jpg 1024w, https:\/\/atecordoba.org\/wp-content\/uploads\/2022\/01\/06_01_21_PedidoCardozo2-300x240.jpg 300w, https:\/\/atecordoba.org\/wp-content\/uploads\/2022\/01\/06_01_21_PedidoCardozo2-768x614.jpg 768w, https:\/\/atecordoba.org\/wp-content\/uploads\/2022\/01\/06_01_21_PedidoCardozo2-750x600.jpg 750w, https:\/\/atecordoba.org\/wp-content\/uploads\/2022\/01\/06_01_21_PedidoCardozo2-1140x912.jpg 1140w, https:\/\/atecordoba.org\/wp-content\/uploads\/2022\/01\/06_01_21_PedidoCardozo2.jpg 1350w\" sizes=\"auto, (max-width: 446px) 100vw, 446px\" \/><\/figure><\/div>\n\n\n\n<p>En el d\u00eda de la fecha, <strong>ATE C\u00f3rdoba solicit\u00f3 al Ministro de Salud de la Provincia, Diego Cardozo, fije d\u00eda y hora de audiencia, con car\u00e1cter de urgencia<\/strong>, &#8220;a los fines de comparecer como entidad gremial y generar una instancia de di\u00e1logo sobre la crisis sanitaria actual que nos encontramos viviendo, atento la grave situaci\u00f3n epidemiol\u00f3gica que se encuentra atravesando nuestra provincia&#8221;, seg\u00fan expresaron en la nota ingresada por CiDi esta ma\u00f1ana. &#8220;Este pedido se fundamenta -continuaron en la misiva- en defensa y en amparo del derecho fundamental a la salud que deben gozar todos\/as los\/as trabajadores\/as dependientes de este gobierno provincial y todos\/as los habitantes de esta provincia&#8221;.<\/p>\n\n\n\n<p>&#8220;Es incre\u00edble que debamos pedir por nota a un Ministro que cumpla con sus funciones&#8221;, advirti\u00f3 Federico Giuliani, Secretario General de ATE C\u00f3rdoba, hoy. &#8220;<strong>Cardozo deber\u00eda de hacer de oficio una convocatoria al di\u00e1logo <\/strong>a quienes somos actores fundamentales para la garantizaci\u00f3n del derecho a la salud en la provincia, es decir a las y los trabajadores. En lugar de ello se esconde, no pisa un Hospital porque sabe que la situaci\u00f3n es terrible producto de las pol\u00edticas que est\u00e1n llevando adelante con una precarizaci\u00f3n en aumento, salarios de hambre y, para colmo de males, un protocolo que no nos cuida y que lo \u00fanico que ha hecho es multiplicar exponencialmente los casos de contagiados entre el personal y en la poblaci\u00f3n. Es una situaci\u00f3n aberrante y el m\u00e1ximo responsable pol\u00edtico no da la cara&#8221;, fustig\u00f3 Giuliani.<\/p>\n\n\n\n<p>Desde el sindicato advirtieron, en la nota presentada esta ma\u00f1ana, que -de no haber respuesta al pedido de audiencia- <strong>&#8220;hacemos expresa reserva de iniciar acciones legales y gremiales correspondientes&#8221;<\/strong>.<\/p>\n\n\n<a href=\"https:\/\/atecordoba.org\/wp-content\/uploads\/2022\/01\/6_01_21_ATEAudienciaCardozo.pdf\" class=\"pdfemb-viewer\" style=\"\" data-width=\"max\" data-height=\"max\" data-toolbar=\"bottom\" data-toolbar-fixed=\"off\">6_01_21_ATEAudienciaCardozo<\/a>\n<p class=\"wp-block-pdfemb-pdf-embedder-viewer\"><\/p>\n","protected":false},"excerpt":{"rendered":"<p>En el d\u00eda de la fecha, ATE C\u00f3rdoba solicit\u00f3 al Ministro de Salud de la Provincia, Diego Cardozo, fije d\u00eda y hora de audiencia, con car\u00e1cter de urgencia, &#8220;a los fines de comparecer como entidad gremial y generar una instancia de di\u00e1logo sobre la crisis sanitaria actual que nos encontramos viviendo, atento la grave situaci\u00f3n [&hellip;]<\/p>\n","protected":false},"author":6,"featured_media":29597,"comment_status":"open","ping_status":"open","sticky":false,"template":"","format":"standard","meta":{"_exactmetrics_skip_tracking":false,"_exactmetrics_sitenote_active":false,"_exactmetrics_sitenote_note":"","_exactmetrics_sitenote_category":0,"jnews-multi-image_gallery":[],"jnews_single_post":{"subtitle":"En una misiva firmada por el Secretario General, Federico Giuliani, el sindicato reclam\u00f3 una instancia de di\u00e1logo \"atento a la grave situaci\u00f3n epidemiol\u00f3gica que se encuentra atravesando la provincia\", con la suba exponencial de contagios entre el personal de la salud producto de un protocolo \"que no nos cuida\". Advirtieron que, de no haber respuesta al pedido de audiencia se iniciar\u00e1n las acciones legales y gremiales correspondientes.","format":"standard","video":"","gallery":"","source_name":"","source_url":"","via_name":"","via_url":"","override":[{"template":"1","single_blog_custom":"","parallax":"1","fullscreen":"1","layout":"right-sidebar","sidebar":"default-sidebar","second_sidebar":"default-sidebar","sticky_sidebar":"1","share_position":"top","share_float_style":"share-monocrhome","show_share_counter":"1","show_view_counter":"1","show_featured":"1","show_post_meta":"1","show_post_author":"1","show_post_author_image":"1","show_post_date":"1","post_date_format":"default","post_date_format_custom":"Y\/m\/d","show_post_category":"1","post_reading_time_wpm":"300","zoom_button_out_step":"2","zoom_button_in_step":"3","show_post_tag":"1","show_prev_next_post":"1","show_popup_post":"1","number_popup_post":"1"}],"image_override":[{"single_post_thumbnail_size":"crop-500","single_post_gallery_size":"crop-500"}],"trending_post_position":"meta","trending_post_label":"Trending","sponsored_post_label":"Sponsored by","sponsored_post_name":"","sponsored_post_url":"","sponsored_post_logo":"","sponsored_post_desc":""},"jnews_primary_category":{"id":""},"jnews_social_meta":[],"jnews_review":[],"enable_review":"","type":"","name":"","summary":"","brand":"","sku":"","good":[],"bad":[],"score_override":"","override_value":"","rating":[],"price":[],"jnews_override_counter":[],"jnews_post_split":[],"footnotes":""},"categories":[341,8],"tags":[],"class_list":["post-29594","post","type-post","status-publish","format-standard","has-post-thumbnail","hentry","category-cdp","category-provinciales"],"jetpack_featured_media_url":"https:\/\/atecordoba.org\/wp-content\/uploads\/2022\/01\/06_01_21_PedidoCardozo.jpg","_links":{"self":[{"href":"https:\/\/atecordoba.org\/index.php?rest_route=\/wp\/v2\/posts\/29594","targetHints":{"allow":["GET"]}}],"collection":[{"href":"https:\/\/atecordoba.org\/index.php?rest_route=\/wp\/v2\/posts"}],"about":[{"href":"https:\/\/atecordoba.org\/index.php?rest_route=\/wp\/v2\/types\/post"}],"author":[{"embeddable":true,"href":"https:\/\/atecordoba.org\/index.php?rest_route=\/wp\/v2\/users\/6"}],"replies":[{"embeddable":true,"href":"https:\/\/atecordoba.org\/index.php?rest_route=%2Fwp%2Fv2%2Fcomments&post=29594"}],"version-history":[{"count":3,"href":"https:\/\/atecordoba.org\/index.php?rest_route=\/wp\/v2\/posts\/29594\/revisions"}],"predecessor-version":[{"id":29605,"href":"https:\/\/atecordoba.org\/index.php?rest_route=\/wp\/v2\/posts\/29594\/revisions\/29605"}],"wp:featuredmedia":[{"embeddable":true,"href":"https:\/\/atecordoba.org\/index.php?rest_route=\/wp\/v2\/media\/29597"}],"wp:attachment":[{"href":"https:\/\/atecordoba.org\/index.php?rest_route=%2Fwp%2Fv2%2Fmedia&parent=29594"}],"wp:term":[{"taxonomy":"category","embeddable":true,"href":"https:\/\/atecordoba.org\/index.php?rest_route=%2Fwp%2Fv2%2Fcategories&post=29594"},{"taxonomy":"post_tag","embeddable":true,"href":"https:\/\/atecordoba.org\/index.php?rest_route=%2Fwp%2Fv2%2Ftags&post=29594"}],"curies":[{"name":"wp","href":"https:\/\/api.w.org\/{rel}","templated":true}]}}