{"id":29561,"date":"2021-12-30T15:28:31","date_gmt":"2021-12-30T18:28:31","guid":{"rendered":"https:\/\/atecordoba.org\/?p=29561"},"modified":"2021-12-30T15:31:56","modified_gmt":"2021-12-30T18:31:56","slug":"unidad-obrero-estudiantil-frente-al-saqueo","status":"publish","type":"post","link":"https:\/\/atecordoba.org\/?p=29561","title":{"rendered":"Unidad obrero estudiantil frente al saqueo"},"content":{"rendered":"\n<div class=\"wp-block-image\"><figure class=\"alignleft size-large is-resized\"><img decoding=\"async\" src=\"https:\/\/atecordoba.org\/wp-content\/uploads\/2021\/12\/memoria-del-saqueo.jpg\" alt=\"\" class=\"wp-image-29563\" height=\"600\" \/><\/figure><\/div>\n\n\n\n<p>En el marco de las actividades de homenaje a la resistencia popular del19 y 29 de 2001, desde la Federaci\u00f3n Universitaria de C\u00f3rdoba (FUC) se llev\u00f3 a cabo la proyecci\u00f3n de la pel\u00edcula Memorias del Saqueo, del director y militante popular Fernando Pino Solanas.<\/p>\n\n\n\n<p>Roc\u00edo Sampietro, secretaria Relaciones Obrero-Estudiantil de la FUC, cont\u00f3 al programa radial Entre Todos y Todas, que la Secretaria de Prensa de ATE C\u00f3rdoba emite por GEN FM107.5, los motivos de la convocatoria y repas\u00f3 la actualidad de la realidad de las y los estudiantes universitarios, en perspectiva al retorno de clases presenciales en 2022. <\/p>\n\n\n\n<p>&#8220;La la sobre proyecci\u00f3n de &#8220;Memorias del Saqueo&#8221;, en el marco del 20 aniversario del 19 y 20 de diciembre de 2001 y contra el pago de los US$ 1800 millones que venc\u00edan el 22\/12.<\/p>\n\n\n\n<p>Sampietro, estudiante de arquitectura, dijo que las proyecci\u00f3n del film se realiz\u00f3 &#8220;en el marco del 20 aniversario del 19 y 20 de diciembre de 2001 y contra el pago de los US$ 1800 millones que venc\u00edan el 22 de diciembre pasado&#8221;.<\/p>\n\n\n\n<p>En tal sentido, se realiz\u00f3 una vigilia contra dicho pago. &#8220;La pel\u00edcula dispara el debate sobre el pago de la deuda externa, fue una buena oportunidad para poder articular entre estudiantes y trabajadores organizados, debatiendo en qu\u00e9 situaci\u00f3n estamos ahora y su relaci\u00f3n con el 2001&#8221;, asegur\u00f3 la dirigente estudiantil.<\/p>\n\n\n\n<p>&#8220;Nos planteamos como objetivo construir una posici\u00f3n soberana y popular frente a las corporaciones, que son las que estuvieron detr\u00e1s del endeudamiento desquiciado que sufrimos durante el macrismo&#8221;, afirm\u00f3 Sampietro. <\/p>\n\n\n\n<p><strong>Agenda social estudiantil<\/strong><\/p>\n\n\n\n<p>Por otro lado, desde el punto de vista gremial estudiantil, Sampietro se\u00f1al\u00f3 que &#8220;planteamos la necesidad para el 2022 de una presencialidad cuidada. El Comedor Universitario estuvo cerrado durante 2021, utilizado como vacunatorio, cosa que est\u00e1 muy bien, pero de cara al a\u00f1o que viene tenemos que volver a garantizar que el estudiantado pueda volver a usar ese espacio con su objetivo original. Tampoco estuvo funcionando el boleto educativo, ni las becas propias de cada facultad&#8221;.<\/p>\n\n\n\n<div class=\"wp-block-image\"><figure class=\"aligncenter size-large is-resized\"><img loading=\"lazy\" decoding=\"async\" src=\"https:\/\/atecordoba.org\/wp-content\/uploads\/2021\/12\/WhatsApp-Image-2021-12-21-at-19.32.33-1-1024x640.jpeg\" alt=\"\" class=\"wp-image-29564\" width=\"768\" height=\"480\" srcset=\"https:\/\/atecordoba.org\/wp-content\/uploads\/2021\/12\/WhatsApp-Image-2021-12-21-at-19.32.33-1-1024x640.jpeg 1024w, https:\/\/atecordoba.org\/wp-content\/uploads\/2021\/12\/WhatsApp-Image-2021-12-21-at-19.32.33-1-300x188.jpeg 300w, https:\/\/atecordoba.org\/wp-content\/uploads\/2021\/12\/WhatsApp-Image-2021-12-21-at-19.32.33-1-768x480.jpeg 768w, https:\/\/atecordoba.org\/wp-content\/uploads\/2021\/12\/WhatsApp-Image-2021-12-21-at-19.32.33-1-750x469.jpeg 750w, https:\/\/atecordoba.org\/wp-content\/uploads\/2021\/12\/WhatsApp-Image-2021-12-21-at-19.32.33-1-1140x713.jpeg 1140w, https:\/\/atecordoba.org\/wp-content\/uploads\/2021\/12\/WhatsApp-Image-2021-12-21-at-19.32.33-1.jpeg 1280w\" sizes=\"auto, (max-width: 768px) 100vw, 768px\" \/><\/figure><\/div>\n\n\n\n<p>&#8220;Adem\u00e1s, complet\u00f3, hay un grave problema relacionado con la vivienda de los universitarios en C\u00f3rdoba: muchos de las y los estudiantes que no son de C\u00f3rdoba capital debieron volver a sus lugares de origen, dejando sus viviendas que estaban alquiladas y este a\u00f1o que viene, para retomar la actividad y volver a alquilar, se nota la especulaci\u00f3n inmobiliaria, con precios muy desfasados en relaci\u00f3n a los sueldos y las becas, que sean recortado, y hay que tener en cuenta que en la UNC no hay residencias universitarias&#8221;.<\/p>\n","protected":false},"excerpt":{"rendered":"<p>En el marco de las actividades de homenaje a la resistencia popular del19 y 29 de 2001, desde la Federaci\u00f3n Universitaria de C\u00f3rdoba (FUC) se llev\u00f3 a cabo la proyecci\u00f3n de la pel\u00edcula Memorias del Saqueo, del director y militante popular Fernando Pino Solanas. Roc\u00edo Sampietro, secretaria Relaciones Obrero-Estudiantil de la FUC, cont\u00f3 al programa [&hellip;]<\/p>\n","protected":false},"author":7,"featured_media":29563,"comment_status":"open","ping_status":"open","sticky":false,"template":"","format":"standard","meta":{"_exactmetrics_skip_tracking":false,"_exactmetrics_sitenote_active":false,"_exactmetrics_sitenote_note":"","_exactmetrics_sitenote_category":0,"jnews-multi-image_gallery":[],"jnews_single_post":{"subtitle":"La Federaci\u00f3n Universitaria proyect\u00f3 la pel\u00edcula Memorias del Saqueo en el marco de los homenajes por el 19 y 20 de diciembre del 2001.","format":"standard","video":"","gallery":"","source_name":"","source_url":"","via_name":"","via_url":"","override":[{"template":"1","single_blog_custom":"","parallax":"1","fullscreen":"1","layout":"right-sidebar","sidebar":"default-sidebar","second_sidebar":"default-sidebar","sticky_sidebar":"1","share_position":"top","share_float_style":"share-monocrhome","show_share_counter":"1","show_view_counter":"1","show_featured":"1","show_post_meta":"1","show_post_author":"1","show_post_author_image":"1","show_post_date":"1","post_date_format":"default","post_date_format_custom":"Y\/m\/d","show_post_category":"1","post_reading_time_wpm":"300","zoom_button_out_step":"2","zoom_button_in_step":"3","show_post_tag":"1","show_prev_next_post":"1","show_popup_post":"1","number_popup_post":"1"}],"image_override":[{"single_post_thumbnail_size":"crop-500","single_post_gallery_size":"crop-500"}],"trending_post_position":"meta","trending_post_label":"Trending","sponsored_post_label":"Sponsored by","sponsored_post_name":"","sponsored_post_url":"","sponsored_post_logo":"","sponsored_post_desc":""},"jnews_primary_category":{"id":""},"jnews_social_meta":[],"jnews_review":[],"enable_review":"","type":"","name":"","summary":"","brand":"","sku":"","good":[],"bad":[],"score_override":"","override_value":"","rating":[],"price":[],"jnews_override_counter":[],"jnews_post_split":[],"footnotes":""},"categories":[10],"tags":[998],"class_list":["post-29561","post","type-post","status-publish","format-standard","has-post-thumbnail","hentry","category-accion-politica","tag-memoria-del-saqueo"],"jetpack_featured_media_url":"https:\/\/atecordoba.org\/wp-content\/uploads\/2021\/12\/memoria-del-saqueo-e1640888593160.jpg","_links":{"self":[{"href":"https:\/\/atecordoba.org\/index.php?rest_route=\/wp\/v2\/posts\/29561","targetHints":{"allow":["GET"]}}],"collection":[{"href":"https:\/\/atecordoba.org\/index.php?rest_route=\/wp\/v2\/posts"}],"about":[{"href":"https:\/\/atecordoba.org\/index.php?rest_route=\/wp\/v2\/types\/post"}],"author":[{"embeddable":true,"href":"https:\/\/atecordoba.org\/index.php?rest_route=\/wp\/v2\/users\/7"}],"replies":[{"embeddable":true,"href":"https:\/\/atecordoba.org\/index.php?rest_route=%2Fwp%2Fv2%2Fcomments&post=29561"}],"version-history":[{"count":1,"href":"https:\/\/atecordoba.org\/index.php?rest_route=\/wp\/v2\/posts\/29561\/revisions"}],"predecessor-version":[{"id":29565,"href":"https:\/\/atecordoba.org\/index.php?rest_route=\/wp\/v2\/posts\/29561\/revisions\/29565"}],"wp:featuredmedia":[{"embeddable":true,"href":"https:\/\/atecordoba.org\/index.php?rest_route=\/wp\/v2\/media\/29563"}],"wp:attachment":[{"href":"https:\/\/atecordoba.org\/index.php?rest_route=%2Fwp%2Fv2%2Fmedia&parent=29561"}],"wp:term":[{"taxonomy":"category","embeddable":true,"href":"https:\/\/atecordoba.org\/index.php?rest_route=%2Fwp%2Fv2%2Fcategories&post=29561"},{"taxonomy":"post_tag","embeddable":true,"href":"https:\/\/atecordoba.org\/index.php?rest_route=%2Fwp%2Fv2%2Ftags&post=29561"}],"curies":[{"name":"wp","href":"https:\/\/api.w.org\/{rel}","templated":true}]}}