{"id":29556,"date":"2021-12-30T13:34:31","date_gmt":"2021-12-30T16:34:31","guid":{"rendered":"https:\/\/atecordoba.org\/?p=29556"},"modified":"2021-12-30T13:35:46","modified_gmt":"2021-12-30T16:35:46","slug":"inspeccion-en-la-unidad-geriatrica-de-la-fuerza-aerea","status":"publish","type":"post","link":"https:\/\/atecordoba.org\/?p=29556","title":{"rendered":"Inspecci\u00f3n en la Unidad Geri\u00e1trica de la Fuerza A\u00e9rea"},"content":{"rendered":"\n<div class=\"wp-block-image\"><figure class=\"aligncenter size-large is-resized\"><img loading=\"lazy\" decoding=\"async\" src=\"https:\/\/atecordoba.org\/wp-content\/uploads\/2021\/12\/Residencia-Geriatrica-Guarnicion-Aerea-Cordoba-1-1024x599.jpg\" alt=\"\" class=\"wp-image-29558\" width=\"768\" height=\"449\" \/><\/figure><\/div>\n\n\n\n<p>El Departamento de Salud Laboral del Consejo Directivo Provincial realiz\u00f3 ayer un relevamiento en la Residencia Geri\u00e1trica Guarnici\u00f3n A\u00e9rea C\u00f3rdoba, ubicada en la Ruta 20 km 7.<\/p>\n\n\n\n<p>En la oportunidad Javier Bracamonte, integrante del Departamento, mantuvo una reuni\u00f3n con la jefatura del lugar y recorri\u00f3 las instalaciones.<\/p>\n\n\n\n<p>&#8220;Pudimos pudo constatar que el organismo est\u00e1 trabajando para la mejora de los espacios f\u00edsicos para un mejor ambiente laboral. Se est\u00e1 aplicando el protocolo Covid al 100%, con la carteler\u00eda correspondiente en cada ingreso, dependencias, oficinas y \u00e1reas de internaci\u00f3n&#8221;, destac\u00f3 Bracamonte.<\/p>\n\n\n\n<p>ATE inform\u00f3 a los funcionarios de \u00e1rea que se realizar\u00e1 una asamblea para intercambiar informaci\u00f3n con las y los trabajadores a nivel laboral, al tiempo que Bracamonte destac\u00f3 la resalt\u00f3 de los responsables del sector para mantener un di\u00e1logo abierto para generar mejoras en el lugar.<\/p>\n","protected":false},"excerpt":{"rendered":"<p>El Departamento de Salud Laboral del Consejo Directivo Provincial realiz\u00f3 ayer un relevamiento en la Residencia Geri\u00e1trica Guarnici\u00f3n A\u00e9rea C\u00f3rdoba, ubicada en la Ruta 20 km 7. En la oportunidad Javier Bracamonte, integrante del Departamento, mantuvo una reuni\u00f3n con la jefatura del lugar y recorri\u00f3 las instalaciones. &#8220;Pudimos pudo constatar que el organismo est\u00e1 trabajando [&hellip;]<\/p>\n","protected":false},"author":7,"featured_media":29558,"comment_status":"open","ping_status":"open","sticky":false,"template":"","format":"standard","meta":{"_exactmetrics_skip_tracking":false,"_exactmetrics_sitenote_active":false,"_exactmetrics_sitenote_note":"","_exactmetrics_sitenote_category":0,"jnews-multi-image_gallery":[],"jnews_single_post":{"subtitle":"ATE inform\u00f3 a los funcionarios de \u00e1rea que se realizar\u00e1 una asamblea para intercambiar informaci\u00f3n con las y los trabajadores a nivel laboral","format":"standard","video":"","gallery":"","source_name":"","source_url":"","via_name":"","via_url":"","override":[{"template":"1","single_blog_custom":"","parallax":"1","fullscreen":"1","layout":"right-sidebar","sidebar":"default-sidebar","second_sidebar":"default-sidebar","sticky_sidebar":"1","share_position":"top","share_float_style":"share-monocrhome","show_share_counter":"1","show_view_counter":"1","show_featured":"1","show_post_meta":"1","show_post_author":"1","show_post_author_image":"1","show_post_date":"1","post_date_format":"default","post_date_format_custom":"Y\/m\/d","show_post_category":"1","post_reading_time_wpm":"300","zoom_button_out_step":"2","zoom_button_in_step":"3","show_post_tag":"1","show_prev_next_post":"1","show_popup_post":"1","number_popup_post":"1"}],"image_override":[{"single_post_thumbnail_size":"crop-500","single_post_gallery_size":"crop-500"}],"trending_post_position":"meta","trending_post_label":"Trending","sponsored_post_label":"Sponsored by","sponsored_post_name":"","sponsored_post_url":"","sponsored_post_logo":"","sponsored_post_desc":""},"jnews_primary_category":{"id":""},"jnews_social_meta":[],"jnews_review":[],"enable_review":"","type":"","name":"","summary":"","brand":"","sku":"","good":[],"bad":[],"score_override":"","override_value":"","rating":[],"price":[],"jnews_override_counter":[],"jnews_post_split":[],"footnotes":""},"categories":[104],"tags":[997],"class_list":["post-29556","post","type-post","status-publish","format-standard","has-post-thumbnail","hentry","category-departamento-de-salud","tag-residencia-geriatrica-guarnicion-aerea-cordoba"],"jetpack_featured_media_url":"https:\/\/atecordoba.org\/wp-content\/uploads\/2021\/12\/Residencia-Geriatrica-Guarnicion-Aerea-Cordoba-1-e1640882062488.jpg","_links":{"self":[{"href":"https:\/\/atecordoba.org\/index.php?rest_route=\/wp\/v2\/posts\/29556","targetHints":{"allow":["GET"]}}],"collection":[{"href":"https:\/\/atecordoba.org\/index.php?rest_route=\/wp\/v2\/posts"}],"about":[{"href":"https:\/\/atecordoba.org\/index.php?rest_route=\/wp\/v2\/types\/post"}],"author":[{"embeddable":true,"href":"https:\/\/atecordoba.org\/index.php?rest_route=\/wp\/v2\/users\/7"}],"replies":[{"embeddable":true,"href":"https:\/\/atecordoba.org\/index.php?rest_route=%2Fwp%2Fv2%2Fcomments&post=29556"}],"version-history":[{"count":2,"href":"https:\/\/atecordoba.org\/index.php?rest_route=\/wp\/v2\/posts\/29556\/revisions"}],"predecessor-version":[{"id":29560,"href":"https:\/\/atecordoba.org\/index.php?rest_route=\/wp\/v2\/posts\/29556\/revisions\/29560"}],"wp:featuredmedia":[{"embeddable":true,"href":"https:\/\/atecordoba.org\/index.php?rest_route=\/wp\/v2\/media\/29558"}],"wp:attachment":[{"href":"https:\/\/atecordoba.org\/index.php?rest_route=%2Fwp%2Fv2%2Fmedia&parent=29556"}],"wp:term":[{"taxonomy":"category","embeddable":true,"href":"https:\/\/atecordoba.org\/index.php?rest_route=%2Fwp%2Fv2%2Fcategories&post=29556"},{"taxonomy":"post_tag","embeddable":true,"href":"https:\/\/atecordoba.org\/index.php?rest_route=%2Fwp%2Fv2%2Ftags&post=29556"}],"curies":[{"name":"wp","href":"https:\/\/api.w.org\/{rel}","templated":true}]}}