{"id":29550,"date":"2021-12-30T12:57:32","date_gmt":"2021-12-30T15:57:32","guid":{"rendered":"https:\/\/atecordoba.org\/?p=29550"},"modified":"2021-12-30T12:59:41","modified_gmt":"2021-12-30T15:59:41","slug":"giuliani-presento-el-convenio-estival-de-ate-con-el-club-germinar-ex-club-fiat","status":"publish","type":"post","link":"https:\/\/atecordoba.org\/?p=29550","title":{"rendered":"Giuliani present\u00f3 el convenio estival de ATE con el Club Germinar (ex Club FIAT)"},"content":{"rendered":"\n<figure class=\"wp-block-embed is-type-video is-provider-youtube wp-block-embed-youtube wp-embed-aspect-16-9 wp-has-aspect-ratio\"><div class=\"wp-block-embed__wrapper\">\n<div class=\"epyt-video-wrapper\"><iframe loading=\"lazy\"  style=\"display: block; margin: 0px auto;\"  id=\"_ytid_37070\"  width=\"480\" height=\"270\"  data-origwidth=\"480\" data-origheight=\"270\" src=\"https:\/\/www.youtube.com\/embed\/PCiKnhOpnYc?enablejsapi=1&#038;autoplay=0&#038;cc_load_policy=0&#038;cc_lang_pref=&#038;iv_load_policy=3&#038;loop=0&#038;rel=0&#038;fs=1&#038;playsinline=0&#038;autohide=2&#038;theme=dark&#038;color=red&#038;controls=1&#038;disablekb=0&#038;\" class=\"__youtube_prefs__  epyt-is-override  no-lazyload\" title=\"YouTube player\"  allow=\"fullscreen; accelerometer; autoplay; clipboard-write; encrypted-media; gyroscope; picture-in-picture; web-share\" referrerpolicy=\"strict-origin-when-cross-origin\" allowfullscreen data-no-lazy=\"1\" data-skipgform_ajax_framebjll=\"\"><\/iframe><\/div>\n<\/div><\/figure>\n\n\n\n<p>En el marco de propuesta de acci\u00f3n social que el Consejo Directivo Provincial (CDP) ofrece a las y los afiliados de ATE, nuestro secretario General, Federico Giuliani, anunci\u00f3 la firma de un convenio entre el CDP y el Club Germinar (ex Club FIAT), ubicado en Camino a 60 Cuadras 11 de Septiembre 4187, para que los estatales puedan disfrutar de este verano de manera gratuita.<\/p>\n\n\n\n<p>Germinar es una instituci\u00f3n que ofrece una propuesta como Parque Educativo Verde, donde a trav\u00e9s de distintas experiencias nuestros visitantes conocer\u00e1n sobre la evoluci\u00f3n de nuestro planeta y sus principales especies, energ\u00edas renovables y disfrutar\u00e1n de un importante circuito de actividades recreativo. El club cuenta con una muy importante pileta para el disfrute de todas la familia, un predio natural muy bien cuidado y salones para actividades, adem\u00e1s del circuito ecol\u00f3gico para grandes y chicos.<\/p>\n\n\n\n<div class=\"wp-block-image\"><figure class=\"alignright size-large is-resized\"><img loading=\"lazy\" decoding=\"async\" src=\"https:\/\/atecordoba.org\/wp-content\/uploads\/2021\/12\/club-germinar-1024x576.jpg\" alt=\"\" class=\"wp-image-29551\" width=\"512\" height=\"288\" \/><\/figure><\/div>\n\n\n\n<p>A la hora de valorar el convenio, Giuliani destac\u00f3 &#8220;la importancia de mancomunar esfuerzos entre las diferentes organizaciones de nuestra comunidad, en este caso entre el club y el sindicato trayendo afiliados en un momento muy dif\u00edcil de pandemia. Nadie la est\u00e1 pasando bien y para nosotros firmar este convenio resalta la importancia que tiene la acci\u00f3n social para ATE. Somos lucha pero tambi\u00e9n gesti\u00f3n&#8221;.<\/p>\n\n\n\n<p>El dirigente dijo que &#8220;es un predio hermoso, un pulm\u00f3n verde enclavado en la ciudad, a 15 minutos del centro, con una pileta incre\u00edble y con una propuesta tem\u00e1tica para conocer las especies de \u00e1rboles aut\u00f3ctonos&#8221;.<\/p>\n\n\n\n<p>Giuliani detall\u00f3 la utilizaci\u00f3n del club es gratuita para las y los afiliados de ATE y su grupo familiar, con descuentos para la escuela de verano. &#8220;Quienes&nbsp; no se afiliaron ap\u00farense para ser beneficiarios de este hermoso convenio&#8221;, agreg\u00f3.<\/p>\n\n\n\n<p><strong>Merecido descanso<\/strong><\/p>\n\n\n\n<p>El dirigente resalt\u00f3 tambi\u00e9n que &#8220;en momentos muy dif\u00edciles que venimos viviendo como trabajadoras y trabajadores estatales &nbsp;-sea nacional, provincial o municipal- sostuvimos los servicios del Estado, garantizando derechos de la poblaci\u00f3n, en la primera l\u00ednea de combate contra la pandemia y fuimos declarados esenciales. Por eso nos merecemos un descanso&#8221;.<\/p>\n\n\n\n<blockquote class=\"wp-block-quote is-layout-flow wp-block-quote-is-layout-flow\"><p>&#8220;Adem\u00e1s, tenemos un cierre de a\u00f1o muy complejo, que nos va a impedir salir a otros destinos a vacacionar, por lo cual si viv\u00eds en C\u00f3rdoba Capital la mejor opci\u00f3n es compartir en familia &nbsp;en el club, ir a la pileta, comer un asado y tomar unos mates en el predio, desconectarse y descansar para programar el a\u00f1o que viene, que va a ser muy dif\u00edcil&#8221;.<\/p><\/blockquote>\n\n\n\n<p>&#8220;Para quienes&nbsp; estamos a cargo de este sindicato nos parece muy importante firmar este convenio y se demuestra &nbsp;que hay que seguir ampliando nuestro radio de alcance en la acci\u00f3n social. Estamos permanentemente en los puestos de trabajo, marchando, haciendo asamblea, en la pelea contra el Estado empleador que no garantiza las condiciones m\u00ednimas de trabajo, pero tambi\u00e9n queremos que nuestros compa\u00f1eros y compa\u00f1eras tengan el espacio recreativo, que&nbsp; disfruten, que descansen, porque en definitiva el ser humano es una integralidad que tiene parte que lucha y parte que descansa. A este predio hay que usarlo&#8221;, concluy\u00f3 el secretario General.<\/p>\n\n\n\n<figure class=\"wp-block-gallery columns-2 is-cropped wp-block-gallery-1 is-layout-flex wp-block-gallery-is-layout-flex\"><ul class=\"blocks-gallery-grid\"><li class=\"blocks-gallery-item\"><figure><a href=\"https:\/\/atecordoba.org\/wp-content\/uploads\/2021\/12\/club-germinar-3.jpg\"><img loading=\"lazy\" decoding=\"async\" width=\"1024\" height=\"1024\" src=\"https:\/\/atecordoba.org\/wp-content\/uploads\/2021\/12\/club-germinar-3-1024x1024.jpg\" alt=\"\" data-id=\"29552\" data-full-url=\"https:\/\/atecordoba.org\/wp-content\/uploads\/2021\/12\/club-germinar-3.jpg\" data-link=\"https:\/\/atecordoba.org\/?attachment_id=29552\" class=\"wp-image-29552\" srcset=\"https:\/\/atecordoba.org\/wp-content\/uploads\/2021\/12\/club-germinar-3-1024x1024.jpg 1024w, https:\/\/atecordoba.org\/wp-content\/uploads\/2021\/12\/club-germinar-3-300x300.jpg 300w, https:\/\/atecordoba.org\/wp-content\/uploads\/2021\/12\/club-germinar-3-150x150.jpg 150w, https:\/\/atecordoba.org\/wp-content\/uploads\/2021\/12\/club-germinar-3-768x767.jpg 768w, https:\/\/atecordoba.org\/wp-content\/uploads\/2021\/12\/club-germinar-3-560x560.jpg 560w, https:\/\/atecordoba.org\/wp-content\/uploads\/2021\/12\/club-germinar-3-75x75.jpg 75w, https:\/\/atecordoba.org\/wp-content\/uploads\/2021\/12\/club-germinar-3-350x350.jpg 350w, https:\/\/atecordoba.org\/wp-content\/uploads\/2021\/12\/club-germinar-3-750x749.jpg 750w, https:\/\/atecordoba.org\/wp-content\/uploads\/2021\/12\/club-germinar-3-1140x1139.jpg 1140w, https:\/\/atecordoba.org\/wp-content\/uploads\/2021\/12\/club-germinar-3.jpg 1440w\" sizes=\"auto, (max-width: 1024px) 100vw, 1024px\" \/><\/a><\/figure><\/li><li class=\"blocks-gallery-item\"><figure><a href=\"https:\/\/atecordoba.org\/wp-content\/uploads\/2021\/12\/club-germinar-2.jpg\"><img loading=\"lazy\" decoding=\"async\" width=\"1024\" height=\"1024\" src=\"https:\/\/atecordoba.org\/wp-content\/uploads\/2021\/12\/club-germinar-2-1024x1024.jpg\" alt=\"\" data-id=\"29553\" data-full-url=\"https:\/\/atecordoba.org\/wp-content\/uploads\/2021\/12\/club-germinar-2.jpg\" data-link=\"https:\/\/atecordoba.org\/?attachment_id=29553\" class=\"wp-image-29553\" srcset=\"https:\/\/atecordoba.org\/wp-content\/uploads\/2021\/12\/club-germinar-2-1024x1024.jpg 1024w, https:\/\/atecordoba.org\/wp-content\/uploads\/2021\/12\/club-germinar-2-300x300.jpg 300w, https:\/\/atecordoba.org\/wp-content\/uploads\/2021\/12\/club-germinar-2-150x150.jpg 150w, https:\/\/atecordoba.org\/wp-content\/uploads\/2021\/12\/club-germinar-2-768x768.jpg 768w, https:\/\/atecordoba.org\/wp-content\/uploads\/2021\/12\/club-germinar-2-560x560.jpg 560w, https:\/\/atecordoba.org\/wp-content\/uploads\/2021\/12\/club-germinar-2-75x75.jpg 75w, https:\/\/atecordoba.org\/wp-content\/uploads\/2021\/12\/club-germinar-2-350x350.jpg 350w, https:\/\/atecordoba.org\/wp-content\/uploads\/2021\/12\/club-germinar-2-750x750.jpg 750w, https:\/\/atecordoba.org\/wp-content\/uploads\/2021\/12\/club-germinar-2-1140x1140.jpg 1140w, https:\/\/atecordoba.org\/wp-content\/uploads\/2021\/12\/club-germinar-2.jpg 1440w\" sizes=\"auto, (max-width: 1024px) 100vw, 1024px\" \/><\/a><\/figure><\/li><\/ul><\/figure>\n","protected":false},"excerpt":{"rendered":"<p>En el marco de propuesta de acci\u00f3n social que el Consejo Directivo Provincial (CDP) ofrece a las y los afiliados de ATE, nuestro secretario General, Federico Giuliani, anunci\u00f3 la firma de un convenio entre el CDP y el Club Germinar (ex Club FIAT), ubicado en Camino a 60 Cuadras 11 de Septiembre 4187, para que [&hellip;]<\/p>\n","protected":false},"author":7,"featured_media":29551,"comment_status":"open","ping_status":"open","sticky":false,"template":"","format":"standard","meta":{"_exactmetrics_skip_tracking":false,"_exactmetrics_sitenote_active":false,"_exactmetrics_sitenote_note":"","_exactmetrics_sitenote_category":0,"jnews-multi-image_gallery":[],"jnews_single_post":{"subtitle":"El convenio establece la utilizaci\u00f3n gratuita del club para las y los afiliados y su grupo familiar, as\u00ed como descuentos en la escuela de verano y en el alquiler de salones para cumplea\u00f1os y eventos. ","format":"standard","video":"","gallery":"","source_name":"","source_url":"","via_name":"","via_url":"","override":[{"template":"1","single_blog_custom":"","parallax":"1","fullscreen":"1","layout":"right-sidebar","sidebar":"default-sidebar","second_sidebar":"default-sidebar","sticky_sidebar":"1","share_position":"top","share_float_style":"share-monocrhome","show_share_counter":"1","show_view_counter":"1","show_featured":"1","show_post_meta":"1","show_post_author":"1","show_post_author_image":"1","show_post_date":"1","post_date_format":"default","post_date_format_custom":"Y\/m\/d","show_post_category":"1","post_reading_time_wpm":"300","zoom_button_out_step":"2","zoom_button_in_step":"3","show_post_tag":"1","show_prev_next_post":"1","show_popup_post":"1","number_popup_post":"1"}],"image_override":[{"single_post_thumbnail_size":"crop-500","single_post_gallery_size":"crop-500"}],"trending_post_position":"meta","trending_post_label":"Trending","sponsored_post_label":"Sponsored by","sponsored_post_name":"","sponsored_post_url":"","sponsored_post_logo":"","sponsored_post_desc":""},"jnews_primary_category":{"id":""},"jnews_social_meta":[],"jnews_review":[],"enable_review":"","type":"","name":"","summary":"","brand":"","sku":"","good":[],"bad":[],"score_override":"","override_value":"","rating":[],"price":[],"jnews_override_counter":[],"jnews_post_split":[],"footnotes":""},"categories":[75],"tags":[996],"class_list":["post-29550","post","type-post","status-publish","format-standard","has-post-thumbnail","hentry","category-accion-social","tag-convenio-club-germinar"],"jetpack_featured_media_url":"https:\/\/atecordoba.org\/wp-content\/uploads\/2021\/12\/club-germinar-e1640879843357.jpg","_links":{"self":[{"href":"https:\/\/atecordoba.org\/index.php?rest_route=\/wp\/v2\/posts\/29550","targetHints":{"allow":["GET"]}}],"collection":[{"href":"https:\/\/atecordoba.org\/index.php?rest_route=\/wp\/v2\/posts"}],"about":[{"href":"https:\/\/atecordoba.org\/index.php?rest_route=\/wp\/v2\/types\/post"}],"author":[{"embeddable":true,"href":"https:\/\/atecordoba.org\/index.php?rest_route=\/wp\/v2\/users\/7"}],"replies":[{"embeddable":true,"href":"https:\/\/atecordoba.org\/index.php?rest_route=%2Fwp%2Fv2%2Fcomments&post=29550"}],"version-history":[{"count":2,"href":"https:\/\/atecordoba.org\/index.php?rest_route=\/wp\/v2\/posts\/29550\/revisions"}],"predecessor-version":[{"id":29555,"href":"https:\/\/atecordoba.org\/index.php?rest_route=\/wp\/v2\/posts\/29550\/revisions\/29555"}],"wp:featuredmedia":[{"embeddable":true,"href":"https:\/\/atecordoba.org\/index.php?rest_route=\/wp\/v2\/media\/29551"}],"wp:attachment":[{"href":"https:\/\/atecordoba.org\/index.php?rest_route=%2Fwp%2Fv2%2Fmedia&parent=29550"}],"wp:term":[{"taxonomy":"category","embeddable":true,"href":"https:\/\/atecordoba.org\/index.php?rest_route=%2Fwp%2Fv2%2Fcategories&post=29550"},{"taxonomy":"post_tag","embeddable":true,"href":"https:\/\/atecordoba.org\/index.php?rest_route=%2Fwp%2Fv2%2Ftags&post=29550"}],"curies":[{"name":"wp","href":"https:\/\/api.w.org\/{rel}","templated":true}]}}