{"id":29535,"date":"2021-12-29T14:07:59","date_gmt":"2021-12-29T17:07:59","guid":{"rendered":"https:\/\/atecordoba.org\/?p=29535"},"modified":"2021-12-29T14:16:54","modified_gmt":"2021-12-29T17:16:54","slug":"protesta-en-la-terminal-de-omnibus-por-un-despido-en-la-cnrt","status":"publish","type":"post","link":"https:\/\/atecordoba.org\/?p=29535","title":{"rendered":"Protesta en la Terminal de \u00d3mnibus por un despido en la CNRT"},"content":{"rendered":"\n<div class=\"wp-block-image\"><figure class=\"aligncenter size-large is-resized\"><img loading=\"lazy\" decoding=\"async\" src=\"https:\/\/atecordoba.org\/wp-content\/uploads\/2021\/12\/WhatsApp-Image-2021-12-29-at-13.47.32-1-1024x576.jpeg\" alt=\"\" class=\"wp-image-29536\" width=\"768\" height=\"432\" \/><\/figure><\/div>\n\n\n\n<p>ATE C\u00f3rdoba realiz\u00f3 hoy una protesta frente  a la delegaci\u00f3n local de la Comisi\u00f3n Nacional de Regulaci\u00f3n del Transporte (CNRT), dependiente del Ministerio de Transporte, por un despido arbitrario en el organismo, con un corte de media calzada en la Terminal de \u00d3mnibus, ante una nutrida presencia policial en el lugar.<\/p>\n\n\n\n<p>\u201cLamentablemente hay funcionarios que no tienen sensibilidad social, en una \u00e9poca muy sentida como el cierre de a\u00f1o nos enteramos la triste noticia que el titular de la delegaci\u00f3n local de la CNRT, Jorge Picca, puesto a dedo por Carlos Caserio, decidi\u00f3 despedir a un compa\u00f1ero contratado&#8221;, dijo a la prensa esta ma\u00f1ana el secretario General del Consejo Directivo Provincial de ATE, Federico Giuliani.<\/p>\n\n\n\n<p>&#8220;Esto muestra la gravedad que el Estado nacional siga teniendo trabajadores precarizados porque le genera las condiciones favorables para funcionarios que est\u00e1n de paso despiden trabajadores porque un d\u00eda se levantan y no les gusta su cara, sin causa ni motivo, o porque tiene que pagar favores pol\u00edticos en el lugar&#8221;, denunci\u00f3 Giuliani .<\/p>\n\n\n\n<p>ATE se present\u00f3 en la CNRT para reclamar que Picca reciba a nuestra organizaci\u00f3n, para retrotraer esta medida injusta, pero el funcionario ya hab\u00eda salido de vacaciones. &#8220;\u00c9l tiene mucha suerte. Es decir que el funcionario despide un trabajador y se toma vacaciones&#8221;, lament\u00f3 el dirigente.<\/p>\n\n\n\n<figure class=\"wp-block-gallery columns-4 is-cropped wp-block-gallery-1 is-layout-flex wp-block-gallery-is-layout-flex\"><ul class=\"blocks-gallery-grid\"><li class=\"blocks-gallery-item\"><figure><a href=\"https:\/\/atecordoba.org\/wp-content\/uploads\/2021\/12\/WhatsApp-Image-2021-12-29-at-13.47.32.jpeg\"><img loading=\"lazy\" decoding=\"async\" width=\"1024\" height=\"576\" src=\"https:\/\/atecordoba.org\/wp-content\/uploads\/2021\/12\/WhatsApp-Image-2021-12-29-at-13.47.32-1024x576.jpeg\" alt=\"\" data-id=\"29537\" data-full-url=\"https:\/\/atecordoba.org\/wp-content\/uploads\/2021\/12\/WhatsApp-Image-2021-12-29-at-13.47.32.jpeg\" data-link=\"https:\/\/atecordoba.org\/?attachment_id=29537\" class=\"wp-image-29537\" srcset=\"https:\/\/atecordoba.org\/wp-content\/uploads\/2021\/12\/WhatsApp-Image-2021-12-29-at-13.47.32-1024x576.jpeg 1024w, https:\/\/atecordoba.org\/wp-content\/uploads\/2021\/12\/WhatsApp-Image-2021-12-29-at-13.47.32-300x169.jpeg 300w, https:\/\/atecordoba.org\/wp-content\/uploads\/2021\/12\/WhatsApp-Image-2021-12-29-at-13.47.32-768x432.jpeg 768w, https:\/\/atecordoba.org\/wp-content\/uploads\/2021\/12\/WhatsApp-Image-2021-12-29-at-13.47.32-1536x864.jpeg 1536w, https:\/\/atecordoba.org\/wp-content\/uploads\/2021\/12\/WhatsApp-Image-2021-12-29-at-13.47.32-750x422.jpeg 750w, https:\/\/atecordoba.org\/wp-content\/uploads\/2021\/12\/WhatsApp-Image-2021-12-29-at-13.47.32-1140x641.jpeg 1140w, https:\/\/atecordoba.org\/wp-content\/uploads\/2021\/12\/WhatsApp-Image-2021-12-29-at-13.47.32.jpeg 1600w\" sizes=\"auto, (max-width: 1024px) 100vw, 1024px\" \/><\/a><\/figure><\/li><li class=\"blocks-gallery-item\"><figure><a href=\"https:\/\/atecordoba.org\/wp-content\/uploads\/2021\/12\/WhatsApp-Image-2021-12-29-at-13.47.33-1.jpeg\"><img loading=\"lazy\" decoding=\"async\" width=\"1024\" height=\"576\" src=\"https:\/\/atecordoba.org\/wp-content\/uploads\/2021\/12\/WhatsApp-Image-2021-12-29-at-13.47.33-1-1024x576.jpeg\" alt=\"\" data-id=\"29538\" data-full-url=\"https:\/\/atecordoba.org\/wp-content\/uploads\/2021\/12\/WhatsApp-Image-2021-12-29-at-13.47.33-1.jpeg\" data-link=\"https:\/\/atecordoba.org\/?attachment_id=29538\" class=\"wp-image-29538\" srcset=\"https:\/\/atecordoba.org\/wp-content\/uploads\/2021\/12\/WhatsApp-Image-2021-12-29-at-13.47.33-1-1024x576.jpeg 1024w, https:\/\/atecordoba.org\/wp-content\/uploads\/2021\/12\/WhatsApp-Image-2021-12-29-at-13.47.33-1-300x169.jpeg 300w, https:\/\/atecordoba.org\/wp-content\/uploads\/2021\/12\/WhatsApp-Image-2021-12-29-at-13.47.33-1-768x432.jpeg 768w, https:\/\/atecordoba.org\/wp-content\/uploads\/2021\/12\/WhatsApp-Image-2021-12-29-at-13.47.33-1-1536x864.jpeg 1536w, https:\/\/atecordoba.org\/wp-content\/uploads\/2021\/12\/WhatsApp-Image-2021-12-29-at-13.47.33-1-750x422.jpeg 750w, https:\/\/atecordoba.org\/wp-content\/uploads\/2021\/12\/WhatsApp-Image-2021-12-29-at-13.47.33-1-1140x641.jpeg 1140w, https:\/\/atecordoba.org\/wp-content\/uploads\/2021\/12\/WhatsApp-Image-2021-12-29-at-13.47.33-1.jpeg 1600w\" sizes=\"auto, (max-width: 1024px) 100vw, 1024px\" \/><\/a><\/figure><\/li><li class=\"blocks-gallery-item\"><figure><a href=\"https:\/\/atecordoba.org\/wp-content\/uploads\/2021\/12\/WhatsApp-Image-2021-12-29-at-13.47.33-2.jpeg\"><img loading=\"lazy\" decoding=\"async\" width=\"1024\" height=\"576\" src=\"https:\/\/atecordoba.org\/wp-content\/uploads\/2021\/12\/WhatsApp-Image-2021-12-29-at-13.47.33-2-1024x576.jpeg\" alt=\"\" data-id=\"29539\" data-full-url=\"https:\/\/atecordoba.org\/wp-content\/uploads\/2021\/12\/WhatsApp-Image-2021-12-29-at-13.47.33-2.jpeg\" data-link=\"https:\/\/atecordoba.org\/?attachment_id=29539\" class=\"wp-image-29539\" srcset=\"https:\/\/atecordoba.org\/wp-content\/uploads\/2021\/12\/WhatsApp-Image-2021-12-29-at-13.47.33-2-1024x576.jpeg 1024w, https:\/\/atecordoba.org\/wp-content\/uploads\/2021\/12\/WhatsApp-Image-2021-12-29-at-13.47.33-2-300x169.jpeg 300w, https:\/\/atecordoba.org\/wp-content\/uploads\/2021\/12\/WhatsApp-Image-2021-12-29-at-13.47.33-2-768x432.jpeg 768w, https:\/\/atecordoba.org\/wp-content\/uploads\/2021\/12\/WhatsApp-Image-2021-12-29-at-13.47.33-2-1536x864.jpeg 1536w, https:\/\/atecordoba.org\/wp-content\/uploads\/2021\/12\/WhatsApp-Image-2021-12-29-at-13.47.33-2-750x422.jpeg 750w, https:\/\/atecordoba.org\/wp-content\/uploads\/2021\/12\/WhatsApp-Image-2021-12-29-at-13.47.33-2-1140x641.jpeg 1140w, https:\/\/atecordoba.org\/wp-content\/uploads\/2021\/12\/WhatsApp-Image-2021-12-29-at-13.47.33-2.jpeg 1600w\" sizes=\"auto, (max-width: 1024px) 100vw, 1024px\" \/><\/a><\/figure><\/li><li class=\"blocks-gallery-item\"><figure><a href=\"https:\/\/atecordoba.org\/wp-content\/uploads\/2021\/12\/WhatsApp-Image-2021-12-29-at-13.47.34.jpeg\"><img loading=\"lazy\" decoding=\"async\" width=\"1024\" height=\"576\" src=\"https:\/\/atecordoba.org\/wp-content\/uploads\/2021\/12\/WhatsApp-Image-2021-12-29-at-13.47.34-1024x576.jpeg\" alt=\"\" data-id=\"29540\" data-full-url=\"https:\/\/atecordoba.org\/wp-content\/uploads\/2021\/12\/WhatsApp-Image-2021-12-29-at-13.47.34.jpeg\" data-link=\"https:\/\/atecordoba.org\/?attachment_id=29540\" class=\"wp-image-29540\" srcset=\"https:\/\/atecordoba.org\/wp-content\/uploads\/2021\/12\/WhatsApp-Image-2021-12-29-at-13.47.34-1024x576.jpeg 1024w, https:\/\/atecordoba.org\/wp-content\/uploads\/2021\/12\/WhatsApp-Image-2021-12-29-at-13.47.34-300x169.jpeg 300w, https:\/\/atecordoba.org\/wp-content\/uploads\/2021\/12\/WhatsApp-Image-2021-12-29-at-13.47.34-768x432.jpeg 768w, https:\/\/atecordoba.org\/wp-content\/uploads\/2021\/12\/WhatsApp-Image-2021-12-29-at-13.47.34-1536x864.jpeg 1536w, https:\/\/atecordoba.org\/wp-content\/uploads\/2021\/12\/WhatsApp-Image-2021-12-29-at-13.47.34-750x422.jpeg 750w, https:\/\/atecordoba.org\/wp-content\/uploads\/2021\/12\/WhatsApp-Image-2021-12-29-at-13.47.34-1140x641.jpeg 1140w, https:\/\/atecordoba.org\/wp-content\/uploads\/2021\/12\/WhatsApp-Image-2021-12-29-at-13.47.34.jpeg 1600w\" sizes=\"auto, (max-width: 1024px) 100vw, 1024px\" \/><\/a><\/figure><\/li><\/ul><\/figure>\n\n\n\n<p>&#8220;En una \u00e9poca de mucha actividad de transporte como es el verano, no solo se despide un compa\u00f1ero sino que adem\u00e1s sigue habiendo falta de personal, una pol\u00edtica que pensamos que se hab\u00eda terminado con el fin del macrismo y que no iba a continuar con el gobierno de Alberto Fern\u00e1ndez. Durante la gesti\u00f3n anterior se despidi\u00f3 a casi todo el personal del organismo y durante estos dos a\u00f1os logramos reincorporar a solo tres. Ahora Picca despide un trabajador, dej\u00e1ndolo en este fin de a\u00f1o en la angustia y la incertidumbre, junto a su familia&#8221;, arremeti\u00f3 Giuliani.<\/p>\n\n\n\n<p>El despedido, Roberto Monferre, tiene 56 a\u00f1os y le corresponde la tarea es fiscalizar la seguridad de los pasajeros. &#8220;Controlando a miles de pasajeros este a\u00f1o. Me contrataron por la pandemia y he cumplido sin faltar ni un solo d\u00eda&#8221;, explic\u00f3 el compa\u00f1ero.<\/p>\n\n\n\n<p><strong>Audiencia<\/strong><\/p>\n\n\n\n<p>Cabe se\u00f1alar que a \u00faltimo momento, mientras se realizaba la protesta, el delegado patronal de la CNRT convoc\u00f3 a ATE C\u00f3rdoba a una Audiencia la semana pr\u00f3xima para discutir el planteo de reincorporaci\u00f3n del trabajador despedido arbitrariamente.<\/p>\n","protected":false},"excerpt":{"rendered":"<p>ATE C\u00f3rdoba realiz\u00f3 hoy una protesta frente a la delegaci\u00f3n local de la Comisi\u00f3n Nacional de Regulaci\u00f3n del Transporte (CNRT), dependiente del Ministerio de Transporte, por un despido arbitrario en el organismo, con un corte de media calzada en la Terminal de \u00d3mnibus, ante una nutrida presencia policial en el lugar. \u201cLamentablemente hay funcionarios que [&hellip;]<\/p>\n","protected":false},"author":7,"featured_media":29536,"comment_status":"open","ping_status":"open","sticky":false,"template":"","format":"standard","meta":{"_exactmetrics_skip_tracking":false,"_exactmetrics_sitenote_active":false,"_exactmetrics_sitenote_note":"","_exactmetrics_sitenote_category":0,"jnews-multi-image_gallery":[],"jnews_single_post":{"subtitle":"El delegado del organismo en C\u00f3rdoba, Jorge Picca, le anunci\u00f3 al compa\u00f1ero que no le renovaba el contrato y se fue de vacaciones. Tras la protesta convoc\u00f3 a ATE a una audiencia para la semana que viene.","format":"standard","video":"","gallery":"","source_name":"","source_url":"","via_name":"","via_url":"","override":[{"template":"1","single_blog_custom":"","parallax":"1","fullscreen":"1","layout":"right-sidebar","sidebar":"default-sidebar","second_sidebar":"default-sidebar","sticky_sidebar":"1","share_position":"top","share_float_style":"share-monocrhome","show_share_counter":"1","show_view_counter":"1","show_featured":"1","show_post_meta":"1","show_post_author":"1","show_post_author_image":"1","show_post_date":"1","post_date_format":"default","post_date_format_custom":"Y\/m\/d","show_post_category":"1","post_reading_time_wpm":"300","zoom_button_out_step":"2","zoom_button_in_step":"3","show_post_tag":"1","show_prev_next_post":"1","show_popup_post":"1","number_popup_post":"1"}],"image_override":[{"single_post_thumbnail_size":"crop-500","single_post_gallery_size":"crop-500"}],"trending_post_position":"meta","trending_post_label":"Trending","sponsored_post_label":"Sponsored by","sponsored_post_name":"","sponsored_post_url":"","sponsored_post_logo":"","sponsored_post_desc":""},"jnews_primary_category":{"id":""},"jnews_social_meta":[],"jnews_review":[],"enable_review":"","type":"","name":"","summary":"","brand":"","sku":"","good":[],"bad":[],"score_override":"","override_value":"","rating":[],"price":[],"jnews_override_counter":[],"jnews_post_split":[],"footnotes":""},"categories":[18],"tags":[793,539],"class_list":["post-29535","post","type-post","status-publish","format-standard","has-post-thumbnail","hentry","category-nacionales","tag-cnrt","tag-despido"],"jetpack_featured_media_url":"https:\/\/atecordoba.org\/wp-content\/uploads\/2021\/12\/WhatsApp-Image-2021-12-29-at-13.47.32-1-e1640797721451.jpeg","_links":{"self":[{"href":"https:\/\/atecordoba.org\/index.php?rest_route=\/wp\/v2\/posts\/29535","targetHints":{"allow":["GET"]}}],"collection":[{"href":"https:\/\/atecordoba.org\/index.php?rest_route=\/wp\/v2\/posts"}],"about":[{"href":"https:\/\/atecordoba.org\/index.php?rest_route=\/wp\/v2\/types\/post"}],"author":[{"embeddable":true,"href":"https:\/\/atecordoba.org\/index.php?rest_route=\/wp\/v2\/users\/7"}],"replies":[{"embeddable":true,"href":"https:\/\/atecordoba.org\/index.php?rest_route=%2Fwp%2Fv2%2Fcomments&post=29535"}],"version-history":[{"count":2,"href":"https:\/\/atecordoba.org\/index.php?rest_route=\/wp\/v2\/posts\/29535\/revisions"}],"predecessor-version":[{"id":29546,"href":"https:\/\/atecordoba.org\/index.php?rest_route=\/wp\/v2\/posts\/29535\/revisions\/29546"}],"wp:featuredmedia":[{"embeddable":true,"href":"https:\/\/atecordoba.org\/index.php?rest_route=\/wp\/v2\/media\/29536"}],"wp:attachment":[{"href":"https:\/\/atecordoba.org\/index.php?rest_route=%2Fwp%2Fv2%2Fmedia&parent=29535"}],"wp:term":[{"taxonomy":"category","embeddable":true,"href":"https:\/\/atecordoba.org\/index.php?rest_route=%2Fwp%2Fv2%2Fcategories&post=29535"},{"taxonomy":"post_tag","embeddable":true,"href":"https:\/\/atecordoba.org\/index.php?rest_route=%2Fwp%2Fv2%2Ftags&post=29535"}],"curies":[{"name":"wp","href":"https:\/\/api.w.org\/{rel}","templated":true}]}}