{"id":29528,"date":"2021-12-29T13:16:20","date_gmt":"2021-12-29T16:16:20","guid":{"rendered":"https:\/\/atecordoba.org\/?p=29528"},"modified":"2021-12-29T14:13:23","modified_gmt":"2021-12-29T17:13:23","slug":"el-gobierno-obliga-al-personal-de-salud-a-incumplir-su-propio-protocolo-covid","status":"publish","type":"post","link":"https:\/\/atecordoba.org\/?p=29528","title":{"rendered":"El gobierno obliga al personal de salud a incumplir su propio protocolo Covid"},"content":{"rendered":"\n<div class=\"wp-block-image\"><figure class=\"aligncenter size-large is-resized\"><img loading=\"lazy\" decoding=\"async\" src=\"https:\/\/atecordoba.org\/wp-content\/uploads\/2021\/12\/colas-hisopados_-prensa-obrera-1024x498.jpg\" alt=\"\" class=\"wp-image-29530\" width=\"768\" height=\"374\" srcset=\"https:\/\/atecordoba.org\/wp-content\/uploads\/2021\/12\/colas-hisopados_-prensa-obrera-1024x498.jpg 1024w, https:\/\/atecordoba.org\/wp-content\/uploads\/2021\/12\/colas-hisopados_-prensa-obrera-300x146.jpg 300w, https:\/\/atecordoba.org\/wp-content\/uploads\/2021\/12\/colas-hisopados_-prensa-obrera-768x373.jpg 768w, https:\/\/atecordoba.org\/wp-content\/uploads\/2021\/12\/colas-hisopados_-prensa-obrera-750x364.jpg 750w, https:\/\/atecordoba.org\/wp-content\/uploads\/2021\/12\/colas-hisopados_-prensa-obrera-1140x554.jpg 1140w, https:\/\/atecordoba.org\/wp-content\/uploads\/2021\/12\/colas-hisopados_-prensa-obrera.jpg 1280w\" sizes=\"auto, (max-width: 768px) 100vw, 768px\" \/><figcaption>Colas para hisoparse en el Polo Sanitario (Prensa Obrera).<\/figcaption><\/figure><\/div>\n\n\n\n<p>En una nota dirigida al Gobernador de C\u00f3rdoba, Juan Schairetti, ATE C\u00f3rdoba denunci\u00f3 que el Ministerio de Salud de la Provincia emplaza a las y los trabajadores que fueron contacto estrecho con un caso positivo a presentarse a trabajar sin cumplir con los d\u00edas de aislamiento que establece el protocolo realizado por el \u00c1rea de de Epidemiolog\u00eda de la cartera sanitaria. <\/p>\n\n\n\n<p>El Ministerio orientado por Diego Cardozo aduce falta de personal para imponer a las y los trabajadores a sufrir un grave riesgo para su propia salud, adem\u00e1s de generar a su vez un grave riesgo a la comunidad que concurre a los centros de salud sin saber si el personal est\u00e1 o no contagiado. <\/p>\n\n\n\n<p>En pleno brote de aumento de casos por la pandemia, donde C\u00f3rdoba rompe r\u00e9cords de contagios en el concierto nacional, todo este cuadro supone una irresponsabilidad que podr\u00eda generar mayores contagios en vez de limitarlos desde el propio Ministerio que debe cuidar la salud de toda la poblaci\u00f3n. <\/p>\n\n\n\n<p>Se trata de un nuevo cap\u00edtulo de maltrato al personal esencial de la provincia &#8220;por ausencia de una pol\u00edtica de Estado de ingreso de nuevo personal de salud&#8221; que otorgue &#8220;buenas condiciones de trabajo&#8221;. Esto fue denunciado por ATE en numerosas ocasiones. <\/p>\n\n\n\n<div class=\"wp-block-image\"><figure class=\"alignleft size-large is-resized\"><img loading=\"lazy\" decoding=\"async\" src=\"https:\/\/atecordoba.org\/wp-content\/uploads\/2021\/12\/giuliani_MICRO.jpg\" alt=\"\" class=\"wp-image-29543\" width=\"576\" height=\"368\" srcset=\"https:\/\/atecordoba.org\/wp-content\/uploads\/2021\/12\/giuliani_MICRO.jpg 768w, https:\/\/atecordoba.org\/wp-content\/uploads\/2021\/12\/giuliani_MICRO-300x192.jpg 300w, https:\/\/atecordoba.org\/wp-content\/uploads\/2021\/12\/giuliani_MICRO-750x479.jpg 750w\" sizes=\"auto, (max-width: 576px) 100vw, 576px\" \/><figcaption>Giuliani envi\u00f3 la misiva a Schiaretti ante el riesgo que sufren las y los trabajadores de salud.<\/figcaption><\/figure><\/div>\n\n\n\n<p>&#8220;No existe raz\u00f3n ni fundamento alguno en el mencionado protocolo para que haya una doble vara de protecci\u00f3n del personal de salud frente al resto de las y los ciudadanos, cuya salud debe estar igualmente protegida&#8221;, dijo esta ma\u00f1ana el secretario General de ATE C\u00f3rdoba Federico Giuliani.<\/p>\n\n\n\n<p>Y agreg\u00f3: &#8220;la ausencia de aislamiento para el personal de salud constituye una pol\u00edtica desigual y atenta contra las condiciones dignas de trabajo que sin perjuicio de la importancia de la labor del personal esencial de la salud a la fecha no se encuentra garantizada, por lo que exigimos igualdad de trato ante iguales condiciones&#8221; <\/p>\n\n\n\n<p>Tras fundamentar en la normativa vigente la obligaci\u00f3n que tiene el Estado de garantizar el derecho a la salud de sus propios trabajadores, como el del resto de la poblaci\u00f3n, ATE solicita, a trav\u00e9s de la nota,  que se respeten y apliquen &#8220;las normas establecidas por la OMS, el COE, y el protocolo creado y publicad&#8221;, a los fines de preservar el derecho constitucional a la salud.<\/p>\n\n\n\n<p>De la misma forma, la SENAF tambi\u00e9n obliga al personal del \u00e1rea a concurrir a pesar de ser contacto estrecho de un familiar Covid positivo, dando cuenta que se trata de una pol\u00edtica general del gobierno de C\u00f3rdoba para sus trabajadores y trabajadoras. <\/p>\n\n\n<a href=\"https:\/\/atecordoba.org\/wp-content\/uploads\/2021\/12\/Nota-Scharetti_protocolo-covid_29-12-2021.pdf\" class=\"pdfemb-viewer\" style=\"\" data-width=\"max\" data-height=\"max\" data-toolbar=\"bottom\" data-toolbar-fixed=\"off\">Nota-Scharetti_protocolo-covid_29-12-2021<\/a>\n<p class=\"wp-block-pdfemb-pdf-embedder-viewer\"><\/p>\n","protected":false},"excerpt":{"rendered":"<p>En una nota dirigida al Gobernador de C\u00f3rdoba, Juan Schairetti, ATE C\u00f3rdoba denunci\u00f3 que el Ministerio de Salud de la Provincia emplaza a las y los trabajadores que fueron contacto estrecho con un caso positivo a presentarse a trabajar sin cumplir con los d\u00edas de aislamiento que establece el protocolo realizado por el \u00c1rea de [&hellip;]<\/p>\n","protected":false},"author":7,"featured_media":29531,"comment_status":"open","ping_status":"open","sticky":false,"template":"","format":"standard","meta":{"_exactmetrics_skip_tracking":false,"_exactmetrics_sitenote_active":false,"_exactmetrics_sitenote_note":"","_exactmetrics_sitenote_category":0,"jnews-multi-image_gallery":[],"jnews_single_post":{"subtitle":"Las y los trabajadores son intimados a presentarse a trabajar a pesar de ser contacto estrecho de un contagio y de no haber completado el periodo de aislamiento. Tambi\u00e9n sucede en la SENAF.","format":"standard","video":"","gallery":"","source_name":"","source_url":"","via_name":"","via_url":"","override":[{"template":"1","single_blog_custom":"","parallax":"1","fullscreen":"1","layout":"right-sidebar","sidebar":"default-sidebar","second_sidebar":"default-sidebar","sticky_sidebar":"1","share_position":"top","share_float_style":"share-monocrhome","show_share_counter":"1","show_view_counter":"1","show_featured":"1","show_post_meta":"1","show_post_author":"1","show_post_author_image":"1","show_post_date":"1","post_date_format":"default","post_date_format_custom":"Y\/m\/d","show_post_category":"1","post_reading_time_wpm":"300","zoom_button_out_step":"2","zoom_button_in_step":"3","show_post_tag":"1","show_prev_next_post":"1","show_popup_post":"1","number_popup_post":"1"}],"image_override":[{"single_post_thumbnail_size":"crop-500","single_post_gallery_size":"crop-500"}],"trending_post_position":"meta","trending_post_label":"Trending","sponsored_post_label":"Sponsored by","sponsored_post_name":"","sponsored_post_url":"","sponsored_post_logo":"","sponsored_post_desc":""},"jnews_primary_category":{"id":""},"jnews_social_meta":[],"jnews_review":[],"enable_review":"","type":"","name":"","summary":"","brand":"","sku":"","good":[],"bad":[],"score_override":"","override_value":"","rating":[],"price":[],"jnews_override_counter":[],"jnews_post_split":[],"footnotes":""},"categories":[8,957],"tags":[995],"class_list":["post-29528","post","type-post","status-publish","format-standard","has-post-thumbnail","hentry","category-provinciales","category-salud","tag-protocolo-covid"],"jetpack_featured_media_url":"https:\/\/atecordoba.org\/wp-content\/uploads\/2021\/12\/personal-medico-cansado-e1640794462757.jpg","_links":{"self":[{"href":"https:\/\/atecordoba.org\/index.php?rest_route=\/wp\/v2\/posts\/29528","targetHints":{"allow":["GET"]}}],"collection":[{"href":"https:\/\/atecordoba.org\/index.php?rest_route=\/wp\/v2\/posts"}],"about":[{"href":"https:\/\/atecordoba.org\/index.php?rest_route=\/wp\/v2\/types\/post"}],"author":[{"embeddable":true,"href":"https:\/\/atecordoba.org\/index.php?rest_route=\/wp\/v2\/users\/7"}],"replies":[{"embeddable":true,"href":"https:\/\/atecordoba.org\/index.php?rest_route=%2Fwp%2Fv2%2Fcomments&post=29528"}],"version-history":[{"count":3,"href":"https:\/\/atecordoba.org\/index.php?rest_route=\/wp\/v2\/posts\/29528\/revisions"}],"predecessor-version":[{"id":29545,"href":"https:\/\/atecordoba.org\/index.php?rest_route=\/wp\/v2\/posts\/29528\/revisions\/29545"}],"wp:featuredmedia":[{"embeddable":true,"href":"https:\/\/atecordoba.org\/index.php?rest_route=\/wp\/v2\/media\/29531"}],"wp:attachment":[{"href":"https:\/\/atecordoba.org\/index.php?rest_route=%2Fwp%2Fv2%2Fmedia&parent=29528"}],"wp:term":[{"taxonomy":"category","embeddable":true,"href":"https:\/\/atecordoba.org\/index.php?rest_route=%2Fwp%2Fv2%2Fcategories&post=29528"},{"taxonomy":"post_tag","embeddable":true,"href":"https:\/\/atecordoba.org\/index.php?rest_route=%2Fwp%2Fv2%2Ftags&post=29528"}],"curies":[{"name":"wp","href":"https:\/\/api.w.org\/{rel}","templated":true}]}}