{"id":29524,"date":"2021-12-29T12:45:18","date_gmt":"2021-12-29T15:45:18","guid":{"rendered":"https:\/\/atecordoba.org\/?p=29524"},"modified":"2021-12-29T12:46:43","modified_gmt":"2021-12-29T15:46:43","slug":"el-pueblo-de-chubut-hizo-historia-y-es-un-ejemplo-para-todo-el-pais","status":"publish","type":"post","link":"https:\/\/atecordoba.org\/?p=29524","title":{"rendered":"&#8220;El pueblo de Chubut hizo historia y es un ejemplo para todo el pa\u00eds&#8221;"},"content":{"rendered":"\n<div class=\"wp-block-image\"><figure class=\"alignright size-large\"><img decoding=\"async\" src=\"https:\/\/atecordoba.org\/wp-content\/uploads\/2021\/12\/claudia-barrionuevo-chubut-CTA.jpg\" alt=\"\" class=\"wp-image-29525\" \/><\/figure><\/div>\n\n\n\n<p>En una entrevista realizada por el programa radial Entre Todos y Todas, que la Secretar\u00eda de prensa de ATE C\u00f3rdoba realiza cada martes en GEN FM 107.5, la Secretaria General Adjunto de la CTA Aut\u00f3noma de la provincia de Chubut, Claudia Barrionuevo, relat\u00f3 los pormenores de la lucha contra la miner\u00eda a cielo abierto que el pueblo chubutense logr\u00f3 vencer, frente al proyecto extrativista del gobernador Mariano Arcioni. <\/p>\n\n\n\n<p>Consultada sobre el estado de \u00e1nimo general en la provincia, Barrionuevo declar\u00f3 que &#8220;despu\u00e9s de 10 d\u00edas de lucha pudimos festejar la derogaci\u00f3n de la ley de zonificaci\u00f3n que avalaba la miner\u00eda ac\u00e1. Hay mucha alegr\u00eda en todo el pueblo&#8221;. <\/p>\n\n\n\n<p>La dirigente explic\u00f3 que la resistencia popular tiene su origen &#8220;en una cultura, casi dos generaciones, que rechaza la miner\u00eda porque crecieron sabiendo lo que significa para el desarrollo del sistema productivo de la provincia y la cuesti\u00f3n ambiental. Por eso no es f\u00e1cil que nos vendan espejitos de colores. Este pueblo no solo es consciente, sino que est\u00e1 educado y por eso se ven muchos pibes y pibas en las manifestaciones junto a los grandes que seguimos firmes ah\u00ed. Fue muy significativa la composici\u00f3n de los actores de la protesta, como el sindicato de la industria de pesquera que hizo un paro en apoyo a las protestas y ayud\u00f3 que algunos intendentes y concejos deliberantes se expresaran en contra de la norma. Es un ejemplo de sectores importantes que ayudaron a que se revierta la situaci\u00f3n&#8221;.<\/p>\n\n\n\n<p>Adem\u00e1s, Barrionuevo explic\u00f3 que Chubut es una provincia &#8220;que tiene industria para dar muchos m\u00e1s puestos de trabajo pero que hoy no est\u00e1n desarrolladas en plenitud, explotando petr\u00f3leo sin que haya una refiner\u00eda en Chubut -es decir que generamos riqueza pero no empleo-, adem\u00e1s est\u00e1 el gas, la industria de la agricultura de fruta fina, el turismo, hay un mont\u00f3n de alternativas. No por nada somos la tercera provincia exportadora del pa\u00eds, no somos una jurisdicci\u00f3n pobre y en consecuencia la miner\u00eda no vendr\u00eda a generar ese cambio que nos quisieron vender&#8221;.<\/p>\n\n\n\n<p><strong>Situaci\u00f3n del pueblo y organizaci\u00f3n<\/strong><\/p>\n\n\n\n<p>La dirigente de la CTA Aut\u00f3noma dio un contexto a la lucha que se llev\u00f3 a cabo. &#8220;Hace tiempo que venimos atravesando una crisis muy dura, los estatales tuvimos que cobrar los sueldo con seis meses de atraso, lo que afect\u00f3 toda la cadena de pagos. Este a\u00f1o se normalizaron los pagos y hubo aumentos aun sin paritaria. Pero falta que se generen puestos de trabajo porque hay mucho desempleo en las ciudades grandes como Trelew, en las barriadas se siente mucho. Hay alternativas de desarrollo, pero no son opciones que el poder pol\u00edtico haya querido tomar, como tampoco desarrollaba trabajo en la meseta donde quiso implantar la miner\u00eda&#8221;.<\/p>\n\n\n\n<div class=\"wp-block-image\"><figure class=\"alignleft size-large is-resized\"><img loading=\"lazy\" decoding=\"async\" src=\"https:\/\/atecordoba.org\/wp-content\/uploads\/2021\/12\/WhatsApp-Image-2021-12-21-at-19.14.42-1024x640.jpeg\" alt=\"\" class=\"wp-image-29526\" width=\"512\" height=\"320\" srcset=\"https:\/\/atecordoba.org\/wp-content\/uploads\/2021\/12\/WhatsApp-Image-2021-12-21-at-19.14.42-1024x640.jpeg 1024w, https:\/\/atecordoba.org\/wp-content\/uploads\/2021\/12\/WhatsApp-Image-2021-12-21-at-19.14.42-300x188.jpeg 300w, https:\/\/atecordoba.org\/wp-content\/uploads\/2021\/12\/WhatsApp-Image-2021-12-21-at-19.14.42-768x480.jpeg 768w, https:\/\/atecordoba.org\/wp-content\/uploads\/2021\/12\/WhatsApp-Image-2021-12-21-at-19.14.42-750x469.jpeg 750w, https:\/\/atecordoba.org\/wp-content\/uploads\/2021\/12\/WhatsApp-Image-2021-12-21-at-19.14.42-1140x713.jpeg 1140w, https:\/\/atecordoba.org\/wp-content\/uploads\/2021\/12\/WhatsApp-Image-2021-12-21-at-19.14.42.jpeg 1280w\" sizes=\"auto, (max-width: 512px) 100vw, 512px\" \/><\/figure><\/div>\n\n\n\n<p>&#8220;Nos fuimos organizando desde las asambleas de cada localidad donde sal\u00edan los mandatos que conflu\u00edan en la asamblea provincial, que luego en una mesa multisectorial con los gremios y las organizaciones pol\u00edticas y sociales nos dimos una estrategia para llevar adelante la resistencia organizadamente en la calle. No ten\u00edamos otra salida, el mismo d\u00eda que aprobaban la ley tambi\u00e9n hab\u00edan aprobado la incorporaci\u00f3n de nuevos jueces al Superior Tribunal, y ya hab\u00edan sacado otra ley d\u00edas antes que regulaba las medidas cautelares en la justicia, de tal manera que no pudi\u00e9ramos hacer ni presentaciones judiciales&#8221;.<\/p>\n\n\n\n<p>&#8220;La calle qued\u00f3 como \u00fanica alternativa, que es lo que sabemos, la \u00fanica que conocemos y la que nos dio la victoria. Tuvimos momentos cr\u00edticos, por muchas horas solo se escuchaban balas y gritos. El pueblo de Chubut hizo historia y es un ejemplo para todo el pa\u00eds&#8221;, concluy\u00f3.<\/p>\n","protected":false},"excerpt":{"rendered":"<p>En una entrevista realizada por el programa radial Entre Todos y Todas, que la Secretar\u00eda de prensa de ATE C\u00f3rdoba realiza cada martes en GEN FM 107.5, la Secretaria General Adjunto de la CTA Aut\u00f3noma de la provincia de Chubut, Claudia Barrionuevo, relat\u00f3 los pormenores de la lucha contra la miner\u00eda a cielo abierto que [&hellip;]<\/p>\n","protected":false},"author":7,"featured_media":29525,"comment_status":"open","ping_status":"open","sticky":false,"template":"","format":"standard","meta":{"_exactmetrics_skip_tracking":false,"_exactmetrics_sitenote_active":false,"_exactmetrics_sitenote_note":"","_exactmetrics_sitenote_category":0,"jnews-multi-image_gallery":[],"jnews_single_post":{"subtitle":"Desde la CTA Aut\u00f3noma chubutense la compa\u00f1era Barrionuevo analiz\u00f3 el proceso de resistencia a la megaminer\u00eda extrativista en la provincia. ","format":"standard","video":"","gallery":"","source_name":"","source_url":"","via_name":"","via_url":"","override":[{"template":"1","single_blog_custom":"","parallax":"1","fullscreen":"1","layout":"right-sidebar","sidebar":"default-sidebar","second_sidebar":"default-sidebar","sticky_sidebar":"1","share_position":"top","share_float_style":"share-monocrhome","show_share_counter":"1","show_view_counter":"1","show_featured":"1","show_post_meta":"1","show_post_author":"1","show_post_author_image":"1","show_post_date":"1","post_date_format":"default","post_date_format_custom":"Y\/m\/d","show_post_category":"1","post_reading_time_wpm":"300","zoom_button_out_step":"2","zoom_button_in_step":"3","show_post_tag":"1","show_prev_next_post":"1","show_popup_post":"1","number_popup_post":"1"}],"image_override":[{"single_post_thumbnail_size":"crop-500","single_post_gallery_size":"crop-500"}],"trending_post_position":"meta","trending_post_label":"Trending","sponsored_post_label":"Sponsored by","sponsored_post_name":"","sponsored_post_url":"","sponsored_post_logo":"","sponsored_post_desc":""},"jnews_primary_category":{"id":""},"jnews_social_meta":[],"jnews_review":[],"enable_review":"","type":"","name":"","summary":"","brand":"","sku":"","good":[],"bad":[],"score_override":"","override_value":"","rating":[],"price":[],"jnews_override_counter":[],"jnews_post_split":[],"footnotes":""},"categories":[10,92],"tags":[985],"class_list":["post-29524","post","type-post","status-publish","format-standard","has-post-thumbnail","hentry","category-accion-politica","category-cta","tag-chubut"],"jetpack_featured_media_url":"https:\/\/atecordoba.org\/wp-content\/uploads\/2021\/12\/claudia-barrionuevo-chubut-CTA-e1640792647941.jpg","_links":{"self":[{"href":"https:\/\/atecordoba.org\/index.php?rest_route=\/wp\/v2\/posts\/29524","targetHints":{"allow":["GET"]}}],"collection":[{"href":"https:\/\/atecordoba.org\/index.php?rest_route=\/wp\/v2\/posts"}],"about":[{"href":"https:\/\/atecordoba.org\/index.php?rest_route=\/wp\/v2\/types\/post"}],"author":[{"embeddable":true,"href":"https:\/\/atecordoba.org\/index.php?rest_route=\/wp\/v2\/users\/7"}],"replies":[{"embeddable":true,"href":"https:\/\/atecordoba.org\/index.php?rest_route=%2Fwp%2Fv2%2Fcomments&post=29524"}],"version-history":[{"count":1,"href":"https:\/\/atecordoba.org\/index.php?rest_route=\/wp\/v2\/posts\/29524\/revisions"}],"predecessor-version":[{"id":29527,"href":"https:\/\/atecordoba.org\/index.php?rest_route=\/wp\/v2\/posts\/29524\/revisions\/29527"}],"wp:featuredmedia":[{"embeddable":true,"href":"https:\/\/atecordoba.org\/index.php?rest_route=\/wp\/v2\/media\/29525"}],"wp:attachment":[{"href":"https:\/\/atecordoba.org\/index.php?rest_route=%2Fwp%2Fv2%2Fmedia&parent=29524"}],"wp:term":[{"taxonomy":"category","embeddable":true,"href":"https:\/\/atecordoba.org\/index.php?rest_route=%2Fwp%2Fv2%2Fcategories&post=29524"},{"taxonomy":"post_tag","embeddable":true,"href":"https:\/\/atecordoba.org\/index.php?rest_route=%2Fwp%2Fv2%2Ftags&post=29524"}],"curies":[{"name":"wp","href":"https:\/\/api.w.org\/{rel}","templated":true}]}}