{"id":29518,"date":"2021-12-28T13:53:59","date_gmt":"2021-12-28T16:53:59","guid":{"rendered":"https:\/\/atecordoba.org\/?p=29518"},"modified":"2021-12-28T13:54:51","modified_gmt":"2021-12-28T16:54:51","slug":"los-desafios-del-sindicalismo-ante-el-nuevo-presidente-de-chile-la-clase-trabajadora-esta-decaida-y-endeudada","status":"publish","type":"post","link":"https:\/\/atecordoba.org\/?p=29518","title":{"rendered":"Los desaf\u00edos del sindicalismo ante el nuevo presidente de Chile: &#8220;la clase trabajadora est\u00e1 deca\u00edda y endeudada&#8221;"},"content":{"rendered":"\n<div class=\"wp-block-image\"><figure class=\"aligncenter size-large is-resized\"><img loading=\"lazy\" decoding=\"async\" src=\"https:\/\/atecordoba.org\/wp-content\/uploads\/2021\/12\/boric-1024x576.jpg\" alt=\"\" class=\"wp-image-29519\" width=\"768\" height=\"432\" srcset=\"https:\/\/atecordoba.org\/wp-content\/uploads\/2021\/12\/boric-1024x576.jpg 1024w, https:\/\/atecordoba.org\/wp-content\/uploads\/2021\/12\/boric-300x169.jpg 300w, https:\/\/atecordoba.org\/wp-content\/uploads\/2021\/12\/boric-768x432.jpg 768w, https:\/\/atecordoba.org\/wp-content\/uploads\/2021\/12\/boric-750x422.jpg 750w, https:\/\/atecordoba.org\/wp-content\/uploads\/2021\/12\/boric-1140x641.jpg 1140w, https:\/\/atecordoba.org\/wp-content\/uploads\/2021\/12\/boric.jpg 1200w\" sizes=\"auto, (max-width: 768px) 100vw, 768px\" \/><figcaption>El nuevo presidente chileno Gabriel Boric asumir\u00e1 en marzo de 2022.<\/figcaption><\/figure><\/div>\n\n\n\n<p>Tras el resultado alentador de las elecciones presidenciales en Chile, donde el pueblo eligi\u00f3 por abrumadora mayor\u00eda al joven Gabriel Boric por sobre el neonazi Jos\u00e9 Antonio Kats, el programa radial Entre Todos y Todas, que la Secretaria de Prensa de ATE C\u00f3rdoba emite cada martes por GEN FM 107.5, entrevist\u00f3 al gremialista estatal Marcelo Ram\u00edrez Andrade, de la Confederaci\u00f3n Nacional de Funcionarios Municipales de Chile&nbsp;(ASEMUCH), para conocer de primera mano la mirada desde el sindicalismo del proceso pol\u00edtico que Boric inaugura en el pa\u00eds trasandino.<\/p>\n\n\n\n<p>&#8220;Son momentos de profunda alegr\u00eda pero tambi\u00e9n de serenidad y renovaci\u00f3n de compromisos&#8221;, comenz\u00f3 el compa\u00f1ero Ram\u00edrez Andrada <\/p>\n\n\n\n<p>&#8220;La campa\u00f1a de Gabriel Boric le devolvi\u00f3 a Chile la esperanza que nos rob\u00f3 un modelo econ\u00f3mico y los gobiernos de corte neoliberal que dejaron a grandes porciones de la poblaci\u00f3n marginadas. Estamos todav\u00eda digiriendo el resultado, en alg\u00fan momento la derecha trat\u00f3 de instalar que iban el resultado iba a ser parejo y que ellos iban a impugnar si la diferencia era menor a cierta cantidad de votos, pero en la pr\u00e1ctica hubo casi un mill\u00f3n de votos de diferencia. As\u00ed que no pudieron. Yo so\u00f1aba con un 54\/46, y era dif\u00edcil, pero se pudo m\u00e1s en realidad&#8221;, evalu\u00f3 el dirigente.<\/p>\n\n\n\n<div class=\"wp-block-image\"><figure class=\"alignright size-large is-resized\"><img loading=\"lazy\" decoding=\"async\" src=\"https:\/\/atecordoba.org\/wp-content\/uploads\/2021\/12\/WhatsApp-Image-2021-12-21-at-18.12.47-1024x640.jpeg\" alt=\"\" class=\"wp-image-29520\" width=\"512\" height=\"320\" srcset=\"https:\/\/atecordoba.org\/wp-content\/uploads\/2021\/12\/WhatsApp-Image-2021-12-21-at-18.12.47-1024x640.jpeg 1024w, https:\/\/atecordoba.org\/wp-content\/uploads\/2021\/12\/WhatsApp-Image-2021-12-21-at-18.12.47-300x188.jpeg 300w, https:\/\/atecordoba.org\/wp-content\/uploads\/2021\/12\/WhatsApp-Image-2021-12-21-at-18.12.47-768x480.jpeg 768w, https:\/\/atecordoba.org\/wp-content\/uploads\/2021\/12\/WhatsApp-Image-2021-12-21-at-18.12.47-750x469.jpeg 750w, https:\/\/atecordoba.org\/wp-content\/uploads\/2021\/12\/WhatsApp-Image-2021-12-21-at-18.12.47-1140x713.jpeg 1140w, https:\/\/atecordoba.org\/wp-content\/uploads\/2021\/12\/WhatsApp-Image-2021-12-21-at-18.12.47.jpeg 1280w\" sizes=\"auto, (max-width: 512px) 100vw, 512px\" \/><figcaption>Entre vista v\u00eda zoom con el dirigente sindical chileno Marcelo Ram\u00edrez Andrade.<\/figcaption><\/figure><\/div>\n\n\n\n<p>Respecto a la situaci\u00f3n de la clase trabajadora chilena, Ram\u00edrez Andrade alert\u00f3 que &#8220;este a\u00f1o tenemos una inflaci\u00f3n del 8 y casi 9 %, que puede parecer poco en relaci\u00f3n al de ustedes, pero ven\u00edamos de \u00edndices del 2 y 3%. Eso nos afecta y no tenemos un pa\u00eds altamente sindicalizado como Argentina. Ac\u00e1 los estatales no tenemos derecho a huelga por la Constituci\u00f3n de Pinochet, aunque paramos igual, tenemos prohibidos los sindicatos. Igual creamos organizaciones que nos representen y hacemos la negociaci\u00f3n por rama m\u00e1s grande de Chile cada a\u00f1o, para fijar un reajuste e incluye desde los ministerios y el \u00e1rea central hasta la salud municipalizada&#8221;.<\/p>\n\n\n\n<p>En t\u00e9rminos generales, el compa\u00f1ero afirm\u00f3 que &#8220;la clase trabajadora est\u00e1 deca\u00edda y sobreendeudada, con problemas serios de acceso a la educaci\u00f3n de calidad para sus hijos y de acceso a la salud para el grupo familiar, con grandes bolsones de pobreza en todas las regiones y con miedo. A esto \u00faltimo apunt\u00f3 el candidato de la ultraderecha, diciendo que iban a perder el trabajo, que los inversores se van a ir, que se va a desatar la delincuencia, que los extranjeros se van a comer el pa\u00eds, exacerbando la violencia verbal y el miedo en toda la poblaci\u00f3n&#8221;.<\/p>\n\n\n\n<p><strong>Reforma Constitucional garantizada<\/strong><\/p>\n\n\n\n<p>Adem\u00e1s, el sindicalista aleg\u00f3 que &#8220;sab\u00edamos que Kats y su sector pol\u00edtico iba a bloquear la Convenci\u00f3n Constituyente, controlando el presupuesto que depende de la Presidencia de la Rep\u00fablica y l\u00f3gicamente iban a ir cortando el agua del financiamiento para desgastar el proceso y jugarse la carta del rechazo en el Plebiscito de salida (con que la poblaci\u00f3n debe votar si aprueba o no la nueva Constituci\u00f3n).&nbsp; Pero Boric ya se reuni\u00f3 con la mesa ejecutiva de la Asamblea Constituyente y dio garant\u00edas de un trabajo coordinado y conjunto porque hay temas que deben estar insertos en la Constituci\u00f3n y que est\u00e1n en el programa de gobierno de Boric. Por ejemplo, que el agua sea un derecho humano y un recurso del Estado, que se garantice el acceso a la educaci\u00f3n y a la salud porque hoy en chile la Constituci\u00f3n garantiza la libre elecci\u00f3n pero no el acceso&#8221;.<\/p>\n\n\n\n<p>&#8220;De esta forma se pueden apalancar las dos instancias: la Asamblea Constituyente y los compromisos electorales asumidos por Boric&#8221;, razon\u00f3.<\/p>\n\n\n\n<div class=\"wp-block-image\"><figure class=\"alignleft size-large is-resized\"><img loading=\"lazy\" decoding=\"async\" src=\"https:\/\/atecordoba.org\/wp-content\/uploads\/2021\/12\/chile.jpeg\" alt=\"\" class=\"wp-image-29521\" width=\"480\" height=\"320\" \/><figcaption>Festejos en Chile.<\/figcaption><\/figure><\/div>\n\n\n\n<p>Ram\u00edrez Andrade denunci\u00f3 que Chile &#8220;ha sido expoliado por los grupos econ\u00f3micos, de la forma m\u00e1s brutal y gigantesca en muchas \u00e1reas. Por ejemplo, el litio o el agua, porque hay vastas zonas de Chile donde la gente no tiene acceso al agua potable y para regad\u00edo y est\u00e1n en permanente situaci\u00f3n de emergencia h\u00eddrica. Por eso creo que la palabra que sintetiza el resultado del domingo es &#8216;esperanza&#8217;: esperanza que se puedan hacer las cosas de manera distinta, de aspirar a un sistema de salud integrado, que nuestros viejos pueden tener pensiones dignas, en que el servicio p\u00fablico puede aportar para la construcci\u00f3n de un pa\u00eds m\u00e1s justo, m\u00e1s solidario e integrado a trav\u00e9s de proveer servicios p\u00fablicos como propulsores y canalizadores de derechos sociales&#8221;.<\/p>\n\n\n\n<p>Adem\u00e1s, anunci\u00f3 que &#8220;para Boric la violaci\u00f3n de DDHH ser\u00e1 condenada m\u00e1s all\u00e1 del pa\u00eds que la comete. El grueso de la poblaci\u00f3n tiene posturas m\u00e1s cercanas a la socialdemocracia que a la izquierda, si se ve el programa de gobierno de Boric es algo realizable y financiable a pesar que hay que hacer cambios tributarios a las empresas para la financiaci\u00f3n del Estado&#8221;.<\/p>\n\n\n\n<p>En ese contexto concluy\u00f3 se\u00f1alando que &#8220;claramente, Boric puso en debate temas como que su gabinete ser\u00e1 equilibrado entre hombres y mujeres; va a integrar gente de las regiones en un pa\u00eds tan centralizado como Chile y el solo hecho que Boric venga de Punta Arenas, casi el fin del mundo, y que traiga gente de su regi\u00f3n es una demostraci\u00f3n de que algo est\u00e1 cambiando en nuestro pa\u00eds&#8221;.<\/p>\n","protected":false},"excerpt":{"rendered":"<p>Tras el resultado alentador de las elecciones presidenciales en Chile, donde el pueblo eligi\u00f3 por abrumadora mayor\u00eda al joven Gabriel Boric por sobre el neonazi Jos\u00e9 Antonio Kats, el programa radial Entre Todos y Todas, que la Secretaria de Prensa de ATE C\u00f3rdoba emite cada martes por GEN FM 107.5, entrevist\u00f3 al gremialista estatal Marcelo [&hellip;]<\/p>\n","protected":false},"author":7,"featured_media":29521,"comment_status":"open","ping_status":"open","sticky":false,"template":"","format":"standard","meta":{"_exactmetrics_skip_tracking":false,"_exactmetrics_sitenote_active":false,"_exactmetrics_sitenote_note":"","_exactmetrics_sitenote_category":0,"jnews-multi-image_gallery":[],"jnews_single_post":{"subtitle":"Entrevista al gremialista estatal Marcelo Ram\u00edrez Andrade, de la Confederaci\u00f3n Nacional de Funcionarios Municipales de Chile. ","format":"standard","video":"","gallery":"","source_name":"","source_url":"","via_name":"","via_url":"","override":[{"template":"1","single_blog_custom":"","parallax":"1","fullscreen":"1","layout":"right-sidebar","sidebar":"default-sidebar","second_sidebar":"default-sidebar","sticky_sidebar":"1","share_position":"top","share_float_style":"share-monocrhome","show_share_counter":"1","show_view_counter":"1","show_featured":"1","show_post_meta":"1","show_post_author":"1","show_post_author_image":"1","show_post_date":"1","post_date_format":"default","post_date_format_custom":"Y\/m\/d","show_post_category":"1","post_reading_time_wpm":"300","zoom_button_out_step":"2","zoom_button_in_step":"3","show_post_tag":"1","show_prev_next_post":"1","show_popup_post":"1","number_popup_post":"1"}],"image_override":[{"single_post_thumbnail_size":"crop-500","single_post_gallery_size":"crop-500"}],"trending_post_position":"meta","trending_post_label":"Trending","sponsored_post_label":"Sponsored by","sponsored_post_name":"","sponsored_post_url":"","sponsored_post_logo":"","sponsored_post_desc":""},"jnews_primary_category":{"id":""},"jnews_social_meta":[],"jnews_review":[],"enable_review":"","type":"","name":"","summary":"","brand":"","sku":"","good":[],"bad":[],"score_override":"","override_value":"","rating":[],"price":[],"jnews_override_counter":[],"jnews_post_split":[],"footnotes":""},"categories":[108],"tags":[994],"class_list":["post-29518","post","type-post","status-publish","format-standard","has-post-thumbnail","hentry","category-internacional","tag-elecciones-chile"],"jetpack_featured_media_url":"https:\/\/atecordoba.org\/wp-content\/uploads\/2021\/12\/chile-e1640710432557.jpeg","_links":{"self":[{"href":"https:\/\/atecordoba.org\/index.php?rest_route=\/wp\/v2\/posts\/29518","targetHints":{"allow":["GET"]}}],"collection":[{"href":"https:\/\/atecordoba.org\/index.php?rest_route=\/wp\/v2\/posts"}],"about":[{"href":"https:\/\/atecordoba.org\/index.php?rest_route=\/wp\/v2\/types\/post"}],"author":[{"embeddable":true,"href":"https:\/\/atecordoba.org\/index.php?rest_route=\/wp\/v2\/users\/7"}],"replies":[{"embeddable":true,"href":"https:\/\/atecordoba.org\/index.php?rest_route=%2Fwp%2Fv2%2Fcomments&post=29518"}],"version-history":[{"count":2,"href":"https:\/\/atecordoba.org\/index.php?rest_route=\/wp\/v2\/posts\/29518\/revisions"}],"predecessor-version":[{"id":29523,"href":"https:\/\/atecordoba.org\/index.php?rest_route=\/wp\/v2\/posts\/29518\/revisions\/29523"}],"wp:featuredmedia":[{"embeddable":true,"href":"https:\/\/atecordoba.org\/index.php?rest_route=\/wp\/v2\/media\/29521"}],"wp:attachment":[{"href":"https:\/\/atecordoba.org\/index.php?rest_route=%2Fwp%2Fv2%2Fmedia&parent=29518"}],"wp:term":[{"taxonomy":"category","embeddable":true,"href":"https:\/\/atecordoba.org\/index.php?rest_route=%2Fwp%2Fv2%2Fcategories&post=29518"},{"taxonomy":"post_tag","embeddable":true,"href":"https:\/\/atecordoba.org\/index.php?rest_route=%2Fwp%2Fv2%2Ftags&post=29518"}],"curies":[{"name":"wp","href":"https:\/\/api.w.org\/{rel}","templated":true}]}}