{"id":29512,"date":"2021-12-27T15:45:37","date_gmt":"2021-12-27T18:45:37","guid":{"rendered":"https:\/\/atecordoba.org\/?p=29512"},"modified":"2021-12-27T15:45:50","modified_gmt":"2021-12-27T18:45:50","slug":"ate-cordoba-exige-el-cese-de-los-despidos-en-la-cnrt","status":"publish","type":"post","link":"https:\/\/atecordoba.org\/?p=29512","title":{"rendered":"ATE C\u00f3rdoba exige el cese de los despidos en la CNRT"},"content":{"rendered":"\n<div class=\"wp-block-image\"><figure class=\"alignleft size-large is-resized\"><img loading=\"lazy\" decoding=\"async\" src=\"https:\/\/atecordoba.org\/wp-content\/uploads\/2021\/12\/27_12_CNRTComp.jpg\" alt=\"\" class=\"wp-image-29513\" width=\"349\" height=\"493\" srcset=\"https:\/\/atecordoba.org\/wp-content\/uploads\/2021\/12\/27_12_CNRTComp.jpg 422w, https:\/\/atecordoba.org\/wp-content\/uploads\/2021\/12\/27_12_CNRTComp-212x300.jpg 212w\" sizes=\"auto, (max-width: 349px) 100vw, 349px\" \/><\/figure><\/div>\n\n\n\n<p>La representaci\u00f3n sindical en el organismo advirti\u00f3 que el delegado responsable de la CNRT en C\u00f3rdoba pretende dar de baja un contrato de manera arbitraria y discriminatoria este 31 de diciembre. Las y los trabajadores se mantienen en alerta.<\/p>\n\n\n\n<p>&#8220;La situaci\u00f3n sanitaria, as\u00ed como la obligaci\u00f3n de hacer cumplir las regulaciones vinculadas al transporte, hacen que al car\u00e1cter autoritario y discriminatorio de la medida que pretende llevar adelante el delegado patronal, se sume el riesgo que implica para el conjunto de la poblaci\u00f3n -que se dispone a viajar en esta y en todas las \u00e9pocas del a\u00f1o- reducir la dotaci\u00f3n de trabajadoras\/es de la Comisi\u00f3n Nacional de Regulaci\u00f3n del Transporte (CNRT) con sede en C\u00f3rdoba&#8221;, manifestaron las y los trabajadores en un folleto que se reparte en el lugar.<\/p>\n\n\n\n<p>&#8220;Seguimos exigiendo estabilidad laboral y Pase a Planta Permanente para que el autoritarismo, las arbitrariedades, la discriminaci\u00f3n y el miedo dejen de ser la forma de disciplinar a las y los trabajadores&#8221;, explicaron desde la representaci\u00f3n de ATE en el organismo responsable, entre otras tareas, de la fiscalizaci\u00f3n de los colectivos que operan desde y hacia la Terminal de C\u00f3rdoba.<\/p>\n\n\n\n<p>&#8220;Exigimos respeto, dignidad y derechos para nosotras y nosotros quienes, finalmente, ejecutamos la garantizaci\u00f3n de derechos para toda la poblaci\u00f3n&#8221;, concluyeron.<\/p>\n","protected":false},"excerpt":{"rendered":"<p>La representaci\u00f3n sindical en el organismo advirti\u00f3 que el delegado responsable de la CNRT en C\u00f3rdoba pretende dar de baja un contrato de manera arbitraria y discriminatoria este 31 de diciembre. Las y los trabajadores se mantienen en alerta. &#8220;La situaci\u00f3n sanitaria, as\u00ed como la obligaci\u00f3n de hacer cumplir las regulaciones vinculadas al transporte, hacen [&hellip;]<\/p>\n","protected":false},"author":6,"featured_media":29515,"comment_status":"open","ping_status":"open","sticky":false,"template":"","format":"standard","meta":{"_exactmetrics_skip_tracking":false,"_exactmetrics_sitenote_active":false,"_exactmetrics_sitenote_note":"","_exactmetrics_sitenote_category":0,"jnews-multi-image_gallery":[],"jnews_single_post":{"subtitle":"La representaci\u00f3n sindical en el organismo advirti\u00f3 que el delegado responsable de la CNRT en C\u00f3rdoba pretende dar de baja un contrato de manera arbitraria y discriminatoria este 31 de diciembre. Las y los trabajadores se mantienen en alerta.","format":"standard","video":"","gallery":"","source_name":"","source_url":"","via_name":"","via_url":"","override":[{"template":"1","single_blog_custom":"","parallax":"1","fullscreen":"1","layout":"right-sidebar","sidebar":"default-sidebar","second_sidebar":"default-sidebar","sticky_sidebar":"1","share_position":"top","share_float_style":"share-monocrhome","show_share_counter":"1","show_view_counter":"1","show_featured":"1","show_post_meta":"1","show_post_author":"1","show_post_author_image":"1","show_post_date":"1","post_date_format":"default","post_date_format_custom":"Y\/m\/d","show_post_category":"1","post_reading_time_wpm":"300","zoom_button_out_step":"2","zoom_button_in_step":"3","show_post_tag":"1","show_prev_next_post":"1","show_popup_post":"1","number_popup_post":"1"}],"image_override":[{"single_post_thumbnail_size":"crop-500","single_post_gallery_size":"crop-500"}],"trending_post_position":"meta","trending_post_label":"Trending","sponsored_post_label":"Sponsored by","sponsored_post_name":"","sponsored_post_url":"","sponsored_post_logo":"","sponsored_post_desc":""},"jnews_primary_category":{"id":""},"jnews_social_meta":[],"jnews_review":[],"enable_review":"","type":"","name":"","summary":"","brand":"","sku":"","good":[],"bad":[],"score_override":"","override_value":"","rating":[],"price":[],"jnews_override_counter":[],"jnews_post_split":[],"footnotes":""},"categories":[341,152,18],"tags":[],"class_list":["post-29512","post","type-post","status-publish","format-standard","has-post-thumbnail","hentry","category-cdp","category-despedidos","category-nacionales"],"jetpack_featured_media_url":"https:\/\/atecordoba.org\/wp-content\/uploads\/2021\/12\/cnrt.jpg","_links":{"self":[{"href":"https:\/\/atecordoba.org\/index.php?rest_route=\/wp\/v2\/posts\/29512","targetHints":{"allow":["GET"]}}],"collection":[{"href":"https:\/\/atecordoba.org\/index.php?rest_route=\/wp\/v2\/posts"}],"about":[{"href":"https:\/\/atecordoba.org\/index.php?rest_route=\/wp\/v2\/types\/post"}],"author":[{"embeddable":true,"href":"https:\/\/atecordoba.org\/index.php?rest_route=\/wp\/v2\/users\/6"}],"replies":[{"embeddable":true,"href":"https:\/\/atecordoba.org\/index.php?rest_route=%2Fwp%2Fv2%2Fcomments&post=29512"}],"version-history":[{"count":1,"href":"https:\/\/atecordoba.org\/index.php?rest_route=\/wp\/v2\/posts\/29512\/revisions"}],"predecessor-version":[{"id":29516,"href":"https:\/\/atecordoba.org\/index.php?rest_route=\/wp\/v2\/posts\/29512\/revisions\/29516"}],"wp:featuredmedia":[{"embeddable":true,"href":"https:\/\/atecordoba.org\/index.php?rest_route=\/wp\/v2\/media\/29515"}],"wp:attachment":[{"href":"https:\/\/atecordoba.org\/index.php?rest_route=%2Fwp%2Fv2%2Fmedia&parent=29512"}],"wp:term":[{"taxonomy":"category","embeddable":true,"href":"https:\/\/atecordoba.org\/index.php?rest_route=%2Fwp%2Fv2%2Fcategories&post=29512"},{"taxonomy":"post_tag","embeddable":true,"href":"https:\/\/atecordoba.org\/index.php?rest_route=%2Fwp%2Fv2%2Ftags&post=29512"}],"curies":[{"name":"wp","href":"https:\/\/api.w.org\/{rel}","templated":true}]}}