{"id":29481,"date":"2021-12-23T10:22:47","date_gmt":"2021-12-23T13:22:47","guid":{"rendered":"https:\/\/atecordoba.org\/?p=29481"},"modified":"2021-12-23T13:52:38","modified_gmt":"2021-12-23T16:52:38","slug":"ministerio-de-la-mujer-quien-cuida-a-quienes-cuidan","status":"publish","type":"post","link":"https:\/\/atecordoba.org\/?p=29481","title":{"rendered":"Ministerio de la Mujer: qui\u00e9n cuida a quienes cuidan"},"content":{"rendered":"\n<div class=\"wp-block-image\"><figure class=\"aligncenter size-large is-resized\"><img loading=\"lazy\" decoding=\"async\" src=\"https:\/\/atecordoba.org\/wp-content\/uploads\/2021\/12\/IMG-20211222-WA0212-1-1024x1024.jpg\" alt=\"\" class=\"wp-image-29482\" width=\"768\" height=\"768\" \/><\/figure><\/div>\n\n\n\n<p>La asamblea de trabajadores y trabajadoras del Ministerio de la Mujer alert\u00f3 ayer sobre el alto n\u00famero de trabajadores y trabajadoras contagiadas por Covid-19.<\/p>\n\n\n\n<p>La respuesta institucional fue ante la existencia de dichos casos consisti\u00f3 en exigir a las y los trabajadores a concurrir con hisopados negativos a sus puestos laborales.<\/p>\n\n\n\n<p>Cabe aclarar que ello implic\u00f3 exponer a las trabajadoras a largas colas de 5 o 6 horas, en presencia de personas con s\u00edntomas o contactos estrechos para acceder a un hisopado, inclusive algunas debieron hacerlo fuera de su horario laboral.<\/p>\n\n\n\n<p>A su vez, a\u00fan en contra de los actuales protocolos de salud, instaron a las trabajadoras a asistir a trabajar aun habiendo sido contacto estrecho de otras que habr\u00edan dado su hisopado positivo.<\/p>\n\n\n\n<p>\u201cMirando de frente a un sistema capitalista y patriarcal que solo funciona y se alimenta de la explotaci\u00f3n, el Ministerio no es la excepci\u00f3n, priorizando la producci\u00f3n en desmedro del riesgo que eso implica para quienes all\u00ed trabajan y asisten. La cadena se corta por el eslab\u00f3n m\u00e1s d\u00e9bil, estos son los costos de la atenci\u00f3n que se brinda a las v\u00edctimas de violencia y a sus trabajadoras en el Ministerio de la Mujer\u201d, denunci\u00f3 la asamblea en un comunicado.<\/p>\n\n\n\n<p>\u201cEntonces, volvemos a preguntarnos \u00bfqui\u00e9n cuida a quienes cuidan?\u201d, se preguntan las trabajadoras del organismo.<\/p>\n\n\n\n<p>En ese contexto, ATE envi\u00f3 una nota dirigida al \u00e1rea de Recursos Humanos del Ministerio solicitando que las y los trabajadores sean notificados de manera fehaciente sobre las medidas protocolares a seguir ante el riesgo de contagios. <\/p>\n\n\n\n<div class=\"wp-block-image\"><figure class=\"aligncenter size-large is-resized\"><img loading=\"lazy\" decoding=\"async\" src=\"https:\/\/atecordoba.org\/wp-content\/uploads\/2021\/12\/ministerio-mujer_nota-ATE-731x1024.jpg\" alt=\"\" class=\"wp-image-29495\" width=\"548\" height=\"768\" srcset=\"https:\/\/atecordoba.org\/wp-content\/uploads\/2021\/12\/ministerio-mujer_nota-ATE-731x1024.jpg 731w, https:\/\/atecordoba.org\/wp-content\/uploads\/2021\/12\/ministerio-mujer_nota-ATE-214x300.jpg 214w, https:\/\/atecordoba.org\/wp-content\/uploads\/2021\/12\/ministerio-mujer_nota-ATE-768x1077.jpg 768w, https:\/\/atecordoba.org\/wp-content\/uploads\/2021\/12\/ministerio-mujer_nota-ATE-360x504.jpg 360w, https:\/\/atecordoba.org\/wp-content\/uploads\/2021\/12\/ministerio-mujer_nota-ATE-750x1051.jpg 750w, https:\/\/atecordoba.org\/wp-content\/uploads\/2021\/12\/ministerio-mujer_nota-ATE.jpg 1023w\" sizes=\"auto, (max-width: 548px) 100vw, 548px\" \/><\/figure><\/div>\n","protected":false},"excerpt":{"rendered":"<p>La asamblea de trabajadores y trabajadoras del Ministerio de la Mujer alert\u00f3 ayer sobre el alto n\u00famero de trabajadores y trabajadoras contagiadas por Covid-19. La respuesta institucional fue ante la existencia de dichos casos consisti\u00f3 en exigir a las y los trabajadores a concurrir con hisopados negativos a sus puestos laborales. Cabe aclarar que ello [&hellip;]<\/p>\n","protected":false},"author":7,"featured_media":29482,"comment_status":"open","ping_status":"open","sticky":false,"template":"","format":"standard","meta":{"_exactmetrics_skip_tracking":false,"_exactmetrics_sitenote_active":false,"_exactmetrics_sitenote_note":"","_exactmetrics_sitenote_category":0,"jnews-multi-image_gallery":[],"jnews_single_post":{"subtitle":"Se multiplican los contagios en el organismo sin que las autoridades atienen a implementar un programa de cuidado de las trabajadoras.","format":"standard","video":"","gallery":"","source_name":"","source_url":"","via_name":"","via_url":"","override":[{"template":"1","single_blog_custom":"","parallax":"1","fullscreen":"1","layout":"right-sidebar","sidebar":"default-sidebar","second_sidebar":"default-sidebar","sticky_sidebar":"1","share_position":"top","share_float_style":"share-monocrhome","show_share_counter":"1","show_view_counter":"1","show_featured":"1","show_post_meta":"1","show_post_author":"1","show_post_author_image":"1","show_post_date":"1","post_date_format":"default","post_date_format_custom":"Y\/m\/d","show_post_category":"1","post_reading_time_wpm":"300","zoom_button_out_step":"2","zoom_button_in_step":"3","show_post_tag":"1","show_prev_next_post":"1","show_popup_post":"1","number_popup_post":"1"}],"image_override":[{"single_post_thumbnail_size":"crop-500","single_post_gallery_size":"crop-500"}],"trending_post_position":"meta","trending_post_label":"Trending","sponsored_post_label":"Sponsored by","sponsored_post_name":"","sponsored_post_url":"","sponsored_post_logo":"","sponsored_post_desc":""},"jnews_primary_category":{"id":""},"jnews_social_meta":[],"jnews_review":[],"enable_review":"","type":"","name":"","summary":"","brand":"","sku":"","good":[],"bad":[],"score_override":"","override_value":"","rating":[],"price":[],"jnews_override_counter":[],"jnews_post_split":[],"footnotes":""},"categories":[8],"tags":[358,763],"class_list":["post-29481","post","type-post","status-publish","format-standard","has-post-thumbnail","hentry","category-provinciales","tag-covid-19","tag-ministerio-de-la-mujer"],"jetpack_featured_media_url":"https:\/\/atecordoba.org\/wp-content\/uploads\/2021\/12\/IMG-20211222-WA0212-1-e1640265757673.jpg","_links":{"self":[{"href":"https:\/\/atecordoba.org\/index.php?rest_route=\/wp\/v2\/posts\/29481","targetHints":{"allow":["GET"]}}],"collection":[{"href":"https:\/\/atecordoba.org\/index.php?rest_route=\/wp\/v2\/posts"}],"about":[{"href":"https:\/\/atecordoba.org\/index.php?rest_route=\/wp\/v2\/types\/post"}],"author":[{"embeddable":true,"href":"https:\/\/atecordoba.org\/index.php?rest_route=\/wp\/v2\/users\/7"}],"replies":[{"embeddable":true,"href":"https:\/\/atecordoba.org\/index.php?rest_route=%2Fwp%2Fv2%2Fcomments&post=29481"}],"version-history":[{"count":2,"href":"https:\/\/atecordoba.org\/index.php?rest_route=\/wp\/v2\/posts\/29481\/revisions"}],"predecessor-version":[{"id":29496,"href":"https:\/\/atecordoba.org\/index.php?rest_route=\/wp\/v2\/posts\/29481\/revisions\/29496"}],"wp:featuredmedia":[{"embeddable":true,"href":"https:\/\/atecordoba.org\/index.php?rest_route=\/wp\/v2\/media\/29482"}],"wp:attachment":[{"href":"https:\/\/atecordoba.org\/index.php?rest_route=%2Fwp%2Fv2%2Fmedia&parent=29481"}],"wp:term":[{"taxonomy":"category","embeddable":true,"href":"https:\/\/atecordoba.org\/index.php?rest_route=%2Fwp%2Fv2%2Fcategories&post=29481"},{"taxonomy":"post_tag","embeddable":true,"href":"https:\/\/atecordoba.org\/index.php?rest_route=%2Fwp%2Fv2%2Ftags&post=29481"}],"curies":[{"name":"wp","href":"https:\/\/api.w.org\/{rel}","templated":true}]}}