{"id":29463,"date":"2021-12-22T16:01:45","date_gmt":"2021-12-22T19:01:45","guid":{"rendered":"https:\/\/atecordoba.org\/?p=29463"},"modified":"2021-12-23T10:25:54","modified_gmt":"2021-12-23T13:25:54","slug":"balance-de-fin-de-ano-para-giuliani-el-movimiento-obrero-debe-apuntar-a-una-agenda-integral-que-incluya-a-los-movimientos-sociales-el-feminismo-el-ambientalismo-y-la-juventud","status":"publish","type":"post","link":"https:\/\/atecordoba.org\/?p=29463","title":{"rendered":"Balance de fin de a\u00f1o: para Giuliani el movimiento obrero debe apuntar a una agenda integral"},"content":{"rendered":"\n<figure class=\"wp-block-embed is-type-video is-provider-youtube wp-block-embed-youtube wp-embed-aspect-16-9 wp-has-aspect-ratio\"><div class=\"wp-block-embed__wrapper\">\n<div class=\"epyt-video-wrapper\"><iframe loading=\"lazy\"  style=\"display: block; margin: 0px auto;\"  id=\"_ytid_56376\"  width=\"480\" height=\"270\"  data-origwidth=\"480\" data-origheight=\"270\" src=\"https:\/\/www.youtube.com\/embed\/O7toIEiSWAk?enablejsapi=1&#038;autoplay=0&#038;cc_load_policy=0&#038;cc_lang_pref=&#038;iv_load_policy=3&#038;loop=0&#038;rel=0&#038;fs=1&#038;playsinline=0&#038;autohide=2&#038;theme=dark&#038;color=red&#038;controls=1&#038;disablekb=0&#038;\" class=\"__youtube_prefs__  epyt-is-override  no-lazyload\" title=\"YouTube player\"  allow=\"fullscreen; accelerometer; autoplay; clipboard-write; encrypted-media; gyroscope; picture-in-picture; web-share\" referrerpolicy=\"strict-origin-when-cross-origin\" allowfullscreen data-no-lazy=\"1\" data-skipgform_ajax_framebjll=\"\"><\/iframe><\/div>\n<\/div><\/figure>\n\n\n\n<p>En una entrevista que concedi\u00f3 al <a href=\"https:\/\/www.facebook.com\/GremiosenRed\/\">portal Gremios en Red<\/a>, el secretario General de ATE C\u00f3rdoba, Federico Giuliani, lanz\u00f3 definiciones sobre la coyuntura que atraviesa la clase trabajadora, tras dos a\u00f1os de pandemia sanitaria y cuatro de pandemia neoliberal macrista. <\/p>\n\n\n\n<p>En la sede del Consejo Directivo Provincial, Giuliani evalu\u00f3 que &#8220;fin de a\u00f1o es una \u00e9poca de balance, de reflexi\u00f3n, uno tiene que caracterizar la realidad. Para los trabajadores y para el pueblo en general es dif\u00edcil por los \u00edndices de pobreza, por la situaci\u00f3n econ\u00f3mica y social, por la desigualdad y la brecha que cada vez se extiende m\u00e1s entre los sectores minoritarios que concentran la riqueza y las mayor\u00edas populares que pelean por tener al menos un plato de comida. La inflaci\u00f3n no se detiene y pulveriza los salarios de quienes los tenemos y expulsa afuera de los m\u00e1rgenes a quienes no lo tienen&#8221;.<\/p>\n\n\n\n<p>En esa l\u00ednea, el dirigente record\u00f3 que &#8220;con esas dificultades,  la pandemia, que no termin\u00f3 ni va a terminar, vino a profundizar y poner en evidencia, en primer lugar, lo que dej\u00f3 la pandemia del macrismo, los cuatro a\u00f1os nefastos de intento de una reforma del Estado. Lo vivimos en carne propia los estatales, con 35 mil despidos en el Estado nacional. Esto no solo significa la cantidad de compa\u00f1eros que perdieron su trabajo sino los derechos para el pueblo que se dejan de cumplir porque no hay trabajadores que los garanticen. A esa pandemia neoliberal se le agregan estos dos a\u00f1os de pandemia sanitaria, donde qued\u00f3 demostrado que las y los trabajadores somos esenciales. Si no hubiera habido trabajadores y trabajadoras cumpliendo su tarea en los hospitales curando, en SENASA custodiando lo que come nuestro pueblo, en el aeropuerto con los vuelos sanitarios, en Anses y Pami pagando pensiones, en los municipios, sin clase trabajadora la pandemia har\u00eda sido mucho m\u00e1s dif\u00edcil&#8221;.<\/p>\n\n\n\n<p>No obstante, Giuliani dijo apunt\u00f3 sobre &#8220;la ausencia del Estado a nivel nacional, provincial y municipal, situaci\u00f3n sorprendente y llamativa porque a pesar de haber terminado con los cuatro a\u00f1os de pandemia neoliberal hay algunas pr\u00e1cticas pol\u00edticas siguen vigentes&#8221;.<\/p>\n\n\n\n<figure class=\"wp-block-gallery columns-3 is-cropped wp-block-gallery-1 is-layout-flex wp-block-gallery-is-layout-flex\"><ul class=\"blocks-gallery-grid\"><li class=\"blocks-gallery-item\"><figure><a href=\"https:\/\/atecordoba.org\/wp-content\/uploads\/2021\/12\/Placa-Gremios-en-Red5.jpg\"><img loading=\"lazy\" decoding=\"async\" width=\"1024\" height=\"1024\" src=\"https:\/\/atecordoba.org\/wp-content\/uploads\/2021\/12\/Placa-Gremios-en-Red5-1024x1024.jpg\" alt=\"\" data-id=\"29468\" data-full-url=\"https:\/\/atecordoba.org\/wp-content\/uploads\/2021\/12\/Placa-Gremios-en-Red5.jpg\" data-link=\"https:\/\/atecordoba.org\/?attachment_id=29468\" class=\"wp-image-29468\" srcset=\"https:\/\/atecordoba.org\/wp-content\/uploads\/2021\/12\/Placa-Gremios-en-Red5-1024x1024.jpg 1024w, https:\/\/atecordoba.org\/wp-content\/uploads\/2021\/12\/Placa-Gremios-en-Red5-300x300.jpg 300w, https:\/\/atecordoba.org\/wp-content\/uploads\/2021\/12\/Placa-Gremios-en-Red5-150x150.jpg 150w, https:\/\/atecordoba.org\/wp-content\/uploads\/2021\/12\/Placa-Gremios-en-Red5-768x768.jpg 768w, https:\/\/atecordoba.org\/wp-content\/uploads\/2021\/12\/Placa-Gremios-en-Red5-560x560.jpg 560w, https:\/\/atecordoba.org\/wp-content\/uploads\/2021\/12\/Placa-Gremios-en-Red5-75x75.jpg 75w, https:\/\/atecordoba.org\/wp-content\/uploads\/2021\/12\/Placa-Gremios-en-Red5-350x350.jpg 350w, https:\/\/atecordoba.org\/wp-content\/uploads\/2021\/12\/Placa-Gremios-en-Red5-750x750.jpg 750w, https:\/\/atecordoba.org\/wp-content\/uploads\/2021\/12\/Placa-Gremios-en-Red5-1140x1140.jpg 1140w, https:\/\/atecordoba.org\/wp-content\/uploads\/2021\/12\/Placa-Gremios-en-Red5.jpg 1498w\" sizes=\"auto, (max-width: 1024px) 100vw, 1024px\" \/><\/a><\/figure><\/li><li class=\"blocks-gallery-item\"><figure><a href=\"https:\/\/atecordoba.org\/wp-content\/uploads\/2021\/12\/Placa-Gremios-en-Red.jpg\"><img loading=\"lazy\" decoding=\"async\" width=\"1024\" height=\"1024\" src=\"https:\/\/atecordoba.org\/wp-content\/uploads\/2021\/12\/Placa-Gremios-en-Red-1024x1024.jpg\" alt=\"\" data-id=\"29469\" data-full-url=\"https:\/\/atecordoba.org\/wp-content\/uploads\/2021\/12\/Placa-Gremios-en-Red.jpg\" data-link=\"https:\/\/atecordoba.org\/?attachment_id=29469\" class=\"wp-image-29469\" srcset=\"https:\/\/atecordoba.org\/wp-content\/uploads\/2021\/12\/Placa-Gremios-en-Red-1024x1024.jpg 1024w, https:\/\/atecordoba.org\/wp-content\/uploads\/2021\/12\/Placa-Gremios-en-Red-300x300.jpg 300w, https:\/\/atecordoba.org\/wp-content\/uploads\/2021\/12\/Placa-Gremios-en-Red-150x150.jpg 150w, https:\/\/atecordoba.org\/wp-content\/uploads\/2021\/12\/Placa-Gremios-en-Red-768x768.jpg 768w, https:\/\/atecordoba.org\/wp-content\/uploads\/2021\/12\/Placa-Gremios-en-Red-560x560.jpg 560w, https:\/\/atecordoba.org\/wp-content\/uploads\/2021\/12\/Placa-Gremios-en-Red-75x75.jpg 75w, https:\/\/atecordoba.org\/wp-content\/uploads\/2021\/12\/Placa-Gremios-en-Red-350x350.jpg 350w, https:\/\/atecordoba.org\/wp-content\/uploads\/2021\/12\/Placa-Gremios-en-Red-750x750.jpg 750w, https:\/\/atecordoba.org\/wp-content\/uploads\/2021\/12\/Placa-Gremios-en-Red-1140x1140.jpg 1140w, https:\/\/atecordoba.org\/wp-content\/uploads\/2021\/12\/Placa-Gremios-en-Red.jpg 1498w\" sizes=\"auto, (max-width: 1024px) 100vw, 1024px\" \/><\/a><\/figure><\/li><li class=\"blocks-gallery-item\"><figure><a href=\"https:\/\/atecordoba.org\/wp-content\/uploads\/2021\/12\/Placa-Gremios-en-Red2.jpg\"><img loading=\"lazy\" decoding=\"async\" width=\"1024\" height=\"1024\" src=\"https:\/\/atecordoba.org\/wp-content\/uploads\/2021\/12\/Placa-Gremios-en-Red2-1024x1024.jpg\" alt=\"\" data-id=\"29470\" data-full-url=\"https:\/\/atecordoba.org\/wp-content\/uploads\/2021\/12\/Placa-Gremios-en-Red2.jpg\" data-link=\"https:\/\/atecordoba.org\/?attachment_id=29470\" class=\"wp-image-29470\" srcset=\"https:\/\/atecordoba.org\/wp-content\/uploads\/2021\/12\/Placa-Gremios-en-Red2-1024x1024.jpg 1024w, https:\/\/atecordoba.org\/wp-content\/uploads\/2021\/12\/Placa-Gremios-en-Red2-300x300.jpg 300w, https:\/\/atecordoba.org\/wp-content\/uploads\/2021\/12\/Placa-Gremios-en-Red2-150x150.jpg 150w, https:\/\/atecordoba.org\/wp-content\/uploads\/2021\/12\/Placa-Gremios-en-Red2-768x768.jpg 768w, https:\/\/atecordoba.org\/wp-content\/uploads\/2021\/12\/Placa-Gremios-en-Red2-560x560.jpg 560w, https:\/\/atecordoba.org\/wp-content\/uploads\/2021\/12\/Placa-Gremios-en-Red2-75x75.jpg 75w, https:\/\/atecordoba.org\/wp-content\/uploads\/2021\/12\/Placa-Gremios-en-Red2-350x350.jpg 350w, https:\/\/atecordoba.org\/wp-content\/uploads\/2021\/12\/Placa-Gremios-en-Red2-750x750.jpg 750w, https:\/\/atecordoba.org\/wp-content\/uploads\/2021\/12\/Placa-Gremios-en-Red2-1140x1140.jpg 1140w, https:\/\/atecordoba.org\/wp-content\/uploads\/2021\/12\/Placa-Gremios-en-Red2.jpg 1498w\" sizes=\"auto, (max-width: 1024px) 100vw, 1024px\" \/><\/a><\/figure><\/li><li class=\"blocks-gallery-item\"><figure><a href=\"https:\/\/atecordoba.org\/wp-content\/uploads\/2021\/12\/Placa-Gremios-en-Red3.jpg\"><img loading=\"lazy\" decoding=\"async\" width=\"1024\" height=\"1024\" src=\"https:\/\/atecordoba.org\/wp-content\/uploads\/2021\/12\/Placa-Gremios-en-Red3-1024x1024.jpg\" alt=\"\" data-id=\"29471\" data-full-url=\"https:\/\/atecordoba.org\/wp-content\/uploads\/2021\/12\/Placa-Gremios-en-Red3.jpg\" data-link=\"https:\/\/atecordoba.org\/?attachment_id=29471\" class=\"wp-image-29471\" srcset=\"https:\/\/atecordoba.org\/wp-content\/uploads\/2021\/12\/Placa-Gremios-en-Red3-1024x1024.jpg 1024w, https:\/\/atecordoba.org\/wp-content\/uploads\/2021\/12\/Placa-Gremios-en-Red3-300x300.jpg 300w, https:\/\/atecordoba.org\/wp-content\/uploads\/2021\/12\/Placa-Gremios-en-Red3-150x150.jpg 150w, https:\/\/atecordoba.org\/wp-content\/uploads\/2021\/12\/Placa-Gremios-en-Red3-768x768.jpg 768w, https:\/\/atecordoba.org\/wp-content\/uploads\/2021\/12\/Placa-Gremios-en-Red3-560x560.jpg 560w, https:\/\/atecordoba.org\/wp-content\/uploads\/2021\/12\/Placa-Gremios-en-Red3-75x75.jpg 75w, https:\/\/atecordoba.org\/wp-content\/uploads\/2021\/12\/Placa-Gremios-en-Red3-350x350.jpg 350w, https:\/\/atecordoba.org\/wp-content\/uploads\/2021\/12\/Placa-Gremios-en-Red3-750x750.jpg 750w, https:\/\/atecordoba.org\/wp-content\/uploads\/2021\/12\/Placa-Gremios-en-Red3-1140x1140.jpg 1140w, https:\/\/atecordoba.org\/wp-content\/uploads\/2021\/12\/Placa-Gremios-en-Red3.jpg 1498w\" sizes=\"auto, (max-width: 1024px) 100vw, 1024px\" \/><\/a><\/figure><\/li><li class=\"blocks-gallery-item\"><figure><a href=\"https:\/\/atecordoba.org\/wp-content\/uploads\/2021\/12\/Placa-Gremios-en-Red4.jpg\"><img loading=\"lazy\" decoding=\"async\" width=\"1024\" height=\"1024\" src=\"https:\/\/atecordoba.org\/wp-content\/uploads\/2021\/12\/Placa-Gremios-en-Red4-1024x1024.jpg\" alt=\"\" data-id=\"29473\" data-full-url=\"https:\/\/atecordoba.org\/wp-content\/uploads\/2021\/12\/Placa-Gremios-en-Red4.jpg\" data-link=\"https:\/\/atecordoba.org\/?attachment_id=29473\" class=\"wp-image-29473\" srcset=\"https:\/\/atecordoba.org\/wp-content\/uploads\/2021\/12\/Placa-Gremios-en-Red4-1024x1024.jpg 1024w, https:\/\/atecordoba.org\/wp-content\/uploads\/2021\/12\/Placa-Gremios-en-Red4-300x300.jpg 300w, https:\/\/atecordoba.org\/wp-content\/uploads\/2021\/12\/Placa-Gremios-en-Red4-150x150.jpg 150w, https:\/\/atecordoba.org\/wp-content\/uploads\/2021\/12\/Placa-Gremios-en-Red4-768x768.jpg 768w, https:\/\/atecordoba.org\/wp-content\/uploads\/2021\/12\/Placa-Gremios-en-Red4-560x560.jpg 560w, https:\/\/atecordoba.org\/wp-content\/uploads\/2021\/12\/Placa-Gremios-en-Red4-75x75.jpg 75w, https:\/\/atecordoba.org\/wp-content\/uploads\/2021\/12\/Placa-Gremios-en-Red4-350x350.jpg 350w, https:\/\/atecordoba.org\/wp-content\/uploads\/2021\/12\/Placa-Gremios-en-Red4-750x750.jpg 750w, https:\/\/atecordoba.org\/wp-content\/uploads\/2021\/12\/Placa-Gremios-en-Red4-1140x1140.jpg 1140w, https:\/\/atecordoba.org\/wp-content\/uploads\/2021\/12\/Placa-Gremios-en-Red4.jpg 1498w\" sizes=\"auto, (max-width: 1024px) 100vw, 1024px\" \/><\/a><\/figure><\/li><\/ul><\/figure>\n\n\n\n<p><strong>Agenda de futuro<\/strong><\/p>\n\n\n\n<p>Seguidamente, Giuliani sostuvo que &#8220;en este fin de a\u00f1o podemos decir que, si bien estamos en una situaci\u00f3n de crisis, no deja de ser una oportunidad para que el movimiento obrero, en conjunto con los movimientos sociales y el movimiento feminista, con la juventud que est\u00e1 en la calle y los movimientos ambientalistas, podamos armar una agenda en com\u00fan&#8221;.<\/p>\n\n\n\n<p>Y alent\u00f3 a unir las luchas desperdigadas que cada d\u00eda se ven en las calles argentinas. &#8220;Hoy claramente la pelea va a quedar chica si solamente damos desde el sindicalismo la pelea por el salario y lo convenios colectivos, donde estamos al frente, m\u00e1s a\u00fan cuando la derecha propone una nueva reforma laboral que cercene derechos conquistados. Hay que ampliar la agenda para incluir el ambiente, la crisis que se vive en las barriadas populares, la agenda de g\u00e9nero porque se viene el tiempo de las mujeres. La agenda tiene que ser integral para que los gremios podamos saltar de lo reivindicativo a la construcci\u00f3n de un programa, recordando que en C\u00f3rdoba se parieron dos grandes programas de la clase obrera argentina como Huerta Grande y La Falda&#8221;.<\/p>\n\n\n\n<p>Y sentenci\u00f3: &#8220;hay que hablar de soberan\u00eda alimentaria y soberan\u00eda de los recursos naturales y soberan\u00eda financiera. No estamos de acuerdo con el pago de la deuda ileg\u00edtima, ilegal y fraudulenta con el FMI, que contrajo Macri y que el gobierno de Alberto Fern\u00e1ndez la est\u00e1 pagando, a c osta del hambre de nuestro pueblo&#8221;.<\/p>\n\n\n\n<figure class=\"wp-block-gallery columns-5 is-cropped wp-block-gallery-2 is-layout-flex wp-block-gallery-is-layout-flex\"><ul class=\"blocks-gallery-grid\"><li class=\"blocks-gallery-item\"><figure><a href=\"https:\/\/atecordoba.org\/wp-content\/uploads\/2021\/12\/Placa-Gremios-en-Red-Hist.jpg\"><img loading=\"lazy\" decoding=\"async\" width=\"576\" height=\"1024\" src=\"https:\/\/atecordoba.org\/wp-content\/uploads\/2021\/12\/Placa-Gremios-en-Red-Hist-576x1024.jpg\" alt=\"\" data-id=\"29472\" data-full-url=\"https:\/\/atecordoba.org\/wp-content\/uploads\/2021\/12\/Placa-Gremios-en-Red-Hist.jpg\" data-link=\"https:\/\/atecordoba.org\/?attachment_id=29472\" class=\"wp-image-29472\" srcset=\"https:\/\/atecordoba.org\/wp-content\/uploads\/2021\/12\/Placa-Gremios-en-Red-Hist-576x1024.jpg 576w, https:\/\/atecordoba.org\/wp-content\/uploads\/2021\/12\/Placa-Gremios-en-Red-Hist-169x300.jpg 169w, https:\/\/atecordoba.org\/wp-content\/uploads\/2021\/12\/Placa-Gremios-en-Red-Hist-768x1365.jpg 768w, https:\/\/atecordoba.org\/wp-content\/uploads\/2021\/12\/Placa-Gremios-en-Red-Hist-864x1536.jpg 864w, https:\/\/atecordoba.org\/wp-content\/uploads\/2021\/12\/Placa-Gremios-en-Red-Hist-750x1333.jpg 750w, https:\/\/atecordoba.org\/wp-content\/uploads\/2021\/12\/Placa-Gremios-en-Red-Hist.jpg 1080w\" sizes=\"auto, (max-width: 576px) 100vw, 576px\" \/><\/a><\/figure><\/li><li class=\"blocks-gallery-item\"><figure><a href=\"https:\/\/atecordoba.org\/wp-content\/uploads\/2021\/12\/Placa-Gremios-en-Red-Hist2.jpg\"><img loading=\"lazy\" decoding=\"async\" width=\"576\" height=\"1024\" src=\"https:\/\/atecordoba.org\/wp-content\/uploads\/2021\/12\/Placa-Gremios-en-Red-Hist2-576x1024.jpg\" alt=\"\" data-id=\"29474\" data-full-url=\"https:\/\/atecordoba.org\/wp-content\/uploads\/2021\/12\/Placa-Gremios-en-Red-Hist2.jpg\" data-link=\"https:\/\/atecordoba.org\/?attachment_id=29474\" class=\"wp-image-29474\" srcset=\"https:\/\/atecordoba.org\/wp-content\/uploads\/2021\/12\/Placa-Gremios-en-Red-Hist2-576x1024.jpg 576w, https:\/\/atecordoba.org\/wp-content\/uploads\/2021\/12\/Placa-Gremios-en-Red-Hist2-169x300.jpg 169w, https:\/\/atecordoba.org\/wp-content\/uploads\/2021\/12\/Placa-Gremios-en-Red-Hist2-768x1365.jpg 768w, https:\/\/atecordoba.org\/wp-content\/uploads\/2021\/12\/Placa-Gremios-en-Red-Hist2-864x1536.jpg 864w, https:\/\/atecordoba.org\/wp-content\/uploads\/2021\/12\/Placa-Gremios-en-Red-Hist2-750x1333.jpg 750w, https:\/\/atecordoba.org\/wp-content\/uploads\/2021\/12\/Placa-Gremios-en-Red-Hist2.jpg 1080w\" sizes=\"auto, (max-width: 576px) 100vw, 576px\" \/><\/a><\/figure><\/li><li class=\"blocks-gallery-item\"><figure><a href=\"https:\/\/atecordoba.org\/wp-content\/uploads\/2021\/12\/Placa-Gremios-en-Red-Hist3.jpg\"><img loading=\"lazy\" decoding=\"async\" width=\"576\" height=\"1024\" src=\"https:\/\/atecordoba.org\/wp-content\/uploads\/2021\/12\/Placa-Gremios-en-Red-Hist3-576x1024.jpg\" alt=\"\" data-id=\"29475\" data-full-url=\"https:\/\/atecordoba.org\/wp-content\/uploads\/2021\/12\/Placa-Gremios-en-Red-Hist3.jpg\" data-link=\"https:\/\/atecordoba.org\/?attachment_id=29475\" class=\"wp-image-29475\" srcset=\"https:\/\/atecordoba.org\/wp-content\/uploads\/2021\/12\/Placa-Gremios-en-Red-Hist3-576x1024.jpg 576w, https:\/\/atecordoba.org\/wp-content\/uploads\/2021\/12\/Placa-Gremios-en-Red-Hist3-169x300.jpg 169w, https:\/\/atecordoba.org\/wp-content\/uploads\/2021\/12\/Placa-Gremios-en-Red-Hist3-768x1365.jpg 768w, https:\/\/atecordoba.org\/wp-content\/uploads\/2021\/12\/Placa-Gremios-en-Red-Hist3-864x1536.jpg 864w, https:\/\/atecordoba.org\/wp-content\/uploads\/2021\/12\/Placa-Gremios-en-Red-Hist3-750x1333.jpg 750w, https:\/\/atecordoba.org\/wp-content\/uploads\/2021\/12\/Placa-Gremios-en-Red-Hist3.jpg 1080w\" sizes=\"auto, (max-width: 576px) 100vw, 576px\" \/><\/a><\/figure><\/li><li class=\"blocks-gallery-item\"><figure><a href=\"https:\/\/atecordoba.org\/wp-content\/uploads\/2021\/12\/Placa-Gremios-en-Red-Hist4.jpg\"><img loading=\"lazy\" decoding=\"async\" width=\"576\" height=\"1024\" src=\"https:\/\/atecordoba.org\/wp-content\/uploads\/2021\/12\/Placa-Gremios-en-Red-Hist4-576x1024.jpg\" alt=\"\" data-id=\"29476\" data-full-url=\"https:\/\/atecordoba.org\/wp-content\/uploads\/2021\/12\/Placa-Gremios-en-Red-Hist4.jpg\" data-link=\"https:\/\/atecordoba.org\/?attachment_id=29476\" class=\"wp-image-29476\" srcset=\"https:\/\/atecordoba.org\/wp-content\/uploads\/2021\/12\/Placa-Gremios-en-Red-Hist4-576x1024.jpg 576w, https:\/\/atecordoba.org\/wp-content\/uploads\/2021\/12\/Placa-Gremios-en-Red-Hist4-169x300.jpg 169w, https:\/\/atecordoba.org\/wp-content\/uploads\/2021\/12\/Placa-Gremios-en-Red-Hist4-768x1365.jpg 768w, https:\/\/atecordoba.org\/wp-content\/uploads\/2021\/12\/Placa-Gremios-en-Red-Hist4-864x1536.jpg 864w, https:\/\/atecordoba.org\/wp-content\/uploads\/2021\/12\/Placa-Gremios-en-Red-Hist4-750x1333.jpg 750w, https:\/\/atecordoba.org\/wp-content\/uploads\/2021\/12\/Placa-Gremios-en-Red-Hist4.jpg 1080w\" sizes=\"auto, (max-width: 576px) 100vw, 576px\" \/><\/a><\/figure><\/li><li class=\"blocks-gallery-item\"><figure><a href=\"https:\/\/atecordoba.org\/wp-content\/uploads\/2021\/12\/Placa-Gremios-en-Red-Hist5.jpg\"><img loading=\"lazy\" decoding=\"async\" width=\"576\" height=\"1024\" src=\"https:\/\/atecordoba.org\/wp-content\/uploads\/2021\/12\/Placa-Gremios-en-Red-Hist5-576x1024.jpg\" alt=\"\" data-id=\"29477\" data-full-url=\"https:\/\/atecordoba.org\/wp-content\/uploads\/2021\/12\/Placa-Gremios-en-Red-Hist5.jpg\" data-link=\"https:\/\/atecordoba.org\/?attachment_id=29477\" class=\"wp-image-29477\" srcset=\"https:\/\/atecordoba.org\/wp-content\/uploads\/2021\/12\/Placa-Gremios-en-Red-Hist5-576x1024.jpg 576w, https:\/\/atecordoba.org\/wp-content\/uploads\/2021\/12\/Placa-Gremios-en-Red-Hist5-169x300.jpg 169w, https:\/\/atecordoba.org\/wp-content\/uploads\/2021\/12\/Placa-Gremios-en-Red-Hist5-768x1365.jpg 768w, https:\/\/atecordoba.org\/wp-content\/uploads\/2021\/12\/Placa-Gremios-en-Red-Hist5-864x1536.jpg 864w, https:\/\/atecordoba.org\/wp-content\/uploads\/2021\/12\/Placa-Gremios-en-Red-Hist5-750x1333.jpg 750w, https:\/\/atecordoba.org\/wp-content\/uploads\/2021\/12\/Placa-Gremios-en-Red-Hist5.jpg 1080w\" sizes=\"auto, (max-width: 576px) 100vw, 576px\" \/><\/a><\/figure><\/li><\/ul><\/figure>\n","protected":false},"excerpt":{"rendered":"<p>En una entrevista que concedi\u00f3 al portal Gremios en Red, el secretario General de ATE C\u00f3rdoba, Federico Giuliani, lanz\u00f3 definiciones sobre la coyuntura que atraviesa la clase trabajadora, tras dos a\u00f1os de pandemia sanitaria y cuatro de pandemia neoliberal macrista. En la sede del Consejo Directivo Provincial, Giuliani evalu\u00f3 que &#8220;fin de a\u00f1o es una [&hellip;]<\/p>\n","protected":false},"author":7,"featured_media":29479,"comment_status":"open","ping_status":"open","sticky":false,"template":"","format":"standard","meta":{"_exactmetrics_skip_tracking":false,"_exactmetrics_sitenote_active":false,"_exactmetrics_sitenote_note":"","_exactmetrics_sitenote_category":0,"jnews-multi-image_gallery":[],"jnews_single_post":{"subtitle":"El secretario General de ATE C\u00f3rdoba dijo que el sindicalismo debe reinventarse tomando las visiones de los movimientos sociales, el feminismo, el ambientalismo y la juventud.","format":"standard","video":"","gallery":"","source_name":"","source_url":"","via_name":"","via_url":"","override":[{"template":"1","single_blog_custom":"","parallax":"1","fullscreen":"1","layout":"right-sidebar","sidebar":"default-sidebar","second_sidebar":"default-sidebar","sticky_sidebar":"1","share_position":"top","share_float_style":"share-monocrhome","show_share_counter":"1","show_view_counter":"1","show_featured":"1","show_post_meta":"1","show_post_author":"1","show_post_author_image":"1","show_post_date":"1","post_date_format":"default","post_date_format_custom":"Y\/m\/d","show_post_category":"1","post_reading_time_wpm":"300","zoom_button_out_step":"2","zoom_button_in_step":"3","show_post_tag":"1","show_prev_next_post":"1","show_popup_post":"1","number_popup_post":"1"}],"image_override":[{"single_post_thumbnail_size":"crop-500","single_post_gallery_size":"crop-500"}],"trending_post_position":"meta","trending_post_label":"Trending","sponsored_post_label":"Sponsored by","sponsored_post_name":"","sponsored_post_url":"","sponsored_post_logo":"","sponsored_post_desc":""},"jnews_primary_category":{"id":""},"jnews_social_meta":[],"jnews_review":[],"enable_review":"","type":"","name":"","summary":"","brand":"","sku":"","good":[],"bad":[],"score_override":"","override_value":"","rating":[],"price":[],"jnews_override_counter":[],"jnews_post_split":[],"footnotes":""},"categories":[10,341],"tags":[992],"class_list":["post-29463","post","type-post","status-publish","format-standard","has-post-thumbnail","hentry","category-accion-politica","category-cdp","tag-balance"],"jetpack_featured_media_url":"https:\/\/atecordoba.org\/wp-content\/uploads\/2021\/12\/GiulianiGremiosRed-80.jpg","_links":{"self":[{"href":"https:\/\/atecordoba.org\/index.php?rest_route=\/wp\/v2\/posts\/29463","targetHints":{"allow":["GET"]}}],"collection":[{"href":"https:\/\/atecordoba.org\/index.php?rest_route=\/wp\/v2\/posts"}],"about":[{"href":"https:\/\/atecordoba.org\/index.php?rest_route=\/wp\/v2\/types\/post"}],"author":[{"embeddable":true,"href":"https:\/\/atecordoba.org\/index.php?rest_route=\/wp\/v2\/users\/7"}],"replies":[{"embeddable":true,"href":"https:\/\/atecordoba.org\/index.php?rest_route=%2Fwp%2Fv2%2Fcomments&post=29463"}],"version-history":[{"count":4,"href":"https:\/\/atecordoba.org\/index.php?rest_route=\/wp\/v2\/posts\/29463\/revisions"}],"predecessor-version":[{"id":29484,"href":"https:\/\/atecordoba.org\/index.php?rest_route=\/wp\/v2\/posts\/29463\/revisions\/29484"}],"wp:featuredmedia":[{"embeddable":true,"href":"https:\/\/atecordoba.org\/index.php?rest_route=\/wp\/v2\/media\/29479"}],"wp:attachment":[{"href":"https:\/\/atecordoba.org\/index.php?rest_route=%2Fwp%2Fv2%2Fmedia&parent=29463"}],"wp:term":[{"taxonomy":"category","embeddable":true,"href":"https:\/\/atecordoba.org\/index.php?rest_route=%2Fwp%2Fv2%2Fcategories&post=29463"},{"taxonomy":"post_tag","embeddable":true,"href":"https:\/\/atecordoba.org\/index.php?rest_route=%2Fwp%2Fv2%2Ftags&post=29463"}],"curies":[{"name":"wp","href":"https:\/\/api.w.org\/{rel}","templated":true}]}}