{"id":29406,"date":"2021-12-20T12:28:37","date_gmt":"2021-12-20T15:28:37","guid":{"rendered":"https:\/\/atecordoba.org\/?p=29406"},"modified":"2021-12-20T12:31:42","modified_gmt":"2021-12-20T15:31:42","slug":"charla-abierta-a-20-anos-del-19-y-20-de-diciembre-seguimos-construyendo-poder-popular-y-exigimos-justicia","status":"publish","type":"post","link":"https:\/\/atecordoba.org\/?p=29406","title":{"rendered":"Charla abierta: a 20 a\u00f1os del 19 y 20 de diciembre"},"content":{"rendered":"\n<div class=\"wp-block-image\"><figure class=\"alignright size-large is-resized\"><img loading=\"lazy\" decoding=\"async\" src=\"https:\/\/atecordoba.org\/wp-content\/uploads\/2021\/12\/268149347_5146546732056092_4232699053826846741_n-1024x1024.png\" alt=\"\" class=\"wp-image-29407\" width=\"512\" height=\"512\" \/><\/figure><\/div>\n\n\n\n<p>Hoy a las 19 bhoras se llevara a cabo en sede de ATE C\u00f3rdoba, con transmisi\u00f3n por redes sociales, una charla que abordar\u00e1 los acontecimientos ocurridos el 19 y 20 de diciembre de 2001, al cumplir hoy dos d\u00e9cadas de aquellos sucesos.<\/p>\n\n\n\n<p>La actividad, promovida por el Departamento de DDHH del Consejo Directivo Provincial y de la CTAA Provincia de C\u00f3rdoba, ser\u00e1 coordinada por Jorge Chalup y contar\u00e1 con la presencia de: <\/p>\n\n\n\n<p>&#8211; Federico Giuliani, Secretario General de ATE C\u00f3rdoba y CTAA Provincia de C\u00f3rdoba<\/p>\n\n\n\n<p>&#8211; Adriana Gentile, Fundaci\u00f3n Mar\u00eda Elba Mart\u00ednez, Abogada de la familia de David Moreno, asesinado por la represi\u00f3n policial el 20\/12\/2001<\/p>\n\n\n\n<p>&#8211; Ariel Mart\u00ednez Mor\u00e1n, familiar de David Moreno<\/p>\n\n\n\n<p>&#8211; Roc\u00edo Sampietro, Secretaria de Articulaci\u00f3n Obrero-Estudiantil de la Federaci\u00f3n Universitaria de C\u00f3rdoba (FUC)<\/p>\n\n\n\n<p>En tal sentido, Chalup explic\u00f3 que &#8220;la charla se da en el marco del aniversario del rechazo al plan econ\u00f3mico del gobierno de la alianza que se produjo en distintas ciudades del pa\u00eds, donde se realizaron grandes movilizaciones. El presidente Fernando De la Rua declara el estado de sitio el 19 de diciembre, las pobladas se intensificaron al d\u00eda siguiente por lo que De la Rua ordena la represi\u00f3n, logrando 39 muertos, cientos de heridos y 4000 detenidos aproximadamente. Esto oblig\u00f3 al Presidente a renunciar y escapar en helic\u00f3ptero, se abri\u00f3 un in\u00e9dito periodo de inestabilidad pol\u00edtica donde llegamos a tener hasta cinco Presidentes, que concluye en el 2003 con la asunci\u00f3n en la presidencia de N\u00e9stor Carlos Kirchner&#8221;.<\/p>\n\n\n\n<p>&#8220;Las puebladas fueron un fuert\u00edsimo repudio a las pol\u00edticas de hambre y entrega del modelo neoliberal, como as\u00ed tambi\u00e9n la defecci\u00f3n de los partidos tradicionales a los dict\u00e1menes y la voluntad del FMI. Dentro de los 39 asesinados, tres son cordobeses: Miguel Ferreira (20 a\u00f1os), Sergio Pedernera (16) y David Moreno (13)&#8221;, avanz\u00f3 el dirigente.<\/p>\n\n\n\n<p>Y concluy\u00f3 se\u00f1alando que &#8220;el objetivo de la charla es recuperar la historia reciente de nuestro pueblo como as\u00ed tambi\u00e9n conocer los antecedentes que llevaron a las puebladas y las consecuencias que tuvieron para nuestro pa\u00eds&#8221;.<\/p>\n","protected":false},"excerpt":{"rendered":"<p>Hoy a las 19 bhoras se llevara a cabo en sede de ATE C\u00f3rdoba, con transmisi\u00f3n por redes sociales, una charla que abordar\u00e1 los acontecimientos ocurridos el 19 y 20 de diciembre de 2001, al cumplir hoy dos d\u00e9cadas de aquellos sucesos. La actividad, promovida por el Departamento de DDHH del Consejo Directivo Provincial y [&hellip;]<\/p>\n","protected":false},"author":7,"featured_media":29407,"comment_status":"open","ping_status":"open","sticky":false,"template":"","format":"standard","meta":{"_exactmetrics_skip_tracking":false,"_exactmetrics_sitenote_active":false,"_exactmetrics_sitenote_note":"","_exactmetrics_sitenote_category":0,"jnews-multi-image_gallery":[],"jnews_single_post":{"subtitle":"La actividad contar\u00e1 con la presencia de la abogada y un familiar de ni\u00f1o David Moreno, asesinado por un polic\u00eda en barrio Arg\u00fcello Norte, durante a la represi\u00f3n que ocurri\u00f3 en aquellas jornadas.","format":"standard","video":"","gallery":"","source_name":"","source_url":"","via_name":"","via_url":"","override":[{"template":"1","single_blog_custom":"","parallax":"1","fullscreen":"1","layout":"right-sidebar","sidebar":"default-sidebar","second_sidebar":"default-sidebar","sticky_sidebar":"1","share_position":"top","share_float_style":"share-monocrhome","show_share_counter":"1","show_view_counter":"1","show_featured":"1","show_post_meta":"1","show_post_author":"1","show_post_author_image":"1","show_post_date":"1","post_date_format":"default","post_date_format_custom":"Y\/m\/d","show_post_category":"1","post_reading_time_wpm":"300","zoom_button_out_step":"2","zoom_button_in_step":"3","show_post_tag":"1","show_prev_next_post":"1","show_popup_post":"1","number_popup_post":"1"}],"image_override":[{"single_post_thumbnail_size":"crop-500","single_post_gallery_size":"crop-500"}],"trending_post_position":"meta","trending_post_label":"Trending","sponsored_post_label":"Sponsored by","sponsored_post_name":"","sponsored_post_url":"","sponsored_post_logo":"","sponsored_post_desc":""},"jnews_primary_category":{"id":""},"jnews_social_meta":[],"jnews_review":[],"enable_review":"","type":"","name":"","summary":"","brand":"","sku":"","good":[],"bad":[],"score_override":"","override_value":"","rating":[],"price":[],"jnews_override_counter":[],"jnews_post_split":[],"footnotes":""},"categories":[10],"tags":[988,507],"class_list":["post-29406","post","type-post","status-publish","format-standard","has-post-thumbnail","hentry","category-accion-politica","tag-19-y-20-de-diciembre","tag-charla-debate"],"jetpack_featured_media_url":"https:\/\/atecordoba.org\/wp-content\/uploads\/2021\/12\/268149347_5146546732056092_4232699053826846741_n-e1640014085441.png","_links":{"self":[{"href":"https:\/\/atecordoba.org\/index.php?rest_route=\/wp\/v2\/posts\/29406","targetHints":{"allow":["GET"]}}],"collection":[{"href":"https:\/\/atecordoba.org\/index.php?rest_route=\/wp\/v2\/posts"}],"about":[{"href":"https:\/\/atecordoba.org\/index.php?rest_route=\/wp\/v2\/types\/post"}],"author":[{"embeddable":true,"href":"https:\/\/atecordoba.org\/index.php?rest_route=\/wp\/v2\/users\/7"}],"replies":[{"embeddable":true,"href":"https:\/\/atecordoba.org\/index.php?rest_route=%2Fwp%2Fv2%2Fcomments&post=29406"}],"version-history":[{"count":2,"href":"https:\/\/atecordoba.org\/index.php?rest_route=\/wp\/v2\/posts\/29406\/revisions"}],"predecessor-version":[{"id":29409,"href":"https:\/\/atecordoba.org\/index.php?rest_route=\/wp\/v2\/posts\/29406\/revisions\/29409"}],"wp:featuredmedia":[{"embeddable":true,"href":"https:\/\/atecordoba.org\/index.php?rest_route=\/wp\/v2\/media\/29407"}],"wp:attachment":[{"href":"https:\/\/atecordoba.org\/index.php?rest_route=%2Fwp%2Fv2%2Fmedia&parent=29406"}],"wp:term":[{"taxonomy":"category","embeddable":true,"href":"https:\/\/atecordoba.org\/index.php?rest_route=%2Fwp%2Fv2%2Fcategories&post=29406"},{"taxonomy":"post_tag","embeddable":true,"href":"https:\/\/atecordoba.org\/index.php?rest_route=%2Fwp%2Fv2%2Ftags&post=29406"}],"curies":[{"name":"wp","href":"https:\/\/api.w.org\/{rel}","templated":true}]}}