{"id":29402,"date":"2021-12-20T11:16:11","date_gmt":"2021-12-20T14:16:11","guid":{"rendered":"https:\/\/atecordoba.org\/?p=29402"},"modified":"2021-12-20T11:16:48","modified_gmt":"2021-12-20T14:16:48","slug":"la-cta-autonoma-protagoniza-su-5-congreso-nacional-extraordinario","status":"publish","type":"post","link":"https:\/\/atecordoba.org\/?p=29402","title":{"rendered":"La CTA Aut\u00f3noma protagoniza su 5\u00b0 Congreso Nacional Extraordinario"},"content":{"rendered":"\n<div class=\"wp-block-image\"><figure class=\"aligncenter size-large\"><img decoding=\"async\" src=\"https:\/\/atecordoba.org\/wp-content\/uploads\/2021\/12\/congreso-CTA-2021.jpeg\" alt=\"\" class=\"wp-image-29403\" \/><\/figure><\/div>\n\n\n\n<p>Ricardo Peidro, Secretario General de la CTA Aut\u00f3noma, celebr\u00f3 la realizaci\u00f3n de este Congreso con una Central en pleno proceso de crecimiento: \u201cDurante la crisis de la pandemia, lejos de haber un retroceso en cuanto organizaci\u00f3n de nuestra central, la participaci\u00f3n de la militancia no solamente se consolid\u00f3, sino que avanz\u00f3 en crecimiento. Eso no se hace por decreto, sino por los compa\u00f1eros que estuvieron al frente en medio de la pandemia en los barrios, en los lugares de trabajo, y tratar de paliar esta situaci\u00f3n de aumento de la pobreza y aumento de la indigencia que son inaceptables\u201d.<\/p>\n\n\n\n<p>Asimismo indic\u00f3 que este Congreso, que sentar\u00e1 las bases para las acciones de cara al 2022, se da en el marco de una \u201cpreocupaci\u00f3n profunda que tenemos es por la pobreza, la indigencia, por el trabajo y por la desocupaci\u00f3n\u201d, y consider\u00f3 que \u201chacen falta decisiones pol\u00edticas y medidas activas por parte del gobierno. Nosotros estamos aqu\u00ed para fortalecer a la clase trabajadora y al poder popular, para que no seamos los trabajadores los que otra vez paguemos la crisis, pero creemos que el Estado debe actuar con decisi\u00f3n, no con un control de precios formal para frenar la inflaci\u00f3n. Es necesario intervenir en la formaci\u00f3n de precios de toda la cadena. Todos los sectores involucrados deben intervenir para que esta medida tenga \u00e9xito. Los sectores econ\u00f3micos tienen capacidad para dinamitar pol\u00edticas, por eso es necesario oponerle un volumen y una acci\u00f3n pol\u00edtica popular\u201d.<\/p>\n\n\n\n<p>Adem\u00e1s de homenajes y discursos de las referencias m\u00e1ximas de la Central, habr\u00e1 un espacio deliberativo en 4 comisiones para debatir la coyuntura actual y realizar aportes desde la clase trabajadora, centrado en el inminente acuerdo con el FMI, la problem\u00e1tica del gatillo f\u00e1cil, los femicidios, el salario universal, la unidad latinoamericana y la soberan\u00eda.<\/p>\n\n\n\n<p>Claudia Baigorria, Secretaria Adjunta de la Central, indic\u00f3: \u201cVolvemos a encontrarnos en este 5 Congreso Extraordinario de la CTA Aut\u00f3noma. Para m\u00ed es fundamental el reencuentro, el abrazo colectivo a 25 a\u00f1os de la creaci\u00f3n de nuestra CTA cuando decidimos romper con el viejo modelo sindical en un contexto de pol\u00edticas neoliberales. Hoy estamos en una etapa de gran crecimiento y fortalecimiento de la Central, como herramienta de la clase para la defensa de los derechos conquistados y para ir por todo lo que nos falta. Pero tambi\u00e9n queremos discutir la soberan\u00eda de nuestros recursos, de nuestros cuerpos, qu\u00e9 se produce, con qu\u00e9 modelo productivo, el trabajo sin precarizaci\u00f3n\u201d.<\/p>\n\n\n\n<p>\u201cTambi\u00e9n queremos decir que en el marco de esta pandemia, las m\u00e1s castigadas hemos sido las mujeres y diversidades, tanto poniendo el cuerpo en hospitales y centros de salud, sino que fuimos quienes sostuvimos comedores y merenderos cuando todo estaba cerrado por la pandemia. Seguimos luchando contra las violencias y el gatillo f\u00e1cil, por eso seguimos luchando por una reforma feminista para castigar a los violentos. Vamos a una refundaci\u00f3n de la Central sostenida en la unidad latinoamericana, sobre los pilares de la libertad y la democracia sindical, y con la certeza de que seguimos en la lucha contra el patriarcado y por eso, vamos tambi\u00e9n hacia la paridad y alternancia \u201d, dijo Baigorria.<\/p>\n\n\n\n<p>Adem\u00e1s de las y los congresales de la Central, habr\u00e1 una fuerte presencia internacional, con la visita de dirigentes de centrales sindicales de Uruguay, Brasil, Chile y Espa\u00f1a, adem\u00e1s de los representantes diplom\u00e1ticos de las embajadas que residen en el pa\u00eds, en tanto que el presidente Alberto Fern\u00e1ndez, y varios funcionarios del \u00e1mbito nacional y provincial, tendr\u00e1n presencia en el acto de apertura.<\/p>\n\n\n\n<p>Hugo \u201cCachorro\u201d Godoy, Secretario Adjunto de la CTA-A, afirm\u00f3 que este Congreso se da en un momento de mucho crecimiento de la Central: \u201cHan sido muchas las organizaciones que se han incorporado desde el 2018 para ac\u00e1, pero ese proceso se ha acelerado el \u00faltimo a\u00f1o, y esto tiene que ver con la capacidad de resistencia y unidad que jug\u00f3 nuestra Central en los a\u00f1os de lucha contra el macrismo, pero tambi\u00e9n con ser un actor importante en este proceso que se abri\u00f3 con la derrota del neoliberalismo en las urnas. Este es un gobierno con coalici\u00f3n, con muchas contradicciones, y los y las trabajadoras tenemos que aportar con propuestas para que el rumbo sea de transformaci\u00f3n emancipadora para nuestra patria, y no simplemente de administraci\u00f3n de la crisis\u201d.<\/p>\n\n\n\n<p>Asimismo destac\u00f3 la pol\u00edtica regional, con la conformaci\u00f3n del RUNASUR, la consolidaci\u00f3n en la CSA, la incorporaci\u00f3n de la FSM: \u201cnuestra a una Central con alto nivel de autonom\u00eda pol\u00edtica, pero una firme estrategia de construcci\u00f3n de unidad del movimiento popular, y de consciencia de que construir un nuevo modelo sindical es el \u00fanico camino posible para que el rol de la clase trabajadora crezca\u201d, indic\u00f3 Godoy y afirm\u00f3 que el Congreso va a consolidar ese crecimiento y sentar las bases de una nueva etapa de cara a las elecciones de la Central en el 2022.<\/p>\n\n\n\n<p>El congreso podr\u00e1 seguirse v\u00eda streaming a trav\u00e9s de&nbsp;<\/p>\n\n\n\n<p><a href=\"https:\/\/www.facebook.com\/ctaautonomanacional\">https:\/\/www.facebook.com\/ctaautonomanacional<\/a>&nbsp;o de&nbsp;<\/p>\n\n\n\n<p><a href=\"https:\/\/www.youtube.com\/user\/actavideos\">https:\/\/www.youtube.com\/user\/actavideos<\/a><\/p>\n","protected":false},"excerpt":{"rendered":"<p>Ricardo Peidro, Secretario General de la CTA Aut\u00f3noma, celebr\u00f3 la realizaci\u00f3n de este Congreso con una Central en pleno proceso de crecimiento: \u201cDurante la crisis de la pandemia, lejos de haber un retroceso en cuanto organizaci\u00f3n de nuestra central, la participaci\u00f3n de la militancia no solamente se consolid\u00f3, sino que avanz\u00f3 en crecimiento. Eso no [&hellip;]<\/p>\n","protected":false},"author":7,"featured_media":29403,"comment_status":"open","ping_status":"open","sticky":false,"template":"","format":"standard","meta":{"_exactmetrics_skip_tracking":false,"_exactmetrics_sitenote_active":false,"_exactmetrics_sitenote_note":"","_exactmetrics_sitenote_category":0,"jnews-multi-image_gallery":[],"jnews_single_post":{"subtitle":"El Congreso Nacional sesiona este s\u00e1bado a 20 a\u00f1os de la rebeli\u00f3n del 19 y 20 de diciembre de 2001, a 30 a\u00f1os del \u201cGrito de Burzaco\u201d y 25 a\u00f1os de la conformaci\u00f3n de la CTA, y tendr\u00e1 lugar a partir de las 9:30 en el Microestadio de Argentinos Juniors, y contar\u00e1 con la presencia de 6.000 congresales de todo el pa\u00eds.","format":"standard","video":"","gallery":"","source_name":"","source_url":"","via_name":"","via_url":"","override":[{"template":"1","single_blog_custom":"","parallax":"1","fullscreen":"1","layout":"right-sidebar","sidebar":"default-sidebar","second_sidebar":"default-sidebar","sticky_sidebar":"1","share_position":"top","share_float_style":"share-monocrhome","show_share_counter":"1","show_view_counter":"1","show_featured":"1","show_post_meta":"1","show_post_author":"1","show_post_author_image":"1","show_post_date":"1","post_date_format":"default","post_date_format_custom":"Y\/m\/d","show_post_category":"1","post_reading_time_wpm":"300","zoom_button_out_step":"2","zoom_button_in_step":"3","show_post_tag":"1","show_prev_next_post":"1","show_popup_post":"1","number_popup_post":"1"}],"image_override":[{"single_post_thumbnail_size":"crop-500","single_post_gallery_size":"crop-500"}],"trending_post_position":"meta","trending_post_label":"Trending","sponsored_post_label":"Sponsored by","sponsored_post_name":"","sponsored_post_url":"","sponsored_post_logo":"","sponsored_post_desc":""},"jnews_primary_category":{"id":""},"jnews_social_meta":[],"jnews_review":[],"enable_review":"","type":"","name":"","summary":"","brand":"","sku":"","good":[],"bad":[],"score_override":"","override_value":"","rating":[],"price":[],"jnews_override_counter":[],"jnews_post_split":[],"footnotes":""},"categories":[92],"tags":[989],"class_list":["post-29402","post","type-post","status-publish","format-standard","has-post-thumbnail","hentry","category-cta","tag-congreso-nacional-cta"],"jetpack_featured_media_url":"https:\/\/atecordoba.org\/wp-content\/uploads\/2021\/12\/congreso-CTA-2021-e1640009755825.jpeg","_links":{"self":[{"href":"https:\/\/atecordoba.org\/index.php?rest_route=\/wp\/v2\/posts\/29402","targetHints":{"allow":["GET"]}}],"collection":[{"href":"https:\/\/atecordoba.org\/index.php?rest_route=\/wp\/v2\/posts"}],"about":[{"href":"https:\/\/atecordoba.org\/index.php?rest_route=\/wp\/v2\/types\/post"}],"author":[{"embeddable":true,"href":"https:\/\/atecordoba.org\/index.php?rest_route=\/wp\/v2\/users\/7"}],"replies":[{"embeddable":true,"href":"https:\/\/atecordoba.org\/index.php?rest_route=%2Fwp%2Fv2%2Fcomments&post=29402"}],"version-history":[{"count":2,"href":"https:\/\/atecordoba.org\/index.php?rest_route=\/wp\/v2\/posts\/29402\/revisions"}],"predecessor-version":[{"id":29405,"href":"https:\/\/atecordoba.org\/index.php?rest_route=\/wp\/v2\/posts\/29402\/revisions\/29405"}],"wp:featuredmedia":[{"embeddable":true,"href":"https:\/\/atecordoba.org\/index.php?rest_route=\/wp\/v2\/media\/29403"}],"wp:attachment":[{"href":"https:\/\/atecordoba.org\/index.php?rest_route=%2Fwp%2Fv2%2Fmedia&parent=29402"}],"wp:term":[{"taxonomy":"category","embeddable":true,"href":"https:\/\/atecordoba.org\/index.php?rest_route=%2Fwp%2Fv2%2Fcategories&post=29402"},{"taxonomy":"post_tag","embeddable":true,"href":"https:\/\/atecordoba.org\/index.php?rest_route=%2Fwp%2Fv2%2Ftags&post=29402"}],"curies":[{"name":"wp","href":"https:\/\/api.w.org\/{rel}","templated":true}]}}