{"id":29399,"date":"2021-12-20T11:10:39","date_gmt":"2021-12-20T14:10:39","guid":{"rendered":"https:\/\/atecordoba.org\/?p=29399"},"modified":"2021-12-21T14:18:51","modified_gmt":"2021-12-21T17:18:51","slug":"20-anos-del-nos-mean-y-la-prensa-dice-que-llueve","status":"publish","type":"post","link":"https:\/\/atecordoba.org\/?p=29399","title":{"rendered":"20 a\u00f1os del \u201cNos mean y la prensa dice que llueve\u201d"},"content":{"rendered":"\n<div class=\"wp-block-image\"><figure class=\"aligncenter size-large is-resized\"><img loading=\"lazy\" decoding=\"async\" src=\"https:\/\/atecordoba.org\/wp-content\/uploads\/2021\/12\/19-y-20-plaza-casa-gobierno.jpg\" alt=\"\" class=\"wp-image-29400\" width=\"768\" height=\"449\" \/><\/figure><\/div>\n\n\n\n<p>\u201cSi se trata de aniversarios de luchas, este tiene un sabor especial. El 19 y 20 de diciembre se cumplen 20 a\u00f1os del \u2018estallido social\u2019 que, si bien refleja una etapa de crisis pol\u00edtica y social, para muchos sectores fue la puerta de entrada a la organizaci\u00f3n popular. Lejos de romantizar la crisis institucional y el descontento popular, el salir a la calle dej\u00f3 sus huellas.<\/p>\n\n\n\n<p>\u201cLos medios hegem\u00f3nicos de comunicaci\u00f3n cubrieron los hechos desde el punto de vista del inter\u00e9s de la clase dominante, obviaron las experiencias de luchas y encubrieron a los responsables pol\u00edticos y empresariales del robo al pueblo. No denunciaron las pol\u00edticas neoliberales, hablaron de las muertes como consecuencia de \u201cla crisis\u201d, callaron la represi\u00f3n policial y cuidaron los intereses empresariales estigmatizando la pobreza y la protesta social.<\/p>\n\n\n\n<p>\u201cAhora bien, la explosi\u00f3n de las cacerolas en plaza de mayo no fue puramente espont\u00e1nea, ya que desde mediados de los a\u00f1os 90 crec\u00eda la organizaci\u00f3n popular con corte de rutas y asambleas. Muchos medios alternativos, comunitarios y populares nacieron al calor de las luchas del 19 y 20 del 2001, y es por eso que debemos repasar un poco de la historia.<\/p>\n\n\n\n<p>\u201cLas dos presidencias de Carlos Menem significaron una bisagra para la construcci\u00f3n de un modelo econ\u00f3mico de pa\u00eds y fueron la continuidad del proyecto pensado por la dictadura. Las pol\u00edticas de los 90 fueron la antesala de lo ocurrido el 19 y 20 de diciembre. La paridad 1 peso \u2013 1 d\u00f3lar permiti\u00f3 a los sectores medios y medios-altos el acceso a viajes al exterior y a un consumo inusitado hasta el momento. La contracara fue que este modelo se sostuvo triplicando el monto de la Deuda Externa.<\/p>\n\n\n\n<p>\u201cMientras tanto, las privatizaciones de las empresas p\u00fablicas implicaron el despido de gran cantidad de trabajadoras y trabajadores, donde el desempleo trep\u00f3 a una cifra del 25 por ciento.<\/p>\n\n\n\n<p>\u201cNuestro pa\u00eds tiene una larga historia de huelgas obreras y levantamientos populares, contra las pol\u00edticas de ajuste. El plan menemista tuvo sus primeras resistencias en la lucha de los colectiveros, en los y las trabajadoras ferroviarios, telef\u00f3nicos, y los y las estatales que protagonizaron los levantamientos de Chubut, Santiago del Estero y Jujuy. A pesar de las luchas y resistencias el ajuste, los despidos y el empobrecimiento se abri\u00f3 paso.<\/p>\n\n\n\n<p>\u201cEl movimiento piquetero arranca en 1996 con el primer Cutralcazo que inaugur\u00f3 la incipiente forma de lucha de los trabajadores y trabajadoras desocupadas, principalmente, de la privatizada YPF.<\/p>\n\n\n\n<p>\u201cEl corte de ruta o piquete es la forma que encontraron los trabajadores y trabajadoras desocupadas para manifestar sus reclamos. Los primeros cortes de ruta se realizaron en Plaza Huincul y Cutral Co, dos de las ciudades petroleras de Neuqu\u00e9n m\u00e1s importantes de nuestro pa\u00eds, as\u00ed como tambi\u00e9n, en Salta los ypefianos y el pueblo de Mosconi.<\/p>\n\n\n\n<p>\u201cDe las luchas surgen las primeras represiones y consigo las p\u00e9rdidas. V\u00edctor Choque, un obrero de la construcci\u00f3n, es asesinado en Tierra del Fuego en el 95 durante una serie de manifestaciones tras una ola de despidos reprimidas por la polic\u00eda provincial. Dos a\u00f1os despu\u00e9s, el 12 de abril de 1997, Teresa Rodr\u00edguez, una empleada dom\u00e9stica que cruzaba el puente que atraviesa la ruta 22 que une Neuqu\u00e9n con R\u00edo Negro para volver a su casa, recibe una bala de la polic\u00eda que reprim\u00eda el corte de ruta y la mata.<\/p>\n\n\n\n<p>\u201cA partir de 1996 aparecen como consecuencia del desempleo, las organizaciones de trabajadores y trabajadoras desocupadas y los cortes de ruta. Reclaman comida y trabajo. En un pa\u00eds hist\u00f3ricamente productor y exportador de comida, el reclamo de comida es la se\u00f1al m\u00e1s perversa de las reglas del mercado que el menemismo instaur\u00f3.<\/p>\n\n\n\n<p>\u201cEl 17 de diciembre de 1999, apenas hab\u00eda asumido el gobierno de la Alianza, se desat\u00f3 una fuerte represi\u00f3n sobre el pueblo correntino, que reclamaba Dignidad sobre el Puente General Belgrano. La represi\u00f3n, ordenada por el entonces ministro del interior Federico Storani, mata a Francisco Escobar de 25 a\u00f1os y Mauro Ojeda de 29, y deja 38 heridos, 18 de ellos con arma de fuego.<\/p>\n\n\n\n<p>\u201cEl reciente electo presidente Fernando de la R\u00faa dijo en un comunicado que ley\u00f3 su vocero: \u201cque haya muertos y heridos es un gran dolor para el pa\u00eds y para el presidente de la Naci\u00f3n\u201d pero enfatiz\u00f3 la necesidad de \u201crestablecer cuanto antes la paz social y el orden legal\u201d.<\/p>\n\n\n\n<p>\u201cEl lunes 15 de febrero de 1999 a las 4 de la ma\u00f1ana un incendio en la subestaci\u00f3n de la empresa EDESUR deja sin luz a aproximadamente 150 mil usuaries. Son 10 los barrios afectados: Balvanera, Almagro, Monserrat, San Nicol\u00e1s (microcentro), San Telmo, San Crist\u00f3bal, Boedo, Parque Patricios, Constituci\u00f3n y Puerto Madero. Se calcula que las p\u00e9rdidas llegaron a 36 millones de pesos diarios. Personal de salud y comerciantes se ven afectades por el apag\u00f3n, pero la empresa EDESUR no se responsabiliza por las p\u00e9rdidas de les comerciantes porque no est\u00e1n contemplades en el contrato de concesi\u00f3n. Por la noche, se registran las primeras protestas de \u201cvecines\u201d en contra de la empresa proveedora de energ\u00eda.<\/p>\n\n\n\n<p>\u201cEl jueves 18 la sensaci\u00f3n t\u00e9rmica llega a los 36\u00ba de temperatura, es el d\u00eda m\u00e1s caluroso del a\u00f1o y a\u00fan se hallan sin luz 55 mil usuaries. Se registran nuevos cortes y varias protestas a lo largo de toda la jornada. Les manifestantes golpean cacerolas y cortan el tr\u00e1nsito. Las altas temperaturas se asemejan a lo que suced\u00eda a nivel pa\u00eds con un pueblo en las calles sin servicios esenciales, sin plata en el bolsillo y cientos de hogares sin comida.<\/p>\n\n\n\n<p>\u201cEl contexto fue haciendo que la derrota inicial de los 90 fuera poco a poco superada. La clase trabajadora fue rompiendo su aislamiento. Primero los levantamientos populares en las provincias. El movimiento estudiantil con su enfrentamiento a las leyes antieducativas en el 95. Luego el movimiento piquetero y, tambi\u00e9n, las luchas agrarias encabezadas por las mujeres junto con el crecimiento de sus encuentros nacionales. Nuevas organizaciones culturales, territoriales de base emerg\u00edan en los barrios. Todo esto va dando la base a nuevas experiencias sociales entre las que se destacan las f\u00e1bricas recuperadas con su esplendor en la experiencia de Zan\u00f3n.<\/p>\n\n\n\n<p>\u201cConc\u00e9ntricamente la protesta social iba de las provincias hacia la capital federal. Todo se fue centralizando durante el 2001 en los paros generales y las jornadas de lucha de 24, 48 y 72hs acordada entre sectores obreros y piqueteros donde se expresaban todos los sectores populares, en lucha contra Cavallo y su d\u00e9ficit cero.<\/p>\n\n\n\n<p>\u201cEl gobierno es abandonado por el capital financiero que no presta m\u00e1s d\u00f3lares y decide poner el corralito a principio de diciembre del 2001. Se redobla la protesta social se van forjando mayores niveles de unidad en la lucha, aunque sin proyecto pol\u00edtico superador.<\/p>\n\n\n\n<p>\u201cLa noche del 19 de diciembre de 2001, intentando contener las movilizaciones y el reclamo popular, el gobierno de Fernando de la R\u00faa decret\u00f3 el estado de sitio. Tantos golpes de Estado en tan corta historia de nuestro pa\u00eds, nos hab\u00eda acostumbrado a que el estado de sitio era sin\u00f3nimo de encierro. Por primera vez y contrariando esta costumbre ese 19 de diciembre de 2001, tras escuchar el anuncio por cadena nacional empezaron a sonar las ollas en los balcones y la gente comenz\u00f3 a salir a las calles en las principales ciudades del pa\u00eds. Ya no era gente, era una pueblada.<\/p>\n\n\n\n<p>\u201cDurante las 48 horas de ese 19 y 20 de diciembre de 2001, se escuchan cacerolas, gritos, corridas y una fuerte represi\u00f3n policial en todo el pa\u00eds. Se escuchan m\u00e1s balas de los 39 asesinatos: 11 en la Provincia de Buenos, 10 en Santa Fe, 7 en la Ciudad de Buenos Aires, 3 en Entre R\u00edos, 3 en C\u00f3rdoba, 2 en Corrientes, 1 en Tucum\u00e1n y 1 en R\u00edo Negro. Se escucha el lamento de los miles de heridos. Se escucha el helic\u00f3ptero: el presidente Fernando De la R\u00faa se escapa de la casa rosada por la puerta de atr\u00e1s, la cobard\u00eda se hace carne. El helic\u00f3ptero se convirti\u00f3 en el s\u00edmbolo de una Argentina que para ese entonces hac\u00eda rato que estaba ac\u00e9fala.<\/p>\n\n\n\n<p>\u201cDe la organizaci\u00f3n y las memorias, del nunca m\u00e1s y las asambleas, los medios comunitarios alternativos y populares hemos decidido nunca olvidar esta fecha y sus responsables. Por esto la RNMA te invita a revivir, de manera colectiva, lo sucedido a 20 a\u00f1os del estallido social. Vamos a repasar una parte de nuestra historia no solo para seguir denunciando, sino para recuperar la lucha y resistencia popular. Durante una semana vamos a estar reproduciendo videos, audios, im\u00e1genes para no olvidar, para no perdonar y para poder seguir construyendo organizaci\u00f3n popular\u201d.<\/p>\n","protected":false},"excerpt":{"rendered":"<p>\u201cSi se trata de aniversarios de luchas, este tiene un sabor especial. El 19 y 20 de diciembre se cumplen 20 a\u00f1os del \u2018estallido social\u2019 que, si bien refleja una etapa de crisis pol\u00edtica y social, para muchos sectores fue la puerta de entrada a la organizaci\u00f3n popular. Lejos de romantizar la crisis institucional y [&hellip;]<\/p>\n","protected":false},"author":7,"featured_media":29400,"comment_status":"open","ping_status":"open","sticky":false,"template":"","format":"standard","meta":{"_exactmetrics_skip_tracking":false,"_exactmetrics_sitenote_active":false,"_exactmetrics_sitenote_note":"","_exactmetrics_sitenote_category":0,"jnews-multi-image_gallery":[],"jnews_single_post":{"subtitle":"La Red Nacional de Medios Alternativos (RNMA) emiti\u00f3 un comunicado en relaci\u00f3n al 19 y 20 de diciembre.","format":"standard","video":"","gallery":"","source_name":"","source_url":"","via_name":"","via_url":"","override":[{"template":"1","single_blog_custom":"","parallax":"1","fullscreen":"1","layout":"right-sidebar","sidebar":"default-sidebar","second_sidebar":"default-sidebar","sticky_sidebar":"1","share_position":"top","share_float_style":"share-monocrhome","show_share_counter":"1","show_view_counter":"1","show_featured":"1","show_post_meta":"1","show_post_author":"1","show_post_author_image":"1","show_post_date":"1","post_date_format":"default","post_date_format_custom":"Y\/m\/d","show_post_category":"1","post_reading_time_wpm":"300","zoom_button_out_step":"2","zoom_button_in_step":"3","show_post_tag":"1","show_prev_next_post":"1","show_popup_post":"1","number_popup_post":"1"}],"image_override":[{"single_post_thumbnail_size":"crop-500","single_post_gallery_size":"crop-500"}],"trending_post_position":"meta","trending_post_label":"Trending","sponsored_post_label":"Sponsored by","sponsored_post_name":"","sponsored_post_url":"","sponsored_post_logo":"","sponsored_post_desc":""},"jnews_primary_category":{"id":""},"jnews_social_meta":[],"jnews_review":[],"enable_review":"","type":"","name":"","summary":"","brand":"","sku":"","good":[],"bad":[],"score_override":"","override_value":"","rating":[],"price":[],"jnews_override_counter":[],"jnews_post_split":[],"footnotes":""},"categories":[10],"tags":[988],"class_list":["post-29399","post","type-post","status-publish","format-standard","has-post-thumbnail","hentry","category-accion-politica","tag-19-y-20-de-diciembre"],"jetpack_featured_media_url":"https:\/\/atecordoba.org\/wp-content\/uploads\/2021\/12\/19-y-20-plaza-casa-gobierno-e1640009423794.jpg","_links":{"self":[{"href":"https:\/\/atecordoba.org\/index.php?rest_route=\/wp\/v2\/posts\/29399","targetHints":{"allow":["GET"]}}],"collection":[{"href":"https:\/\/atecordoba.org\/index.php?rest_route=\/wp\/v2\/posts"}],"about":[{"href":"https:\/\/atecordoba.org\/index.php?rest_route=\/wp\/v2\/types\/post"}],"author":[{"embeddable":true,"href":"https:\/\/atecordoba.org\/index.php?rest_route=\/wp\/v2\/users\/7"}],"replies":[{"embeddable":true,"href":"https:\/\/atecordoba.org\/index.php?rest_route=%2Fwp%2Fv2%2Fcomments&post=29399"}],"version-history":[{"count":1,"href":"https:\/\/atecordoba.org\/index.php?rest_route=\/wp\/v2\/posts\/29399\/revisions"}],"predecessor-version":[{"id":29401,"href":"https:\/\/atecordoba.org\/index.php?rest_route=\/wp\/v2\/posts\/29399\/revisions\/29401"}],"wp:featuredmedia":[{"embeddable":true,"href":"https:\/\/atecordoba.org\/index.php?rest_route=\/wp\/v2\/media\/29400"}],"wp:attachment":[{"href":"https:\/\/atecordoba.org\/index.php?rest_route=%2Fwp%2Fv2%2Fmedia&parent=29399"}],"wp:term":[{"taxonomy":"category","embeddable":true,"href":"https:\/\/atecordoba.org\/index.php?rest_route=%2Fwp%2Fv2%2Fcategories&post=29399"},{"taxonomy":"post_tag","embeddable":true,"href":"https:\/\/atecordoba.org\/index.php?rest_route=%2Fwp%2Fv2%2Ftags&post=29399"}],"curies":[{"name":"wp","href":"https:\/\/api.w.org\/{rel}","templated":true}]}}