{"id":29394,"date":"2021-12-20T11:06:43","date_gmt":"2021-12-20T14:06:43","guid":{"rendered":"https:\/\/atecordoba.org\/?p=29394"},"modified":"2021-12-20T11:07:16","modified_gmt":"2021-12-20T14:07:16","slug":"agradecimiento-al-movimiento-argentino-de-solidaridad-con-cuba","status":"publish","type":"post","link":"https:\/\/atecordoba.org\/?p=29394","title":{"rendered":"Agradecimiento al Movimiento Argentino de Solidaridad con Cuba"},"content":{"rendered":"\n<div class=\"wp-block-image\"><figure class=\"aligncenter size-large is-resized\"><img loading=\"lazy\" decoding=\"async\" src=\"https:\/\/atecordoba.org\/wp-content\/uploads\/2021\/12\/WhatsApp-Image-2021-12-16-at-21.12.42-1024x384.jpeg\" alt=\"\" class=\"wp-image-29395\" width=\"768\" height=\"288\" \/><\/figure><\/div>\n\n\n\n<p>El mi\u00e9rcoles de la semana pasada, en la Embajada de Cuba en Argentina, se desarroll\u00f3 un encuentro con la militancia de las Casas de Solidaridad del MAS Cuba, de los sindicatos, de los movimientos sociales y de los partidos y organizaciones pol\u00edticas en el cual se reconoci\u00f3 la labor del colectivo en la denuncia ante la opini\u00f3n p\u00fablica del bloqueo de los Estados Unidos.<\/p>\n\n\n\n<p>Ricardo Peidro, Secretario General de la CTA Aut\u00f3noma, agradeci\u00f3 en nombre de los compa\u00f1eros y compa\u00f1eras de la Central: \u201cCuba est\u00e1 en nuestros corazones y en cada una de nuestras luchas, es nuestra bandera y es nuestro faro y recibimos este abrazo tanto como abrazamos y agradecemos nosotros a ustedes\u201d.<\/p>\n\n\n\n<div class=\"wp-block-image\"><figure class=\"aligncenter size-large is-resized\"><img loading=\"lazy\" decoding=\"async\" src=\"https:\/\/atecordoba.org\/wp-content\/uploads\/2021\/12\/peidro-1024x576.jpg\" alt=\"\" class=\"wp-image-29396\" width=\"768\" height=\"432\" srcset=\"https:\/\/atecordoba.org\/wp-content\/uploads\/2021\/12\/peidro-1024x576.jpg 1024w, https:\/\/atecordoba.org\/wp-content\/uploads\/2021\/12\/peidro-300x169.jpg 300w, https:\/\/atecordoba.org\/wp-content\/uploads\/2021\/12\/peidro-768x432.jpg 768w, https:\/\/atecordoba.org\/wp-content\/uploads\/2021\/12\/peidro-750x422.jpg 750w, https:\/\/atecordoba.org\/wp-content\/uploads\/2021\/12\/peidro-1140x641.jpg 1140w, https:\/\/atecordoba.org\/wp-content\/uploads\/2021\/12\/peidro.jpg 1536w\" sizes=\"auto, (max-width: 768px) 100vw, 768px\" \/><\/figure><\/div>\n\n\n\n<p>Asimismo, destac\u00f3 que \u201cel movimiento de trabajadores podr\u00e1 tener diferencias, pero no hay ninguna duda cuando hay que salir a la calle para abrazar a Cuba y denunciar el acoso del imperialismo a los movimientos populares de Nuestra Am\u00e9rica\u201d.<\/p>\n\n\n\n<p>Junto con dirigentes de la CTA Aut\u00f3noma, participaron referentes de la CTA de los Trabajadores, de las Casas de la Amistad de Buenos Aires, Avellaneda, Quilmes, Lan\u00fas, Zona Norte y la EFAC. Tambi\u00e9n representantes del Partido Comunista, la Fede, Movimiento Evita, Barrios de Pie, Espacio Puebla, Movemos, Partido de Liberaci\u00f3n y Corriente Peronistas Descamisados.<\/p>\n\n\n\n<p>La embajada cubana destac\u00f3 la labor del movimiento argentino en la donaci\u00f3n de jeringas, cuando luego de haber logrado un desarrollo soberano de vacuna contra el Covid 19, el bloqueo imped\u00eda el acceso a dichos insumos vitales.<\/p>\n\n\n\n<div class=\"wp-block-image\"><figure class=\"aligncenter size-large is-resized\"><img loading=\"lazy\" decoding=\"async\" src=\"https:\/\/atecordoba.org\/wp-content\/uploads\/2021\/12\/otra-1024x576.jpg\" alt=\"\" class=\"wp-image-29397\" width=\"768\" height=\"432\" srcset=\"https:\/\/atecordoba.org\/wp-content\/uploads\/2021\/12\/otra-1024x576.jpg 1024w, https:\/\/atecordoba.org\/wp-content\/uploads\/2021\/12\/otra-300x169.jpg 300w, https:\/\/atecordoba.org\/wp-content\/uploads\/2021\/12\/otra-768x432.jpg 768w, https:\/\/atecordoba.org\/wp-content\/uploads\/2021\/12\/otra-750x422.jpg 750w, https:\/\/atecordoba.org\/wp-content\/uploads\/2021\/12\/otra-1140x641.jpg 1140w, https:\/\/atecordoba.org\/wp-content\/uploads\/2021\/12\/otra.jpg 1536w\" sizes=\"auto, (max-width: 768px) 100vw, 768px\" \/><\/figure><\/div>\n\n\n\n<p>Fue Dagmara Calzada, la encargada de Negocios de la Embajada de Cuba, quien dio un emotivo discurso como cierre al encuentro: \u00abNo nos alcanzar\u00eda una jornada para hablar de las actividades y de la presencia de la solidaridad argentina con Cuba, esa que nos hace latir los corazones cuando miles de voces se congregan frente a nuestra sede diplom\u00e1tica para con gritos de Viva Cuba y v\u00edtores alusivos a nuestras luchas nos enaltecen frente al odio de quienes nos adversan y no cesan en campa\u00f1as medi\u00e1ticas fallidas\u00bb.<\/p>\n","protected":false},"excerpt":{"rendered":"<p>El mi\u00e9rcoles de la semana pasada, en la Embajada de Cuba en Argentina, se desarroll\u00f3 un encuentro con la militancia de las Casas de Solidaridad del MAS Cuba, de los sindicatos, de los movimientos sociales y de los partidos y organizaciones pol\u00edticas en el cual se reconoci\u00f3 la labor del colectivo en la denuncia ante [&hellip;]<\/p>\n","protected":false},"author":7,"featured_media":29395,"comment_status":"open","ping_status":"open","sticky":false,"template":"","format":"standard","meta":{"_exactmetrics_skip_tracking":false,"_exactmetrics_sitenote_active":false,"_exactmetrics_sitenote_note":"","_exactmetrics_sitenote_category":0,"jnews-multi-image_gallery":[],"jnews_single_post":{"subtitle":"La Embajada cubana reconoci\u00f3 a las organizaciones que forman parte del Movimiento Argentino de Solidaridad con Cuba por el apoyo en contra del bloqueo genocida de los Estados Unidos, recrudecido en el marco de la pandemia con 240 medidas adicionales. Ricardo Peidro, Secretario General de la CTA Aut\u00f3noma, fue parte de este encuentro.","format":"standard","video":"","gallery":"","source_name":"","source_url":"","via_name":"","via_url":"","override":[{"template":"1","single_blog_custom":"","parallax":"1","fullscreen":"1","layout":"right-sidebar","sidebar":"default-sidebar","second_sidebar":"default-sidebar","sticky_sidebar":"1","share_position":"top","share_float_style":"share-monocrhome","show_share_counter":"1","show_view_counter":"1","show_featured":"1","show_post_meta":"1","show_post_author":"1","show_post_author_image":"1","show_post_date":"1","post_date_format":"default","post_date_format_custom":"Y\/m\/d","show_post_category":"1","post_reading_time_wpm":"300","zoom_button_out_step":"2","zoom_button_in_step":"3","show_post_tag":"1","show_prev_next_post":"1","show_popup_post":"1","number_popup_post":"1"}],"image_override":[{"single_post_thumbnail_size":"crop-500","single_post_gallery_size":"crop-500"}],"trending_post_position":"meta","trending_post_label":"Trending","sponsored_post_label":"Sponsored by","sponsored_post_name":"","sponsored_post_url":"","sponsored_post_logo":"","sponsored_post_desc":""},"jnews_primary_category":{"id":""},"jnews_social_meta":[],"jnews_review":[],"enable_review":"","type":"","name":"","summary":"","brand":"","sku":"","good":[],"bad":[],"score_override":"","override_value":"","rating":[],"price":[],"jnews_override_counter":[],"jnews_post_split":[],"footnotes":""},"categories":[10],"tags":[806],"class_list":["post-29394","post","type-post","status-publish","format-standard","has-post-thumbnail","hentry","category-accion-politica","tag-solidaridad-con-cuba"],"jetpack_featured_media_url":"https:\/\/atecordoba.org\/wp-content\/uploads\/2021\/12\/WhatsApp-Image-2021-12-16-at-21.12.42-e1640009195324.jpeg","_links":{"self":[{"href":"https:\/\/atecordoba.org\/index.php?rest_route=\/wp\/v2\/posts\/29394","targetHints":{"allow":["GET"]}}],"collection":[{"href":"https:\/\/atecordoba.org\/index.php?rest_route=\/wp\/v2\/posts"}],"about":[{"href":"https:\/\/atecordoba.org\/index.php?rest_route=\/wp\/v2\/types\/post"}],"author":[{"embeddable":true,"href":"https:\/\/atecordoba.org\/index.php?rest_route=\/wp\/v2\/users\/7"}],"replies":[{"embeddable":true,"href":"https:\/\/atecordoba.org\/index.php?rest_route=%2Fwp%2Fv2%2Fcomments&post=29394"}],"version-history":[{"count":1,"href":"https:\/\/atecordoba.org\/index.php?rest_route=\/wp\/v2\/posts\/29394\/revisions"}],"predecessor-version":[{"id":29398,"href":"https:\/\/atecordoba.org\/index.php?rest_route=\/wp\/v2\/posts\/29394\/revisions\/29398"}],"wp:featuredmedia":[{"embeddable":true,"href":"https:\/\/atecordoba.org\/index.php?rest_route=\/wp\/v2\/media\/29395"}],"wp:attachment":[{"href":"https:\/\/atecordoba.org\/index.php?rest_route=%2Fwp%2Fv2%2Fmedia&parent=29394"}],"wp:term":[{"taxonomy":"category","embeddable":true,"href":"https:\/\/atecordoba.org\/index.php?rest_route=%2Fwp%2Fv2%2Fcategories&post=29394"},{"taxonomy":"post_tag","embeddable":true,"href":"https:\/\/atecordoba.org\/index.php?rest_route=%2Fwp%2Fv2%2Ftags&post=29394"}],"curies":[{"name":"wp","href":"https:\/\/api.w.org\/{rel}","templated":true}]}}